{"id":344034,"date":"2025-08-26T00:42:25","date_gmt":"2025-08-26T00:42:25","guid":{"rendered":"https:\/\/www.europesays.com\/fr\/344034\/"},"modified":"2025-08-26T00:42:25","modified_gmt":"2025-08-26T00:42:25","slug":"toulon-recrute-un-milieu-de-terrain-off","status":"publish","type":"post","link":"https:\/\/www.europesays.com\/fr\/344034\/","title":{"rendered":"Toulon recrute un milieu de terrain (off)"},"content":{"rendered":"<p>Zapping Foot National Les Petits Princes du Rocher, immersion dans le Groupe \u00c9lite de l\u2019AS Monaco !<\/p>\n<p>La saison 2025-2026 du championnat de National 2 a bien d\u00e9marr\u00e9 pour le Sporting Club Toulon. Lors de la deuxi\u00e8me journ\u00e9e, le club varois a sign\u00e9 sa premi\u00e8re victoire contre le Racing Club de Grasse (2-0). Deux jours apr\u00e8s ce succ\u00e8s, l&rsquo;\u00e9quipe a officialis\u00e9 un renfort de choix au milieu de terrain, avec la signature de Danny Fofana, qui arrive en provenance du club belge de Dender.<\/p>\n<\/p>\n<p><strong>Prochain match contre Cr\u00e9teil<\/strong><\/p>\n<p>Forts de cette victoire et de l&rsquo;arriv\u00e9e de leur nouvelle recrue, les Toulonnais pr\u00e9parent leur prochaine \u00e9ch\u00e9ance. Ils se d\u00e9placeront le samedi 30 ao\u00fbt \u00e0 18h sur la pelouse du Stade Dominique Duvauchelle pour y d\u00e9fier l&rsquo;US Cr\u00e9teil Lusitanos \u00e0 l&rsquo;occasion de la trois!\u00e8me journ\u00e9e. Un rendez-vous qui s&rsquo;annonce crucial pour les deux \u00e9quipes. Une rencontre qui sera, bien \u00e9videmment, \u00e0 suivre <a href=\"https:\/\/www.foot-national.com\/data\/live-foot.html\" rel=\"nofollow noopener\" target=\"_blank\">en direct<\/a> sur Foot-National.<\/p>\n<p>Partagez cette info avec vos amis et vos proches en cliquant ici<br \/>Pour r\u00e9sumer<\/p>\n<p>Le Sporting Club Toulon a officialis\u00e9 une recrue de choix. Deux jours apr\u00e8s sa premi\u00e8re victoire de la saison contre Grasse (2-0), le club a annonc\u00e9 l&rsquo;arriv\u00e9e de Danny Fofana, milieu de terrain en provenance de Dender en Belgique.<\/p>\n<p> <img decoding=\"async\" width=\"76\" height=\"76\" loading=\"lazy\" src=\"https:\/\/static.wui.fr\/images_v3\/avatar-footnational.png\" alt=\"Aris Djennadi\"\/><\/p>\n","protected":false},"excerpt":{"rendered":"Zapping Foot National Les Petits Princes du Rocher, immersion dans le Groupe \u00c9lite de l\u2019AS Monaco ! La&hellip;\n","protected":false},"author":2,"featured_media":344035,"comment_status":"","ping_status":"","sticky":false,"template":"","format":"standard","meta":{"footnotes":""},"categories":[9619],"tags":[1111,11,1777,674,1011,27,12,882,25,2310],"class_list":{"0":"post-344034","1":"post","2":"type-post","3":"status-publish","4":"format-standard","5":"has-post-thumbnail","7":"category-toulon","8":"tag-actu","9":"tag-actualites","10":"tag-eu","11":"tag-europe","12":"tag-fr","13":"tag-france","14":"tag-news","15":"tag-provence-alpes-cote-dazur","16":"tag-republique-francaise","17":"tag-toulon"},"share_on_mastodon":{"url":"https:\/\/pubeurope.com\/@fr\/115092294443435317","error":""},"_links":{"self":[{"href":"https:\/\/www.europesays.com\/fr\/wp-json\/wp\/v2\/posts\/344034","targetHints":{"allow":["GET"]}}],"collection":[{"href":"https:\/\/www.europesays.com\/fr\/wp-json\/wp\/v2\/posts"}],"about":[{"href":"https:\/\/www.europesays.com\/fr\/wp-json\/wp\/v2\/types\/post"}],"author":[{"embeddable":true,"href":"https:\/\/www.europesays.com\/fr\/wp-json\/wp\/v2\/users\/2"}],"replies":[{"embeddable":true,"href":"https:\/\/www.europesays.com\/fr\/wp-json\/wp\/v2\/comments?post=344034"}],"version-history":[{"count":0,"href":"https:\/\/www.europesays.com\/fr\/wp-json\/wp\/v2\/posts\/344034\/revisions"}],"wp:featuredmedia":[{"embeddable":true,"href":"https:\/\/www.europesays.com\/fr\/wp-json\/wp\/v2\/media\/344035"}],"wp:attachment":[{"href":"https:\/\/www.europesays.com\/fr\/wp-json\/wp\/v2\/media?parent=344034"}],"wp:term":[{"taxonomy":"category","embeddable":true,"href":"https:\/\/www.europesays.com\/fr\/wp-json\/wp\/v2\/categories?post=344034"},{"taxonomy":"post_tag","embeddable":true,"href":"https:\/\/www.europesays.com\/fr\/wp-json\/wp\/v2\/tags?post=344034"}],"curies":[{"name":"wp","href":"https:\/\/api.w.org\/{rel}","templated":true}]}}