{"id":344038,"date":"2025-08-26T00:44:14","date_gmt":"2025-08-26T00:44:14","guid":{"rendered":"https:\/\/www.europesays.com\/fr\/344038\/"},"modified":"2025-08-26T00:44:14","modified_gmt":"2025-08-26T00:44:14","slug":"patrick-rey-est-mort-le-pionnier-du-coeur-carmat-greffe-au-chu-de-montpellier-sest-eteint","status":"publish","type":"post","link":"https:\/\/www.europesays.com\/fr\/344038\/","title":{"rendered":"Patrick Rey est mort\u00a0: le pionnier du c\u0153ur Carmat, greff\u00e9 au CHU de Montpellier, s\u2019est \u00e9teint"},"content":{"rendered":"<p>\n                                                                Patrick Rey est mort. Le Biterrois greff\u00e9 d\u2019un c\u0153ur Carmat au CHU de Montpellier, s\u2019est \u00e9teint, a annonc\u00e9 sa famille \u00e0 Midi Libre ce 25\u00a0ao\u00fbt 2025.\n                            <\/p>\n<p>\u00ab\u00a0J\u2019ai le regret de vous annoncer le d\u00e9c\u00e8s de mon mari, Patrick, greff\u00e9 d\u2019un c\u0153ur m\u00e9canique de la soci\u00e9t\u00e9 Carmat\u00a0\u00bb, a annonc\u00e9 \u00e0 Midi Libre l\u2019\u00e9pouse du Biterrois ce lundi. Il<a href=\"https:\/\/www.midilibre.fr\/2025\/05\/25\/je-suis-dans-ma-deuxieme-vie-il-vit-depuis-dix-huit-mois-avec-le-coeur-artificiel-la-folle-histoire-de-patrick-rey-lhomme-bionique-12706407.php\" target=\"_blank\" rel=\"nofollow noopener\">\u00a0avait b\u00e9n\u00e9fici\u00e9 d\u2019une greffe<\/a> apr\u00e8s une vie tourment\u00e9e par des probl\u00e8mes cardiaques.<\/p>\n<p>\u00ab\u00a0Homme bionique\u00a0\u00bb<\/p>\n<p>Depuis une vingtaine de mois, le Biterrois vivait avec un c\u0153ur artificiel. Ce qui lui valait le surnom d\u2019homme bionique. Bionique pourtant, il ne l\u2019\u00e9tait pas\u00a0: Patrick Rey \u00e9tait adorable, d\u2019un courage incroyable et d\u2019une grande douceur.<\/p>\n<p>Il ne cessait d\u2019exprimer sa gratitude envers tous ceux qui l\u2019avaient soutenu. Ils voulait que l\u2019on retienne leurs noms\u00a0: Philippe Rouvi\u00e8re, le chirurgien, Philippe Gaudard, le patron de l\u2019anesth\u00e9sie r\u00e9animation, Paule Flori, sa m\u00e9decin g\u00e9n\u00e9raliste, Sylvie, la r\u00e9f\u00e9rente, Xavier, le taxi, Martine, Marie et M\u00e9lanie, les infirmi\u00e8res, les voisins, sa famille, et \u00ab\u00a0surtout mon petit-fils C\u00f4me\u00a0\u00bb, qui l\u2019aidaient \u00e0 tenir. Et Pascal Battistella, parti depuis \u00e0 la R\u00e9union, omnipr\u00e9sent.<\/p>\n<p>Patrick Rey \u00e9tait l\u2019un des deux patients au CHU de Montpellier, engag\u00e9 dans l\u2019\u00e9tude Eficas, qui coordonne l\u2019implantation de c\u0153urs Aeson, nom commercial de la proth\u00e8se Carmat, en France. \u00ab\u00a0Titanesque\u00a0\u00bb, \u00ab\u00a0grandiose\u00a0\u00bb\u2026 Son \u00e9pouse n\u2019avait pas les mots sur l\u2019intervention qui a sauv\u00e9 son mari. Il \u00e9tait rentr\u00e9 chez lui le 20\u00a0ao\u00fbt 2024, apr\u00e8s sept mois et demi d\u2019hospitalisation.<\/p>\n","protected":false},"excerpt":{"rendered":"Patrick Rey est mort. Le Biterrois greff\u00e9 d\u2019un c\u0153ur Carmat au CHU de Montpellier, s\u2019est \u00e9teint, a annonc\u00e9&hellip;\n","protected":false},"author":2,"featured_media":344039,"comment_status":"","ping_status":"","sticky":false,"template":"","format":"standard","meta":{"footnotes":""},"categories":[9599],"tags":[1111,11,1777,674,1011,27,2208,12,2680,25],"class_list":{"0":"post-344038","1":"post","2":"type-post","3":"status-publish","4":"format-standard","5":"has-post-thumbnail","7":"category-montpellier","8":"tag-actu","9":"tag-actualites","10":"tag-eu","11":"tag-europe","12":"tag-fr","13":"tag-france","14":"tag-montpellier","15":"tag-news","16":"tag-occitanie","17":"tag-republique-francaise"},"share_on_mastodon":{"url":"https:\/\/pubeurope.com\/@fr\/115092302295523880","error":""},"_links":{"self":[{"href":"https:\/\/www.europesays.com\/fr\/wp-json\/wp\/v2\/posts\/344038","targetHints":{"allow":["GET"]}}],"collection":[{"href":"https:\/\/www.europesays.com\/fr\/wp-json\/wp\/v2\/posts"}],"about":[{"href":"https:\/\/www.europesays.com\/fr\/wp-json\/wp\/v2\/types\/post"}],"author":[{"embeddable":true,"href":"https:\/\/www.europesays.com\/fr\/wp-json\/wp\/v2\/users\/2"}],"replies":[{"embeddable":true,"href":"https:\/\/www.europesays.com\/fr\/wp-json\/wp\/v2\/comments?post=344038"}],"version-history":[{"count":0,"href":"https:\/\/www.europesays.com\/fr\/wp-json\/wp\/v2\/posts\/344038\/revisions"}],"wp:featuredmedia":[{"embeddable":true,"href":"https:\/\/www.europesays.com\/fr\/wp-json\/wp\/v2\/media\/344039"}],"wp:attachment":[{"href":"https:\/\/www.europesays.com\/fr\/wp-json\/wp\/v2\/media?parent=344038"}],"wp:term":[{"taxonomy":"category","embeddable":true,"href":"https:\/\/www.europesays.com\/fr\/wp-json\/wp\/v2\/categories?post=344038"},{"taxonomy":"post_tag","embeddable":true,"href":"https:\/\/www.europesays.com\/fr\/wp-json\/wp\/v2\/tags?post=344038"}],"curies":[{"name":"wp","href":"https:\/\/api.w.org\/{rel}","templated":true}]}}