{"id":344040,"date":"2025-08-26T00:50:31","date_gmt":"2025-08-26T00:50:31","guid":{"rendered":"https:\/\/www.europesays.com\/fr\/344040\/"},"modified":"2025-08-26T00:50:31","modified_gmt":"2025-08-26T00:50:31","slug":"un-poids-lourd-transportant-du-gravier-se-couche-sur-la49-le-conducteur-legerement-blesse","status":"publish","type":"post","link":"https:\/\/www.europesays.com\/fr\/344040\/","title":{"rendered":"un poids lourd transportant du gravier se couche sur l\u2019A49, le conducteur l\u00e9g\u00e8rement bless\u00e9"},"content":{"rendered":"<p itemprop=\"description\"><strong>Grosse frayeur sur l\u2019A49.<\/strong><\/p>\n<p>Ce lundi matin, aux alentours de 7h45, un important accident de la route s\u2019est produit sur l\u2019autoroute A49 dans le sens Valence-Grenoble, au niveau de la sortie Vinay. D\u2019apr\u00e8s les premi\u00e8res informations recueillies par nos confr\u00e8res du Dauphin\u00e9 Lib\u00e9r\u00e9, un camion de chantier transportant du gravier se serait renvers\u00e9 sur les voies.<\/p>\n<p>Le conducteur du v\u00e9hicule aurait perdu le contr\u00f4le, avant de traverser le terre-plein central et de se coucher. Fort heureusement, le chauffeur n\u2019est que l\u00e9g\u00e8rement bless\u00e9. Il a \u00e9t\u00e9 transport\u00e9 \u00e0 l\u2019h\u00f4pital par les sapeurs-pompiers afin d\u2019effectuer des examens compl\u00e9mentaires. Il faut aussi souligner qu\u2019aucun autre v\u00e9hicule n\u2019a \u00e9t\u00e9 impliqu\u00e9 dans cet accident.<\/p>\n<p>Apr\u00e8s plusieurs heures de nettoyage de la chauss\u00e9e et d\u2019\u00e9vacuation, l\u2019autoroute A49 a \u00e9t\u00e9 rouverte \u00e0 la circulation vers 10h15.<\/p>\n","protected":false},"excerpt":{"rendered":"Grosse frayeur sur l\u2019A49. Ce lundi matin, aux alentours de 7h45, un important accident de la route s\u2019est&hellip;\n","protected":false},"author":2,"featured_media":344041,"comment_status":"","ping_status":"","sticky":false,"template":"","format":"standard","meta":{"footnotes":""},"categories":[9566],"tags":[1111,11,7733,8279,2430,7736,650,7734,2889,2263,1777,674,1011,27,2731,8280,6417,1114,108,4662,12,3725,1825,25,7737],"class_list":{"0":"post-344040","1":"post","2":"type-post","3":"status-publish","4":"format-standard","5":"has-post-thumbnail","7":"category-grenoble","8":"tag-actu","9":"tag-actualites","10":"tag-alpes","11":"tag-alpes1","12":"tag-auvergne-rhone-alpes","13":"tag-cds","14":"tag-cinema","15":"tag-ecoute","16":"tag-emission","17":"tag-equipe","18":"tag-eu","19":"tag-europe","20":"tag-fr","21":"tag-france","22":"tag-grenoble","23":"tag-haute","24":"tag-information","25":"tag-infos","26":"tag-isere","27":"tag-journal","28":"tag-news","29":"tag-podcast","30":"tag-radio","31":"tag-republique-francaise","32":"tag-winamp"},"share_on_mastodon":{"url":"https:\/\/pubeurope.com\/@fr\/115092325818624408","error":""},"_links":{"self":[{"href":"https:\/\/www.europesays.com\/fr\/wp-json\/wp\/v2\/posts\/344040","targetHints":{"allow":["GET"]}}],"collection":[{"href":"https:\/\/www.europesays.com\/fr\/wp-json\/wp\/v2\/posts"}],"about":[{"href":"https:\/\/www.europesays.com\/fr\/wp-json\/wp\/v2\/types\/post"}],"author":[{"embeddable":true,"href":"https:\/\/www.europesays.com\/fr\/wp-json\/wp\/v2\/users\/2"}],"replies":[{"embeddable":true,"href":"https:\/\/www.europesays.com\/fr\/wp-json\/wp\/v2\/comments?post=344040"}],"version-history":[{"count":0,"href":"https:\/\/www.europesays.com\/fr\/wp-json\/wp\/v2\/posts\/344040\/revisions"}],"wp:featuredmedia":[{"embeddable":true,"href":"https:\/\/www.europesays.com\/fr\/wp-json\/wp\/v2\/media\/344041"}],"wp:attachment":[{"href":"https:\/\/www.europesays.com\/fr\/wp-json\/wp\/v2\/media?parent=344040"}],"wp:term":[{"taxonomy":"category","embeddable":true,"href":"https:\/\/www.europesays.com\/fr\/wp-json\/wp\/v2\/categories?post=344040"},{"taxonomy":"post_tag","embeddable":true,"href":"https:\/\/www.europesays.com\/fr\/wp-json\/wp\/v2\/tags?post=344040"}],"curies":[{"name":"wp","href":"https:\/\/api.w.org\/{rel}","templated":true}]}}