{"id":344042,"date":"2025-08-26T00:52:36","date_gmt":"2025-08-26T00:52:36","guid":{"rendered":"https:\/\/www.europesays.com\/fr\/344042\/"},"modified":"2025-08-26T00:52:36","modified_gmt":"2025-08-26T00:52:36","slug":"deux-hommes-places-en-garde-a-vue-apres-la-decouverte-du-corps-dun-homme-pres-de-rennes-calcine-et-frappe-a-coups-de-marteau","status":"publish","type":"post","link":"https:\/\/www.europesays.com\/fr\/344042\/","title":{"rendered":"Deux hommes plac\u00e9s en garde \u00e0 vue apr\u00e8s la d\u00e9couverte du corps d\u2019un homme pr\u00e8s de Rennes, calcin\u00e9 et frapp\u00e9 \u00e0 coups de marteau"},"content":{"rendered":"<p class=\"paragraph text_align_left lp-f-body-02\">Qu\u2019est-il arriv\u00e9 \u00e0 l\u2019homme, d<a href=\"https:\/\/www.leparisien.fr\/faits-divers\/le-corps-partiellement-calcine-dun-homme-decouvert-sur-un-parking-en-bretagne-23-08-2025-PZSTU6EMEFE2HAH5PDRBRY3OTU.php\" target=\"_blank\" rel=\"noreferrer nofollow noopener\">ont le corps a \u00e9t\u00e9 retrouv\u00e9 en partie calcin\u00e9<\/a> \u00e0 La Chapelle-Erbr\u00e9e (<a href=\"https:\/\/www.leparisien.fr\/ille-et-vilaine-35\/\" target=\"_blank\" rel=\"noreferrer nofollow noopener\">Ille-et-Vilaine<\/a>), \u00e0 proximit\u00e9 de Vitr\u00e9 ? Selon les premiers \u00e9l\u00e9ments de l\u2019enqu\u00eate, la victime, \u00e2g\u00e9e de 46 ans, a \u00ab probablement \u00bb re\u00e7u des coups de \u00ab marteau \u00bb, a fait savoir au Parisien le procureur de la R\u00e9publique de Rennes, Fr\u00e9d\u00e9ric Teillet, ce lundi, qui pr\u00e9cise que deux hommes ont \u00e9t\u00e9 plac\u00e9s en garde \u00e0 vue.<\/p>\n<p class=\"paragraph text_align_left lp-f-body-02\">Samedi 23 ao\u00fbt, vers 7 heures du matin, c\u2019est un p\u00eacheur qui a d\u00e9couvert le corps de cet homme, \u00ab en partie calcin\u00e9e \u00bb, pr\u00e8s de l\u2019\u00e9tang de la Haute-Vilaine sur la commune de La Chapelle d\u2019Erbr\u00e9e. La victime, \u00ab un homme de 46 ans demeurant Argentr\u00e9-du-Plessis \u00bb, a \u00e9t\u00e9 identifi\u00e9e \u00ab gr\u00e2ce \u00e0 son t\u00e9l\u00e9phone portable retrouv\u00e9 sur le lieu \u00bb, qui n\u2019avait pas totalement br\u00fbl\u00e9, \u00ab ainsi que par ses tatouages \u00bb, a pr\u00e9cis\u00e9 Fr\u00e9d\u00e9ric Teillet.<\/p>\n<p>Une autopsie pr\u00e9vue ce lundi<\/p>\n<p class=\"paragraph text_align_left lp-f-body-02\">Selon les premi\u00e8res constatations r\u00e9alis\u00e9es par le m\u00e9decin l\u00e9giste, sur les lieux de d\u00e9couverte du corps, la victime pr\u00e9sente de nombreuses blessures, \u00ab une fracture de la m\u00e2choire \u00bb, \u00ab divers coups sur le visage port\u00e9s \u00e0 l\u2019aide d\u2019un objet contondant \u00bb, ainsi \u00ab que de multiples plaies \u00e0 l\u2019arri\u00e8re du cr\u00e2ne ayant probablement \u00e9t\u00e9 caus\u00e9es par un objet du type marteau \u00bb, selon le magistrat.<\/p>\n<p class=\"paragraph text_align_left lp-f-body-02\">Une autopsie est pr\u00e9vue ce lundi en d\u00e9but d\u2019apr\u00e8s-midi, a indiqu\u00e9 le procureur de la R\u00e9publique de Nantes. Elle devrait \u00ab permettre de mieux pr\u00e9ciser les causes exactes du d\u00e9c\u00e8s \u00bb, a pr\u00e9cis\u00e9 Fr\u00e9d\u00e9ric Teillet.<\/p>\n<p class=\"lp-card-podcast-highlighting__title  lp-f-subtitle-05\">[4\/4] C\u00e9cile Vallin, les secrets d\u2019une disparition<\/p>\n<p class=\"lp-card-podcast-highlighting__description lp-f-ui-05\">Crime story raconte chaque semaine les grandes affaires criminelles.<\/p>\n<p><a class=\"lp-card-podcast-highlighting__call-to-action\" data-page-type=\"HP\" data-block-name=\"podcast-highlight\">\u00c9couter<\/a><\/p>\n<p class=\"paragraph text_align_left lp-f-body-02\">Rapidement, l\u2019enqu\u00eate, men\u00e9e par les gendarmes de la brigade des recherches de Vitr\u00e9, a permis l\u2019identification de deux hommes. Un premier individu, \u00e2g\u00e9 de 37 ans, a \u00e9t\u00e9 interpell\u00e9 samedi en d\u00e9but d\u2019apr\u00e8s-midi. Un deuxi\u00e8me homme de 70 ans, lui, a \u00e9t\u00e9 arr\u00eat\u00e9 dimanche matin, a d\u00e9taill\u00e9 le magistrat. Les deux hommes ont \u00e9t\u00e9 plac\u00e9s en garde \u00e0 vue du chef de meurtre aggrav\u00e9. Leur garde \u00e0 vue doit prendre fin ce lundi apr\u00e8s-midi. \u00ab Davantage d\u2019informations seront communiqu\u00e9es apr\u00e8s la fin de la garde \u00e0 vue \u00bb, a ajout\u00e9 Fr\u00e9d\u00e9ric Teillet.<\/p>\n","protected":false},"excerpt":{"rendered":"Qu\u2019est-il arriv\u00e9 \u00e0 l\u2019homme, dont le corps a \u00e9t\u00e9 retrouv\u00e9 en partie calcin\u00e9 \u00e0 La Chapelle-Erbr\u00e9e (Ille-et-Vilaine), \u00e0&hellip;\n","protected":false},"author":2,"featured_media":344043,"comment_status":"","ping_status":"","sticky":false,"template":"","format":"standard","meta":{"footnotes":""},"categories":[2821],"tags":[1111,11,829,459,1777,674,118,1011,27,12,584,25],"class_list":{"0":"post-344042","1":"post","2":"type-post","3":"status-publish","4":"format-standard","5":"has-post-thumbnail","7":"category-rennes","8":"tag-actu","9":"tag-actualites","10":"tag-bretagne","11":"tag-departements-horsidfo","12":"tag-eu","13":"tag-europe","14":"tag-faits-divers","15":"tag-fr","16":"tag-france","17":"tag-news","18":"tag-rennes","19":"tag-republique-francaise"},"share_on_mastodon":{"url":"https:\/\/pubeurope.com\/@fr\/115092333761606066","error":""},"_links":{"self":[{"href":"https:\/\/www.europesays.com\/fr\/wp-json\/wp\/v2\/posts\/344042","targetHints":{"allow":["GET"]}}],"collection":[{"href":"https:\/\/www.europesays.com\/fr\/wp-json\/wp\/v2\/posts"}],"about":[{"href":"https:\/\/www.europesays.com\/fr\/wp-json\/wp\/v2\/types\/post"}],"author":[{"embeddable":true,"href":"https:\/\/www.europesays.com\/fr\/wp-json\/wp\/v2\/users\/2"}],"replies":[{"embeddable":true,"href":"https:\/\/www.europesays.com\/fr\/wp-json\/wp\/v2\/comments?post=344042"}],"version-history":[{"count":0,"href":"https:\/\/www.europesays.com\/fr\/wp-json\/wp\/v2\/posts\/344042\/revisions"}],"wp:featuredmedia":[{"embeddable":true,"href":"https:\/\/www.europesays.com\/fr\/wp-json\/wp\/v2\/media\/344043"}],"wp:attachment":[{"href":"https:\/\/www.europesays.com\/fr\/wp-json\/wp\/v2\/media?parent=344042"}],"wp:term":[{"taxonomy":"category","embeddable":true,"href":"https:\/\/www.europesays.com\/fr\/wp-json\/wp\/v2\/categories?post=344042"},{"taxonomy":"post_tag","embeddable":true,"href":"https:\/\/www.europesays.com\/fr\/wp-json\/wp\/v2\/tags?post=344042"}],"curies":[{"name":"wp","href":"https:\/\/api.w.org\/{rel}","templated":true}]}}