{"id":344044,"date":"2025-08-26T00:53:14","date_gmt":"2025-08-26T00:53:14","guid":{"rendered":"https:\/\/www.europesays.com\/fr\/344044\/"},"modified":"2025-08-26T00:53:14","modified_gmt":"2025-08-26T00:53:14","slug":"strasbourg-quai-de-scene-lance-sa-saison-en-public-le-12-septembre","status":"publish","type":"post","link":"https:\/\/www.europesays.com\/fr\/344044\/","title":{"rendered":"Strasbourg. Quai de sc\u00e8ne lance sa saison en public le 12 septembre"},"content":{"rendered":"<p>Quai de sc\u00e8ne remet le couvert pour une nouvelle saison culturelle m\u00ealant humour, musique, th\u00e9\u00e2tre et autres cr\u00e9ations singuli\u00e8res. Une pr\u00e9sentation des temps forts aura lieu le 12 septembre en compagnie de quelques artistes programm\u00e9s comme l\u2019humoriste Antonia de Rendinger, le saxophoniste Michael Alizon ou encore le stand-upper Cortes. S\u2019en suivra une soir\u00e9e clubbing aux r\u00e9sonances internationales avec DJ Analg3sia (Espagne), Zaatar (Maroc) et Mehr is mehr (Berlin).<\/p>\n<p class=\"note\">Quai de sc\u00e8ne, 5 quai du G\u00e9n\u00e9ral-Koenig \u00e0 Strasbourg, vendredi 12 septembre \u00e0partir de 18 h 30. Acc\u00e8s libre sauf pour la soir\u00e9e clubbing \u00e0 21h (15 \u20ac) sur r\u00e9servation : production@quaidescene.fr<\/p>\n","protected":false},"excerpt":{"rendered":"Quai de sc\u00e8ne remet le couvert pour une nouvelle saison culturelle m\u00ealant humour, musique, th\u00e9\u00e2tre et autres cr\u00e9ations&hellip;\n","protected":false},"author":2,"featured_media":344045,"comment_status":"","ping_status":"","sticky":false,"template":"","format":"standard","meta":{"footnotes":""},"categories":[2820],"tags":[1111,11,2389,1687,1777,674,107,1011,27,775,873,12,25,640],"class_list":{"0":"post-344044","1":"post","2":"type-post","3":"status-publish","4":"format-standard","5":"has-post-thumbnail","7":"category-strasbourg","8":"tag-actu","9":"tag-actualites","10":"tag-alsace","11":"tag-culture-loisirs","12":"tag-eu","13":"tag-europe","14":"tag-fil-info","15":"tag-fr","16":"tag-france","17":"tag-grand-est","18":"tag-musique","19":"tag-news","20":"tag-republique-francaise","21":"tag-strasbourg"},"share_on_mastodon":{"url":"https:\/\/pubeurope.com\/@fr\/115092337799136957","error":""},"_links":{"self":[{"href":"https:\/\/www.europesays.com\/fr\/wp-json\/wp\/v2\/posts\/344044","targetHints":{"allow":["GET"]}}],"collection":[{"href":"https:\/\/www.europesays.com\/fr\/wp-json\/wp\/v2\/posts"}],"about":[{"href":"https:\/\/www.europesays.com\/fr\/wp-json\/wp\/v2\/types\/post"}],"author":[{"embeddable":true,"href":"https:\/\/www.europesays.com\/fr\/wp-json\/wp\/v2\/users\/2"}],"replies":[{"embeddable":true,"href":"https:\/\/www.europesays.com\/fr\/wp-json\/wp\/v2\/comments?post=344044"}],"version-history":[{"count":0,"href":"https:\/\/www.europesays.com\/fr\/wp-json\/wp\/v2\/posts\/344044\/revisions"}],"wp:featuredmedia":[{"embeddable":true,"href":"https:\/\/www.europesays.com\/fr\/wp-json\/wp\/v2\/media\/344045"}],"wp:attachment":[{"href":"https:\/\/www.europesays.com\/fr\/wp-json\/wp\/v2\/media?parent=344044"}],"wp:term":[{"taxonomy":"category","embeddable":true,"href":"https:\/\/www.europesays.com\/fr\/wp-json\/wp\/v2\/categories?post=344044"},{"taxonomy":"post_tag","embeddable":true,"href":"https:\/\/www.europesays.com\/fr\/wp-json\/wp\/v2\/tags?post=344044"}],"curies":[{"name":"wp","href":"https:\/\/api.w.org\/{rel}","templated":true}]}}