{"id":344046,"date":"2025-08-26T00:54:17","date_gmt":"2025-08-26T00:54:17","guid":{"rendered":"https:\/\/www.europesays.com\/fr\/344046\/"},"modified":"2025-08-26T00:54:17","modified_gmt":"2025-08-26T00:54:17","slug":"auxerre-veut-piocher-a-strasbourg-lille-veut-un-autrichien-nouveau-coup-de-tonnerre-pour-sinayoko","status":"publish","type":"post","link":"https:\/\/www.europesays.com\/fr\/344046\/","title":{"rendered":"Auxerre veut piocher \u00e0 Strasbourg, Lille veut un Autrichien, nouveau coup de tonnerre pour Sinayoko ?"},"content":{"rendered":"<p>Le <a href=\"https:\/\/www.onzemondial.com\/transferts.html\" rel=\"nofollow noopener\" target=\"_blank\">Mercato<\/a> continue de tenir tout le monde en haleine. On file du c\u00f4t\u00e9 d&rsquo;Auxerre. Si le dossier Lassine Sinayoko fait actuellement tourner les t\u00eates, le club bourguignon ne veut pas se laisser surprendre s&rsquo;il venait finalement \u00e0 s&rsquo;en aller. Et \u00e0 en croire les informations de <a href=\"https:\/\/www.lequipe.fr\/Football\/Actualites\/Mercato-auxerre-vise-le-strasbourgeois-sekou-mara-pour-se-renforcer-en-attaque\/1587556\" rel=\"nofollow noopener\" target=\"_blank\">L&rsquo;Equipe<\/a>, un nom reviendrait avec insistance ces derni\u00e8res heures : celui de S\u00e9kou Mara.<\/p>\n<p>Arriv\u00e9 l&rsquo;an dernier \u00e0 Strasbourg, l&rsquo;ancien Bordelais n&rsquo;a pas franchement crev\u00e9 l&rsquo;\u00e9cran en Alsace. D\u00e9sireuse de le relancer, l&rsquo;AJA aimerait le r\u00e9cup\u00e9rer sous la forme d&rsquo;un pr\u00eat avec option d&rsquo;achat. Concentr\u00e9 sur son barrage face \u00e0 Br\u00f6ndby, le Racing n&rsquo;aurait pas encore ouvert la porte mais Mara ne figure pas dans les premiers choix de Liam Rosenior. Affaire \u00e0 suivre.<\/p>\n<p>Auxerre veut Mara, Lille \u00e0 la lutte avec West Ham pour Schmid<\/p>\n<p>Direction le nord de la France o\u00f9 le LOSC ne semble pas rassasier. En parall\u00e8le des discussions avec les Rangers pour Hamza Igamane, le club nordiste aurait aussi des vues sur Romano Schmid \u00e0 en croire les informations de Florian Plettenberg. Sous contrat jusqu&rsquo;en 2027, l&rsquo;international autrichien pourrait quitter le Werder Br\u00eame d&rsquo;ici la fin du Mercato.<\/p>\n<p>Seul hic, West Ham serait aussi dans le coup et des n\u00e9gociations seraient d\u00e9j\u00e0 en cours. D&rsquo;autres \u00e9quipes seraient aussi int\u00e9ress\u00e9s par le profil du milieu de 25 ans. Valoris\u00e9 \u00e0 17 millions d&rsquo;euros, le LOSC sait qu&rsquo;il va devoir se montrer tr\u00e8s convaincant s&rsquo;il veut empocher le gros lot et r\u00e9ussir \u00e0 s&rsquo;attacher les services du natif de Graz.<\/p>\n<blockquote class=\"twitter-tweet\">\n<p dir=\"ltr\" lang=\"en\">\ud83d\udea8\ud83c\udd95 West Ham are exploring a deal to sign Romano <a href=\"https:\/\/twitter.com\/hashtag\/Schmid?src=hash&amp;ref_src=twsrc%5Etfw\" rel=\"nofollow noopener\" target=\"_blank\">#Schmid<\/a> before Deadline Day. <a href=\"https:\/\/twitter.com\/hashtag\/WHUFC?src=hash&amp;ref_src=twsrc%5Etfw\" rel=\"nofollow noopener\" target=\"_blank\">#WHUFC<\/a><\/p>\n<p>Contract until 2027. Talks ongoing. Lille are monitoring the situation. More teams are keen on him. <a href=\"https:\/\/twitter.com\/SkySportDE?ref_src=twsrc%5Etfw\" rel=\"nofollow noopener\" target=\"_blank\">@SkySportDE<\/a> \ud83c\udde6\ud83c\uddf9 <a href=\"https:\/\/t.co\/XtlGxSjAqb\" rel=\"nofollow\">pic.twitter.com\/XtlGxSjAqb<\/a><\/p>\n<p>\u2014 Florian Plettenberg (@Plettigoal) <a href=\"https:\/\/twitter.com\/Plettigoal\/status\/1960015716985323687?ref_src=twsrc%5Etfw\" rel=\"nofollow noopener\" target=\"_blank\">August 25, 2025<\/a><\/p>\n<\/blockquote>\n<p>Rennes d\u00e9barque pour Sinayoko<\/p>\n<p>Enfin, on parle \u00e0 nouveau du cas Lassine Sinayoko. Si Auxerre viserait donc S\u00e9kou Mara pour le remplacer, l&rsquo;international malien faisait l&rsquo;objet d&rsquo;un accord entre l&rsquo;AJA et Lens. Seulement, l&rsquo;affaire n&rsquo;est pas boucl\u00e9e et d&rsquo;autres clubs pourraient encore en profiter. Selon les informations de Mohamed Toubache-Ter, confirm\u00e9es par <a href=\"https:\/\/www.footmercato.net\/a6022956800554781846-rennes-se-penche-sur-lassine-sinayoko\" rel=\"nofollow noopener\" target=\"_blank\">Fabrizio Romano<\/a>, un nouveau pr\u00e9tendant serait entr\u00e9 dans la danse.<\/p>\n<p>Et pas des moindres puisque c&rsquo;est le Stade rennais qui serait d\u00e9sormais pr\u00e9sent. Face \u00e0 l&rsquo;\u00e9chec du dossier Conrad Harder, en route pour l&rsquo;AC Milan, et les difficult\u00e9s dans les dossiers Lepaul et Stassin, le SRFC pourrait donc se rabattre sur l&rsquo;attaquant auxerrois. Charge d\u00e9sormais de convaincre l&rsquo;AJA, qui semble pr\u00eate \u00e0 tout pour garder son roc offensif.<\/p>\n<p>\u00a0<\/p>\n<p>\u00a0<\/p>\n<p class=\"dazn-text\"><a href=\"https:\/\/dazn.prf.hn\/click\/camref:1101l5aPuW\" rel=\"nofollow noopener\" target=\"_blank\">Le service Ligue 1+ pour suivre la Ligue 1 McDonald&rsquo;s et tout le contenu DAZN dans un seul abonnement !<\/a><\/p>\n<p>Partagez cette info avec vos amis et vos proches en cliquant ici<br \/> Pour r\u00e9sumer<\/p>\n<p>Auxerre souhaite se renforcer avant la cl\u00f4ture du Mercato en ciblant un joueur de Strasbourg. Parall\u00e8lement, Lille envisage de recruter un international autrichien, tandis que la situation de Lassine Sinayoko pourrait encore apporter des surprises.<\/p>\n<p>R\u00e9dacteur<\/p>\n<p><img decoding=\"async\" width=\"76\" height=\"76\" loading=\"lazy\" src=\"https:\/\/www.europesays.com\/fr\/wp-content\/uploads\/2025\/04\/avatar-onze.webp.webp\" alt=\"Nathan Bricout\"\/><script async src=\"https:\/\/platform.twitter.com\/widgets.js\" charset=\"utf-8\"><\/script><\/p>\n","protected":false},"excerpt":{"rendered":"Le Mercato continue de tenir tout le monde en haleine. On file du c\u00f4t\u00e9 d&rsquo;Auxerre. Si le dossier&hellip;\n","protected":false},"author":2,"featured_media":344047,"comment_status":"","ping_status":"","sticky":false,"template":"","format":"standard","meta":{"footnotes":""},"categories":[2820],"tags":[1111,11,1777,674,1011,27,775,12,25,640],"class_list":{"0":"post-344046","1":"post","2":"type-post","3":"status-publish","4":"format-standard","5":"has-post-thumbnail","7":"category-strasbourg","8":"tag-actu","9":"tag-actualites","10":"tag-eu","11":"tag-europe","12":"tag-fr","13":"tag-france","14":"tag-grand-est","15":"tag-news","16":"tag-republique-francaise","17":"tag-strasbourg"},"share_on_mastodon":{"url":"https:\/\/pubeurope.com\/@fr\/115092342065748819","error":""},"_links":{"self":[{"href":"https:\/\/www.europesays.com\/fr\/wp-json\/wp\/v2\/posts\/344046","targetHints":{"allow":["GET"]}}],"collection":[{"href":"https:\/\/www.europesays.com\/fr\/wp-json\/wp\/v2\/posts"}],"about":[{"href":"https:\/\/www.europesays.com\/fr\/wp-json\/wp\/v2\/types\/post"}],"author":[{"embeddable":true,"href":"https:\/\/www.europesays.com\/fr\/wp-json\/wp\/v2\/users\/2"}],"replies":[{"embeddable":true,"href":"https:\/\/www.europesays.com\/fr\/wp-json\/wp\/v2\/comments?post=344046"}],"version-history":[{"count":0,"href":"https:\/\/www.europesays.com\/fr\/wp-json\/wp\/v2\/posts\/344046\/revisions"}],"wp:featuredmedia":[{"embeddable":true,"href":"https:\/\/www.europesays.com\/fr\/wp-json\/wp\/v2\/media\/344047"}],"wp:attachment":[{"href":"https:\/\/www.europesays.com\/fr\/wp-json\/wp\/v2\/media?parent=344046"}],"wp:term":[{"taxonomy":"category","embeddable":true,"href":"https:\/\/www.europesays.com\/fr\/wp-json\/wp\/v2\/categories?post=344046"},{"taxonomy":"post_tag","embeddable":true,"href":"https:\/\/www.europesays.com\/fr\/wp-json\/wp\/v2\/tags?post=344046"}],"curies":[{"name":"wp","href":"https:\/\/api.w.org\/{rel}","templated":true}]}}