{"id":344050,"date":"2025-08-26T00:56:15","date_gmt":"2025-08-26T00:56:15","guid":{"rendered":"https:\/\/www.europesays.com\/fr\/344050\/"},"modified":"2025-08-26T00:56:15","modified_gmt":"2025-08-26T00:56:15","slug":"lancien-actionnaire-de-lol-devient-partenaire-de-logc-nice","status":"publish","type":"post","link":"https:\/\/www.europesays.com\/fr\/344050\/","title":{"rendered":"L&rsquo;ancien actionnaire de l&rsquo;OL devient partenaire de l&rsquo;OGC Nice"},"content":{"rendered":"<p><img fetchpriority=\"high\" decoding=\"async\" width=\"620\" height=\"349\" src=\"https:\/\/www.europesays.com\/fr\/wp-content\/uploads\/2025\/08\/OGC-Nice-x-Pathe-620x349.jpg\" alt=\"L'ancien actionnaire de l'OL devient partenaire de l'OGC Nice\" class=\"wp-image-376926\"  \/>Une collaboration d\u2019un an entre l\u2019OGCN et Path\u00e9.<\/p>\n<p>Le groupe Path\u00e9, ancien actionnaire minoritaire de l\u2019<a href=\"https:\/\/sportune.20minutes.fr\/olympique-lyonnais-ol\" target=\"_blank\" rel=\"noopener\">Olympique Lyonnais<\/a> jusqu\u2019\u00e0 la vente du club \u00e0 Eagle Football, effectue son retour dans l\u2019univers du football fran\u00e7ais en signant un accord de partenariat avec l\u2019<a href=\"https:\/\/sportune.20minutes.fr\/ogc-nice-ogcn\" target=\"_blank\" rel=\"noopener\">OGC Nice<\/a>. L\u2019entreprise de divertissement devient officiellement fournisseur du club azur\u00e9en pour la saison en cours.<\/p>\n<p>Cette collaboration unit l\u2019<a href=\"https:\/\/sportune.20minutes.fr\/ogc-nice-ogcn\" target=\"_blank\" rel=\"noopener\">OGC Nice<\/a> aux trois \u00e9tablissements cin\u00e9matographiques Path\u00e9 implant\u00e9s sur la C\u00f4te d\u2019Azur : Path\u00e9 Lingosti\u00e8re, Path\u00e9 Gare du Sud et Path\u00e9 Mass\u00e9na. Le partenariat pr\u00e9voit l\u2019organisation d\u2019\u00e9v\u00e9nements exclusifs dans ces complexes cin\u00e9matographiques, destin\u00e9s aux supporters, partenaires commerciaux et employ\u00e9s du club ni\u00e7ois.<\/p>\n<p>Les premi\u00e8res manifestations de cette alliance ont d\u00e9but\u00e9 en juin dernier avec la projection d\u2019une s\u00e9ance r\u00e9serv\u00e9e aux salari\u00e9s et supporters de l\u2019\u00e9quipe dirig\u00e9e par Franck Haise. Les bandes-annonces produites par la cha\u00eene officielle OGCNICE.tv b\u00e9n\u00e9ficieront \u00e9galement d\u2019une diffusion sur les \u00e9crans des trois cin\u00e9mas ni\u00e7ois.<\/p>\n<p>Un statut de fournisseur officiel du GYM<\/p>\n<p>En contrepartie de son statut de fournisseur officiel, Path\u00e9 obtient plusieurs droits commerciaux incluant l\u2019utilisation du logo du club, l\u2019exploitation d\u2019images collectives des joueurs et l\u2019acc\u00e8s \u00e0 des contenus exclusifs. Le groupe cin\u00e9matographique b\u00e9n\u00e9ficie d\u2019une visibilit\u00e9 renforc\u00e9e lors des rencontres \u00e0 domicile de l\u2019<a href=\"https:\/\/sportune.20minutes.fr\/ogc-nice-ogcn\" target=\"_blank\" rel=\"noopener\">OGC Nice<\/a>, avec des emplacements publicitaires sur les panneaux LED en bordure de terrain, les \u00e9crans g\u00e9ants de l\u2019Allianz Riviera et les \u00e9crans des espaces VIP.<\/p>\n<p>La pr\u00e9sence digitale de Path\u00e9 s\u2019\u00e9tend aux plateformes num\u00e9riques officielles du club azur\u00e9en, comprenant les r\u00e9seaux sociaux, le site internet, les newsletters et l\u2019application mobile de l\u2019<a href=\"https:\/\/sportune.20minutes.fr\/ogc-nice-ogcn\" target=\"_blank\" rel=\"noopener\">OGC Nice<\/a>.<\/p>\n","protected":false},"excerpt":{"rendered":"Une collaboration d\u2019un an entre l\u2019OGCN et Path\u00e9. Le groupe Path\u00e9, ancien actionnaire minoritaire de l\u2019Olympique Lyonnais jusqu\u2019\u00e0&hellip;\n","protected":false},"author":2,"featured_media":344051,"comment_status":"","ping_status":"","sticky":false,"template":"","format":"standard","meta":{"footnotes":""},"categories":[2819],"tags":[1111,11,1777,674,1011,27,12,2401,2268,241,882,25],"class_list":{"0":"post-344050","1":"post","2":"type-post","3":"status-publish","4":"format-standard","5":"has-post-thumbnail","7":"category-nice","8":"tag-actu","9":"tag-actualites","10":"tag-eu","11":"tag-europe","12":"tag-fr","13":"tag-france","14":"tag-news","15":"tag-nice","16":"tag-ogc-nice","17":"tag-ol","18":"tag-provence-alpes-cote-dazur","19":"tag-republique-francaise"},"share_on_mastodon":{"url":"https:\/\/pubeurope.com\/@fr\/115092349437100750","error":""},"_links":{"self":[{"href":"https:\/\/www.europesays.com\/fr\/wp-json\/wp\/v2\/posts\/344050","targetHints":{"allow":["GET"]}}],"collection":[{"href":"https:\/\/www.europesays.com\/fr\/wp-json\/wp\/v2\/posts"}],"about":[{"href":"https:\/\/www.europesays.com\/fr\/wp-json\/wp\/v2\/types\/post"}],"author":[{"embeddable":true,"href":"https:\/\/www.europesays.com\/fr\/wp-json\/wp\/v2\/users\/2"}],"replies":[{"embeddable":true,"href":"https:\/\/www.europesays.com\/fr\/wp-json\/wp\/v2\/comments?post=344050"}],"version-history":[{"count":0,"href":"https:\/\/www.europesays.com\/fr\/wp-json\/wp\/v2\/posts\/344050\/revisions"}],"wp:featuredmedia":[{"embeddable":true,"href":"https:\/\/www.europesays.com\/fr\/wp-json\/wp\/v2\/media\/344051"}],"wp:attachment":[{"href":"https:\/\/www.europesays.com\/fr\/wp-json\/wp\/v2\/media?parent=344050"}],"wp:term":[{"taxonomy":"category","embeddable":true,"href":"https:\/\/www.europesays.com\/fr\/wp-json\/wp\/v2\/categories?post=344050"},{"taxonomy":"post_tag","embeddable":true,"href":"https:\/\/www.europesays.com\/fr\/wp-json\/wp\/v2\/tags?post=344050"}],"curies":[{"name":"wp","href":"https:\/\/api.w.org\/{rel}","templated":true}]}}