{"id":344052,"date":"2025-08-26T00:59:18","date_gmt":"2025-08-26T00:59:18","guid":{"rendered":"https:\/\/www.europesays.com\/fr\/344052\/"},"modified":"2025-08-26T00:59:18","modified_gmt":"2025-08-26T00:59:18","slug":"arrete-en-flagrant-delit-de-crevaison-de-pneus-il-avait-deja-ete-condamne-pour-meurtre-2","status":"publish","type":"post","link":"https:\/\/www.europesays.com\/fr\/344052\/","title":{"rendered":"Arr\u00eat\u00e9 en flagrant d\u00e9lit de crevaison de pneus, il avait d\u00e9j\u00e0 \u00e9t\u00e9 condamn\u00e9 pour meurtre"},"content":{"rendered":"<p>Il reconna\u00eet avoir d\u00e9grad\u00e9 un seul v\u00e9hicule. Pourtant, les policiers de la <a href=\"https:\/\/www.20minutes.fr\/dossier\/brigade_anti_criminalite\" target=\"_blank\" class=\"c-link c-link--is-underlined\" rel=\"nofollow noopener\">brigade anticriminalit\u00e9<\/a> qui l\u2019ont pris en flagrant d\u00e9lit dans les rues de <a href=\"https:\/\/www.20minutes.fr\/nantes\/\" target=\"_blank\" class=\"c-link c-link--is-underlined\" rel=\"nofollow noopener\">Nantes<\/a>, ont compt\u00e9 45 pneus crev\u00e9s et 17 voitures ab\u00eem\u00e9es, rapporte <a href=\"https:\/\/www.lefigaro.fr\/nantes\/nantes-45-pneus-creves-en-une-nuit-l-auteur-des-faits-avait-ete-condamne-pour-meurtre-20250825\" rel=\"nofollow noopener\" target=\"_blank\" class=\"c-link c-link--is-underlined\">Le Figaro<\/a>. Le tout, en la seule soir\u00e9e de vendredi 22\u00a0ao\u00fbt.<\/p>\n<p>Le suspect \u00e2g\u00e9 d\u2019une trentaine d\u2019ann\u00e9es a \u00e9t\u00e9 arr\u00eat\u00e9 en possession d\u2019un couteau apr\u00e8s qu\u2019un voisin a alert\u00e9 les forces de l\u2019ordre. Le suspect a \u00e9t\u00e9 d\u00e9f\u00e9r\u00e9 dimanche devant le parquet du tribunal judiciaire de Nantes (<a href=\"https:\/\/www.20minutes.fr\/societe\/loire-atlantique\/\" target=\"_blank\" class=\"c-link c-link--is-underlined\" rel=\"nofollow noopener\">Loire-Atlantique<\/a>) pour une comparution imm\u00e9diate ce lundi.<\/p>\n<p>Les v\u00e9hicules vis\u00e9s sont aussi bien des Audi que des camionnettes, pr\u00e9cise <a href=\"https:\/\/www.ouest-france.fr\/societe\/faits-divers\/un-homme-creve-45-pneus-en-une-nuit-dans-deux-rues-de-nantes-un-reveil-amer-pour-les-habitants-819f85fc-8008-11f0-a77f-922a296422d8\" rel=\"nofollow noopener\" target=\"_blank\" class=\"c-link c-link--is-underlined\">Ouest-France<\/a>. L\u2019individu arr\u00eat\u00e9 est pr\u00e9sent\u00e9 dans les journaux comme un SDF ayant pris ses quartiers dans une rue proche des lieux des d\u00e9gradations. Il serait par ailleurs connu des services de police pour de pr\u00e9c\u00e9dents faits de d\u00e9gradation, et avait par le pass\u00e9 \u00e9t\u00e9 condamn\u00e9 \u00e0 15 ans de prison pour meurtre.<\/p>\n","protected":false},"excerpt":{"rendered":"Il reconna\u00eet avoir d\u00e9grad\u00e9 un seul v\u00e9hicule. Pourtant, les policiers de la brigade anticriminalit\u00e9 qui l\u2019ont pris en&hellip;\n","protected":false},"author":2,"featured_media":344053,"comment_status":"","ping_status":"","sticky":false,"template":"","format":"standard","meta":{"footnotes":""},"categories":[2818],"tags":[1111,47,11,48005,1067,1777,674,118,1011,27,3047,766,12,2636,1072,25,11942],"class_list":{"0":"post-344052","1":"post","2":"type-post","3":"status-publish","4":"format-standard","5":"has-post-thumbnail","7":"category-nantes","8":"tag-actu","9":"tag-actualite","10":"tag-actualites","11":"tag-brigade-anti-criminalite","12":"tag-enquete","13":"tag-eu","14":"tag-europe","15":"tag-faits-divers","16":"tag-fr","17":"tag-france","18":"tag-loire-atlantique","19":"tag-nantes","20":"tag-news","21":"tag-pays-de-la-loire","22":"tag-police","23":"tag-republique-francaise","24":"tag-vandalisme"},"share_on_mastodon":{"url":"https:\/\/pubeurope.com\/@fr\/115092362021026028","error":""},"_links":{"self":[{"href":"https:\/\/www.europesays.com\/fr\/wp-json\/wp\/v2\/posts\/344052","targetHints":{"allow":["GET"]}}],"collection":[{"href":"https:\/\/www.europesays.com\/fr\/wp-json\/wp\/v2\/posts"}],"about":[{"href":"https:\/\/www.europesays.com\/fr\/wp-json\/wp\/v2\/types\/post"}],"author":[{"embeddable":true,"href":"https:\/\/www.europesays.com\/fr\/wp-json\/wp\/v2\/users\/2"}],"replies":[{"embeddable":true,"href":"https:\/\/www.europesays.com\/fr\/wp-json\/wp\/v2\/comments?post=344052"}],"version-history":[{"count":0,"href":"https:\/\/www.europesays.com\/fr\/wp-json\/wp\/v2\/posts\/344052\/revisions"}],"wp:featuredmedia":[{"embeddable":true,"href":"https:\/\/www.europesays.com\/fr\/wp-json\/wp\/v2\/media\/344053"}],"wp:attachment":[{"href":"https:\/\/www.europesays.com\/fr\/wp-json\/wp\/v2\/media?parent=344052"}],"wp:term":[{"taxonomy":"category","embeddable":true,"href":"https:\/\/www.europesays.com\/fr\/wp-json\/wp\/v2\/categories?post=344052"},{"taxonomy":"post_tag","embeddable":true,"href":"https:\/\/www.europesays.com\/fr\/wp-json\/wp\/v2\/tags?post=344052"}],"curies":[{"name":"wp","href":"https:\/\/api.w.org\/{rel}","templated":true}]}}