{"id":344058,"date":"2025-08-26T01:02:17","date_gmt":"2025-08-26T01:02:17","guid":{"rendered":"https:\/\/www.europesays.com\/fr\/344058\/"},"modified":"2025-08-26T01:02:17","modified_gmt":"2025-08-26T01:02:17","slug":"une-allegation-grave-veolia-dement-les-accusations-des-elus-dopposition-sur-ses-comptes","status":"publish","type":"post","link":"https:\/\/www.europesays.com\/fr\/344058\/","title":{"rendered":"\u00ab\u00a0Une all\u00e9gation grave\u00a0\u00bb\u00a0: Veolia d\u00e9ment les accusations des \u00e9lus d\u2019opposition sur ses comptes"},"content":{"rendered":"<p>\n                                                                    l&rsquo;essentiel<br \/>\n                                                                Gestionnaire de l\u2018eau, Veolia assure que ses comptes sont d\u00e9ficitaires \u00e0 Toulouse et d\u00e9ment l\u2019accusation d\u2019un artifice comptable. Les \u00e9lus d\u2019opposition, mont\u00e9s au cr\u00e9neau contre le tarif de l\u2019eau l\u2019\u00e9t\u00e9, s\u2019en prennent aussi au d\u00e9l\u00e9gataire.\n                            <\/p>\n<p>La pol\u00e9mique sur l\u2019eau plus ch\u00e8re l\u2019\u00e9t\u00e9 ne s\u2019est pas referm\u00e9e avec la fin de la canicule et elle devrait se poursuivre cet hiver \u00e0 l\u2019occasion de la campagne des municipales de mars\u00a02026. Pour Toulouse M\u00e9tropole, l\u2019augmentation du prix l\u2019\u00e9t\u00e9 (avec une baisse l\u2019hiver) est un levier pour \u00e9conomiser l\u2019eau au moment o\u00f9 elle est rare. Pour les \u00e9lus de l\u2019opposition, cette mesure est une injustice.<\/p>\n<p>Surtout, ces \u00e9lus s\u2019en prennent au gestionnaire, Veolia, en d\u00e9non\u00e7ant une hausse de son chiffre d\u2019affaires 2024 de 18\u00a0M\u20ac. Vice-pr\u00e9sident de la M\u00e9tropole, Robert M\u00e9dina a r\u00e9pliqu\u00e9 en affirmant qu\u2019il fallait regarder le r\u00e9sultat et non le seul chiffre d\u2019affaires. Il a rappel\u00e9 que le contrat de l\u2019eau \u00e9tait d\u00e9ficitaire pour Veolia qui a \u00ab\u00a0\u2005perdu 14\u00a0M\u20ac depuis 2020\u2005\u00a0\u00bb. Mais l\u2019opposition met en doute ces comptes. Agathe Roby (LFI) et Maxime Le Texier (Archipel Citoyen), membres du groupe Alternative pour une m\u00e9tropole citoyenne, le redisent dans un communiqu\u00e9 en \u00e9voquant des \u00ab\u00a0filiales locales d\u00e9ficitaires en fa\u00e7ade\u2005\u00a0\u00bb.<\/p>\n<p>Une perte de 14\u00a0M\u20ac<\/p>\n<p>Veolia a r\u00e9agi fermement \u00e0 cette accusation en d\u00e9non\u00e7ant \u00ab\u00a0une all\u00e9gation grave, visant \u00e0 remettre en cause la sinc\u00e9rit\u00e9 des comptes de la soci\u00e9t\u00e9, certifi\u00e9s annuellement par des commissaires aux comptes ind\u00e9pendants.\u00a0\u00bb Une all\u00e9gation \u00ab\u00a0sans fondement\u00a0\u00bb \u00e0 laquelle elle oppose \u00ab\u00a0\u2005un ferme d\u00e9menti\u2005\u00a0\u00bb.<\/p>\n<p>\u00ab\u00a0\u2005En tant que d\u00e9l\u00e9gataire, la SETOM, filiale de Veolia, confirme avoir enregistr\u00e9, depuis 2020, une perte nette de 14\u00a0M\u20ac qui est le r\u00e9sultat de l\u2019\u00e9volution \u00e9conomique du contrat et ne rel\u00e8ve en aucun cas d\u2019un pr\u00e9tendu artifice comptable.\u00a0\u00bb<\/p>\n<p>L\u2019opposition, qui demande \u00e0 disposer des chiffres de la SETOM, relance le combat en faveur d\u2019une gestion publique de l\u2019eau en demandant l\u2019ouverture d\u2019une \u00e9tude pr\u00e9paratoire. Sign\u00e9 en 2020, le contrat de Veolia court sur une dur\u00e9e de douze ans.<\/p>\n","protected":false},"excerpt":{"rendered":"l&rsquo;essentiel Gestionnaire de l\u2018eau, Veolia assure que ses comptes sont d\u00e9ficitaires \u00e0 Toulouse et d\u00e9ment l\u2019accusation d\u2019un artifice&hellip;\n","protected":false},"author":2,"featured_media":344059,"comment_status":"","ping_status":"","sticky":false,"template":"","format":"standard","meta":{"footnotes":""},"categories":[2816],"tags":[1111,11,1777,674,1011,27,12,2680,25,2312],"class_list":{"0":"post-344058","1":"post","2":"type-post","3":"status-publish","4":"format-standard","5":"has-post-thumbnail","7":"category-toulouse","8":"tag-actu","9":"tag-actualites","10":"tag-eu","11":"tag-europe","12":"tag-fr","13":"tag-france","14":"tag-news","15":"tag-occitanie","16":"tag-republique-francaise","17":"tag-toulouse"},"share_on_mastodon":{"url":"https:\/\/pubeurope.com\/@fr\/115092373007527024","error":""},"_links":{"self":[{"href":"https:\/\/www.europesays.com\/fr\/wp-json\/wp\/v2\/posts\/344058","targetHints":{"allow":["GET"]}}],"collection":[{"href":"https:\/\/www.europesays.com\/fr\/wp-json\/wp\/v2\/posts"}],"about":[{"href":"https:\/\/www.europesays.com\/fr\/wp-json\/wp\/v2\/types\/post"}],"author":[{"embeddable":true,"href":"https:\/\/www.europesays.com\/fr\/wp-json\/wp\/v2\/users\/2"}],"replies":[{"embeddable":true,"href":"https:\/\/www.europesays.com\/fr\/wp-json\/wp\/v2\/comments?post=344058"}],"version-history":[{"count":0,"href":"https:\/\/www.europesays.com\/fr\/wp-json\/wp\/v2\/posts\/344058\/revisions"}],"wp:featuredmedia":[{"embeddable":true,"href":"https:\/\/www.europesays.com\/fr\/wp-json\/wp\/v2\/media\/344059"}],"wp:attachment":[{"href":"https:\/\/www.europesays.com\/fr\/wp-json\/wp\/v2\/media?parent=344058"}],"wp:term":[{"taxonomy":"category","embeddable":true,"href":"https:\/\/www.europesays.com\/fr\/wp-json\/wp\/v2\/categories?post=344058"},{"taxonomy":"post_tag","embeddable":true,"href":"https:\/\/www.europesays.com\/fr\/wp-json\/wp\/v2\/tags?post=344058"}],"curies":[{"name":"wp","href":"https:\/\/api.w.org\/{rel}","templated":true}]}}