{"id":344060,"date":"2025-08-26T01:03:10","date_gmt":"2025-08-26T01:03:10","guid":{"rendered":"https:\/\/www.europesays.com\/fr\/344060\/"},"modified":"2025-08-26T01:03:10","modified_gmt":"2025-08-26T01:03:10","slug":"dupont-ntamack-enfin-une-bonne-nouvelle-a-toulouse","status":"publish","type":"post","link":"https:\/\/www.europesays.com\/fr\/344060\/","title":{"rendered":"Dupont &#8211; Ntamack : Enfin une bonne nouvelle \u00e0 Toulouse ?"},"content":{"rendered":"<p class=\"heading\">Apr\u00e8s un nouveau Bouclier de Brennus, le troisi\u00e8me cons\u00e9cutif, le Stade Toulousain s\u2019appr\u00eate \u00e0 d\u00e9marrer une nouvelle saison. Mais elle est pleine d\u2019interrogations, avec \u00e9videmment les longues absences d\u2019Antoine Dupont ou de Peato Mauvaka, sans oublier les doutes autour du retour de Romain Ntamack \u00e0 son meilleur niveau. <\/p>\n<p>Tout le monde pensait que l\u2019<strong>UBB<\/strong> pouvait le faire. Arriv\u00e9 sur les rotules en finale du <strong>Top 14<\/strong> apr\u00e8s une tr\u00e8s longue saison, le <strong>Stade Toulousain<\/strong> \u00e9tait priv\u00e9 de plusieurs cadres. La blessure d\u2019<strong>Antoine Dupont<\/strong> a \u00e9t\u00e9 un coup dur, mais des nombreuses stars \u00e9taient \u00e9galement absentes sur la pelouse du <strong>Stade de France<\/strong> en juin dernier. Ils ont pourtant r\u00e9ussi \u00e0 prolonger leur h\u00e9g\u00e9monie, avec un <strong>24e Bouclier de Brennus<\/strong>. <\/p>\n<p>                                            Le casse-t\u00eate du Stade Toulousain <\/p>\n<p>Mais comme souvent en sport, le plus dur est \u00e0 venir. Car une nouvelle saison va d\u00e9marrer et le <strong>Stade Toulousain<\/strong> n\u2019a pas r\u00e9gl\u00e9 ses probl\u00e8mes de blessure. <a href=\"https:\/\/le10sport.com\/rugby\/xv-de-france\/xv-de-france-cest-termine-la-decision-radicale-dantoine-dupont-755589\" rel=\"nofollow noopener\" target=\"_blank\">Antoine Dupont<\/a> sera bien entendu absent jusqu\u2019\u00e0 fin novembre, mais <strong>Ugo Mola<\/strong> devra \u00e9galement faire \u00e0 moins de <strong>Peato Mauvaka<\/strong>, qui ne devrait revenir qu\u2019en d\u00e9but d\u2019ann\u00e9e 2026. Certains se demandent \u00e9galement si <strong>Ntamack <\/strong>sera au rendez-vous d\u00e8s le d\u00e9but de saison, apr\u00e8s son op\u00e9ration au genou de cet \u00e9t\u00e9. <\/p>\n<p>                                            Capuozzo de retour ? <\/p>\n<p>L\u2019ouvreur international a \u00e9t\u00e9 vu \u00e0 l\u2019entrainement collectif et il pourrait bien d\u00e9marrer d\u00e8s le premier match de la saison de <strong>Top 14<\/strong>, avec le d\u00e9placement sur la pelouse du <strong>Clermont <\/strong>de <strong>Christophe Urios<\/strong>. Mais une autre tr\u00e8s bonne nouvelle pourrait relancer l\u2019optimisme autour du <strong>Stade Toulousain<\/strong> ! D\u2019apr\u00e8s les informations de La D\u00e9p\u00eache, <strong>Ange Capuozzo<\/strong> a \u00e9galement fait son retour avec l\u2019\u00e9quipe. Pour rappel, l\u2019arri\u00e8re international italien avait \u00e9t\u00e9 victime d\u2019une fracture du p\u00e9ron\u00e9 lors de la derni\u00e8re journ\u00e9e du Championnat face \u00e0 l\u2019<strong>USAP<\/strong>, ce qui l\u2019avait pouss\u00e9 \u00e0 faire une croix sur les phases-finales. <\/p>\n","protected":false},"excerpt":{"rendered":"Apr\u00e8s un nouveau Bouclier de Brennus, le troisi\u00e8me cons\u00e9cutif, le Stade Toulousain s\u2019appr\u00eate \u00e0 d\u00e9marrer une nouvelle saison.&hellip;\n","protected":false},"author":2,"featured_media":344061,"comment_status":"","ping_status":"","sticky":false,"template":"","format":"standard","meta":{"footnotes":""},"categories":[2816],"tags":[1111,11,1777,674,1011,27,12,2680,25,2312],"class_list":{"0":"post-344060","1":"post","2":"type-post","3":"status-publish","4":"format-standard","5":"has-post-thumbnail","7":"category-toulouse","8":"tag-actu","9":"tag-actualites","10":"tag-eu","11":"tag-europe","12":"tag-fr","13":"tag-france","14":"tag-news","15":"tag-occitanie","16":"tag-republique-francaise","17":"tag-toulouse"},"share_on_mastodon":{"url":"","error":""},"_links":{"self":[{"href":"https:\/\/www.europesays.com\/fr\/wp-json\/wp\/v2\/posts\/344060","targetHints":{"allow":["GET"]}}],"collection":[{"href":"https:\/\/www.europesays.com\/fr\/wp-json\/wp\/v2\/posts"}],"about":[{"href":"https:\/\/www.europesays.com\/fr\/wp-json\/wp\/v2\/types\/post"}],"author":[{"embeddable":true,"href":"https:\/\/www.europesays.com\/fr\/wp-json\/wp\/v2\/users\/2"}],"replies":[{"embeddable":true,"href":"https:\/\/www.europesays.com\/fr\/wp-json\/wp\/v2\/comments?post=344060"}],"version-history":[{"count":0,"href":"https:\/\/www.europesays.com\/fr\/wp-json\/wp\/v2\/posts\/344060\/revisions"}],"wp:featuredmedia":[{"embeddable":true,"href":"https:\/\/www.europesays.com\/fr\/wp-json\/wp\/v2\/media\/344061"}],"wp:attachment":[{"href":"https:\/\/www.europesays.com\/fr\/wp-json\/wp\/v2\/media?parent=344060"}],"wp:term":[{"taxonomy":"category","embeddable":true,"href":"https:\/\/www.europesays.com\/fr\/wp-json\/wp\/v2\/categories?post=344060"},{"taxonomy":"post_tag","embeddable":true,"href":"https:\/\/www.europesays.com\/fr\/wp-json\/wp\/v2\/tags?post=344060"}],"curies":[{"name":"wp","href":"https:\/\/api.w.org\/{rel}","templated":true}]}}