{"id":344062,"date":"2025-08-26T01:04:24","date_gmt":"2025-08-26T01:04:24","guid":{"rendered":"https:\/\/www.europesays.com\/fr\/344062\/"},"modified":"2025-08-26T01:04:24","modified_gmt":"2025-08-26T01:04:24","slug":"a-toulouse-les-transports-en-commun-sont-ils-moins-chers-qua-lille-marseille-ou-lyon","status":"publish","type":"post","link":"https:\/\/www.europesays.com\/fr\/344062\/","title":{"rendered":"\u00c0 Toulouse, les transports en commun sont-ils moins chers qu\u2019\u00e0 Lille, Marseille ou Lyon\u2009?"},"content":{"rendered":"<p>            Par<br \/>\n        <strong><br \/>\n            <a href=\"https:\/\/actu.fr\/auteur\/lea-afonso\" title=\"Consulter tous les articles de L\u00e9a Afonso\" rel=\"nofollow noopener\" target=\"_blank\">L\u00e9a Afonso<\/a><br \/>\n        <\/strong><\/p>\n<p>        Publi\u00e9 le<\/p>\n<p>            25 ao\u00fbt 2025 \u00e0 6h42        <\/p>\n<p>Des<strong> tarifs qui augmentent,<\/strong> mais restent-ils convenables\u2009? Alors que les abonnements pour les<strong> transports en commun<\/strong> de <a href=\"https:\/\/actu.fr\/toulouse\/\" rel=\"nofollow noopener\" target=\"_blank\">Toulouse<\/a> ont connu<a href=\"https:\/\/actu.fr\/occitanie\/toulouse_31555\/les-tarifs-du-metro-bus-et-tramway-augmentent-ce-mardi-a-toulouse-voici-les-nouveaux-prix_62844992.html\" rel=\"nofollow noopener\" target=\"_blank\"> une nouvelle hausse le mardi 1\u1d49\u02b3 juillet<\/a> dernier, restent-ils attractifs par rapport aux autres villes du pays\u2009? On fait le comparatif.<\/p>\n<p>Des augmentations fixes \u00e0 Toulouse<\/p>\n<p class=\" wall-content\">Chez <a href=\"https:\/\/actu.fr\/tag\/tisseo\" rel=\"nofollow noopener\" target=\"_blank\">Tiss\u00e9o<\/a>, les choses sont claires et les augmentations sont fix\u00e9es. Dans une feuille de route d\u00e9finie en 2017 par le Comit\u00e9 Syndical de Tiss\u00e9o Collectivit\u00e9s et renouvel\u00e9e en 2022 (pour la p\u00e9riode 2022-2026), les hausses tarifaires sont pr\u00e9d\u00e9finies\u2009:<\/p>\n<ul class=\" wall-content\">\n<li>Hausse du<strong> ticket unitaire<\/strong> de <strong>+\u00a00,10\u20ac tous les 4\u00a0ans<\/strong>\u2009: prochaine \u00e9ch\u00e9ance au 1er\u00a0juillet 2026<\/li>\n<li><strong>\u00c9volution annuelle<\/strong> mod\u00e9r\u00e9e d\u2019environ <strong>2\u2009% par an<\/strong> en moyenne pour les <strong>autres titres<\/strong> (gel\u00e9 en\u00a02019 et\u00a02020 pour cause de crise sanitaire, non r\u00e9percut\u00e9 sur les autres ann\u00e9es)<\/li>\n<li>Les <strong>abonnements 31\u00a0jours<\/strong> Tout Public sont <strong>revaloris\u00e9s<\/strong> chaque ann\u00e9e de <strong>1\u20ac<\/strong> (gel\u00e9 en\u00a02019 et\u00a02020 pour cause de crise sanitaire, non r\u00e9percut\u00e9 sur les autres ann\u00e9es)<\/li>\n<\/ul>\n<p class=\" wall-content\">Des r\u00e8gles qui am\u00e8nent donc les titres de transport aux tarifs suivants pour les 2 \u2013 <a href=\"https:\/\/actu.fr\/tag\/ligne-c-du-metro-de-toulouse\" rel=\"nofollow noopener\" target=\"_blank\">bient\u00f4t 3 \u2013 lignes de m\u00e9tro<\/a>, pr\u00e8s de 100 lignes de bus, 2 tramways et 1 t\u00e9l\u00e9ph\u00e9rique\u2009:<\/p>\n<ul class=\" wall-content\">\n<li>abonnement \u00ab\u200931\u00a0jours\u2009\u00bb \u00e0 58\u00a0\u20ac<\/li>\n<li>30\u00a0jours \/ 30 d\u00e9placements\u2009\u00e0 40,00\u00a0\u20ac<\/li>\n<li>abonnement annuel \u00e0 606,10\u20ac\/an. Si l\u2019abonnement est mensualis\u00e9, il est pr\u00e9lev\u00e9 \u00e0 hauteur de 50,50\u20ac chaque mois.<\/li>\n<li>abonnement sept jours \u00e0 17,50\u00a0\u20ac<\/li>\n<li>jeunes scolaris\u00e9s ou \u00e9tudiants de moins de 26\u00a0ans \u00e0 15,50\u20ac\/mois (162\u20ac\/an). Il est r\u00e9duit \u00e0 12,40\u20ac\/mois (129,60\u20ac\/an) d\u00e8s lors que le jeune est boursier.<\/li>\n<li>\u00e9tudiants boursiers \u00e9chelon 7\u2009: gratuit<\/li>\n<li>ticket unitaire 1,80\u00a0\u20ac<\/li>\n<li>ticket \u00ab\u200910 d\u00e9placements\u2009\u00bb \u00e0 15,70\u00a0\u20ac, 11,50\u00a0\u20ac pour les tarifs r\u00e9duits<\/li>\n<li>ticket trois jours passera \u00e0 14,10\u00a0\u20ac<\/li>\n<li>ticket Tribu\u2009\u00e0 9,30\u00a0\u20ac<\/li>\n<li>pass journ\u00e9e 7\u00a0\u20ac<\/li>\n<\/ul>\n<p>Vid\u00e9os : en ce moment sur ActuMais quid des autres villes\u2009?<\/p>\n<p class=\" wall-content\">Alors si Tiss\u00e9o se dit \u00eatre \u00ab\u2009l\u2019<strong>un des r\u00e9seaux<\/strong> d\u2019une grande agglom\u00e9ration <strong>parmi les moins chers de France<\/strong>\u2009\u00bb, qu\u2019en est-il des tarifs dans les autres villes\u2009? Prenons comme exemple trois m\u00e9tropoles dans lesquelles les r\u00e9seaux peuvent \u00eatre comparables \u2014 avec quelques diff\u00e9rences en termes de diversit\u00e9 de transports tout de m\u00eame \u2014.<\/p>\n<p><strong>Du c\u00f4t\u00e9 de Marseille<\/strong><\/p>\n<p class=\" wall-content\">Avec ses 2 lignes de m\u00e9tro, 3 lignes de tram, ses plus de 100 lignes de bus urbaines, p\u00e9riurbaines et de nuit, ses navettes maritimes et son TER, voici les prix \u00e0 Marseille :\u00a0<\/p>\n<p>Votre r\u00e9gion, votre actu !<\/p>\n<p>Recevez chaque jour les infos qui comptent pour vous.<\/p>\n<p>\t<a href=\"https:\/\/actu.fr\/newsletter\" class=\"ac-btn ac-btn--corner ac-btn--medium ac-btn--blue800\" rel=\"nofollow noopener\" target=\"_blank\">S&rsquo;incrire<\/a><\/p>\n<ul class=\" wall-content\">\n<li>Ticket solo\u2009: 1,70\u00a0\u20ac \u2013 50\u2009% pour scolaires \/ jeunes avec AME\/CSS =\u00a00,70\u202f\u20ac<\/li>\n<li>Carnet 10 voyages\u2009: 15,00\u00a0\u20ac<\/li>\n<li>Ticket groupe 4\u00a0personnes\u2009: 4,90\u00a0\u20ac<\/li>\n<li>24h illimit\u00e9\u2009: 5,20\u00a0\u20ac<\/li>\n<li>72h illimit\u00e9\u2009: 10,80\u00a0\u20ac<\/li>\n<li>Pass 7\u00a0jours RTM (TER m\u00e9tropolitain jusqu\u2019\u00e0 certains arr\u00eats, navettes maritimes saisonni\u00e8res)\u2009: 15,50\u00a0\u20ac<\/li>\n<li>Pass XL mensuel RTM (r\u00e9seau intramuros)\u2009: 37,10\u00a0\u20ac \/mois\u2009; 18,30\u00a0\u20ac \/mois pour \u221226\u00a0ans ou CMUC \/ ch\u00f4meurs<\/li>\n<li>Pass XL annuel RTM (r\u00e9seau intramuros)\u2009: 446\u00a0\u20ac\/an\u2009; 220\u00a0\u20ac \/an pour jeunes\u2009; 178\u00a0\u20ac pour boursiers<\/li>\n<li>Pass Int\u00e9gral mensuel ZOU\u2009! (bus +\u00a0TER +\u00a0services)\u2009: 73\u00a0\u20ac \/mois<\/li>\n<li>Pass Int\u00e9gral annuel ZOU\u2009! (bus +\u00a0TER +\u00a0services)\u2009: 816\u00a0\u20ac\/an<\/li>\n<\/ul>\n<p class=\" wall-content\"><strong>Les tarifs pour Lyon<\/strong><\/p>\n<p class=\" wall-content\">Depuis janvier 2025, avec ses 4 lignes de m\u00e9tro, 7 lignes de tram, 150 lignes de bus, 2 funiculaires et son train express entre la gare Part-Dieu et l\u2019a\u00e9roport, voici les tarifs \u00e0 Lyon :<\/p>\n<ul class=\" wall-content\">\n<li>Enfants\n<\/li>\n<li>Jeunes 11 \u2013 17\u00a0ans\u2009: 25\u00a0\u20ac\/mois (250\u00a0\u20ac\/an)<\/li>\n<li>18 \u2013 25\u00a0ans \/ \u00e9tudiants 26\u201127\u2009: 25\u00a0\u20ac\/mois (250\u00a0\u20ac\/an)<\/li>\n<li>Adultes 26 \u2013 64\u00a0ans\u2009: 74,10\u00a0\u20ac\/mois<\/li>\n<li>Retrait\u00e9s \u2265\u202f65\u00a0ans\u2009: 37\u00a0\u20ac\/mois<\/li>\n<li>Familles nombreuses (\u2265\u202f3\u00a0enfants)\u2009: 51,90\u00a0\u20ac\/mois<\/li>\n<li>Public solidaire \u00e9ligible \/ 0\u202f\u20ac ou 10,50\u00a0\u20ac\u202f\/\u202fmois<\/li>\n<li>Ticket unit\u00e9\u2009: 2,10\u00a0\u20ac<\/li>\n<li>Carnet 10 tickets\u2009: 20\u00a0\u20ac<\/li>\n<li>Pass 24\u2009h\u2009: 6,90\u00a0\u20ac<\/li>\n<\/ul>\n<p><strong>Et pour le nord de la France\u2009: Lille<\/strong><\/p>\n<p class=\" wall-content\">Avec ses 2 lignes de m\u00e9tro, 2 lignes de tram, plus de 90 lignes de bus, son r\u00e9seau de v\u00e9lo et son TER, voici les tarifs depuis ce 1er janvier 2025 \u00e0 Lille :\u00a0<\/p>\n<ul class=\" wall-content\">\n<li>Ticket unitaire\u2009: 1,80\u00a0\u20ac<\/li>\n<li>Ticket ZAP (pour trajets courts, jusqu\u2019\u00e0 3 stations hors d\u00e9part)\u2009: 1,20\u00a0\u20ac<\/li>\n<li>Carnet x10\u2009: 15,80\u00a0\u20ac<\/li>\n<li>Pass 1 jour\u2009: 5,50\u00a0\u20ac<\/li>\n<li>Mensuel tout public\u2009: 65\u00a0\u20ac<\/li>\n<li>Permanent tout public\u2009: 56,50\u00a0\u20ac\/mois<\/li>\n<li>Habitants de la m\u00e9tropole\u2009: tarif r\u00e9duit 32,45\u00a0\u20ac\/mois<\/li>\n<li>Gratuit\u00e9 \u2013 moins de 18\u00a0ans habitants dans la m\u00e9tropole<\/li>\n<li>Abonnement V\u2019Lille (v\u00e9lo) inclus<\/li>\n<\/ul>\n<p>Quelle est la plus attractive\u2009?<\/p>\n<p class=\" wall-content\">Globalement, la <strong>ville la plus attractive<\/strong> pour les transports en commun d\u2019un point de vue des tarifs est\u2026 <strong>Marseille <\/strong>(bien que la ville reste mal desservie)\u2009! Effectivement, elle propose le prix unitaire et les abonnements les moins chers sur les villes compar\u00e9es.<\/p>\n<p class=\" wall-content\"><strong>C\u00f4t\u00e9 \u00e9tudiant<\/strong>, tournez-vous davantage vers notre<strong> Ville rose<\/strong> qui reste tr\u00e8s avantageuse pour les jeunes avec des <strong>tarifs aux alentours de 15\u20ac<\/strong> contre 18\u20ac ou encore 25\u20ac pour Marseille et Lyon. <strong>Lille<\/strong> reste le<strong> meilleur \u00ab\u2009spot\u2009\u00bb<\/strong> pour les <strong>moins de 18\u00a0ans<\/strong> o\u00f9 le r\u00e9seau est enti\u00e8rement gratuit.<\/p>\n<p class=\" wall-content\"><strong>Lyon<\/strong>, 3\u1d49 ville de France (juste avant Toulouse), poss\u00e8de donc le <strong>r\u00e9seau le plus co\u00fbteux.<\/strong> Il semble ainsi que Toulouse n\u2019a \u2014 selon les chiffres \u2014 pas \u00e0 rougir face aux autres transports en commun de l\u2019hexagone.<\/p>\n<p class=\" wall-content\">Personnalisez votre actualit\u00e9 en ajoutant vos villes et m\u00e9dias en favori avec <a href=\"https:\/\/moncompte.actu.fr\" title=\"D\u00e9couvez Mon Actu\" rel=\"nofollow noopener\" data-trk=\"{&quot;cta&quot;:{&quot;action&quot;:&quot;https:\\\/\\\/moncompte.actu.fr&quot;,&quot;category&quot;:&quot;mon compte&quot;,&quot;from&quot;:&quot;article footer&quot;,&quot;name&quot;:&quot;Mon actu&quot;,&quot;type&quot;:&quot;cta&quot;}}\" target=\"_blank\">Mon Actu<\/a>.<\/p>\n","protected":false},"excerpt":{"rendered":"Par L\u00e9a Afonso Publi\u00e9 le 25 ao\u00fbt 2025 \u00e0 6h42 Des tarifs qui augmentent, mais restent-ils convenables\u2009? Alors&hellip;\n","protected":false},"author":2,"featured_media":344063,"comment_status":"","ping_status":"","sticky":false,"template":"","format":"standard","meta":{"footnotes":""},"categories":[2815],"tags":[1111,11,1777,674,1011,27,811,1307,12,25,104,5400,2803],"class_list":{"0":"post-344062","1":"post","2":"type-post","3":"status-publish","4":"format-standard","5":"has-post-thumbnail","7":"category-lille","8":"tag-actu","9":"tag-actualites","10":"tag-eu","11":"tag-europe","12":"tag-fr","13":"tag-france","14":"tag-hauts-de-france","15":"tag-lille","16":"tag-news","17":"tag-republique-francaise","18":"tag-societe","19":"tag-tisseo","20":"tag-transport"},"share_on_mastodon":{"url":"https:\/\/pubeurope.com\/@fr\/115092381046676311","error":""},"_links":{"self":[{"href":"https:\/\/www.europesays.com\/fr\/wp-json\/wp\/v2\/posts\/344062","targetHints":{"allow":["GET"]}}],"collection":[{"href":"https:\/\/www.europesays.com\/fr\/wp-json\/wp\/v2\/posts"}],"about":[{"href":"https:\/\/www.europesays.com\/fr\/wp-json\/wp\/v2\/types\/post"}],"author":[{"embeddable":true,"href":"https:\/\/www.europesays.com\/fr\/wp-json\/wp\/v2\/users\/2"}],"replies":[{"embeddable":true,"href":"https:\/\/www.europesays.com\/fr\/wp-json\/wp\/v2\/comments?post=344062"}],"version-history":[{"count":0,"href":"https:\/\/www.europesays.com\/fr\/wp-json\/wp\/v2\/posts\/344062\/revisions"}],"wp:featuredmedia":[{"embeddable":true,"href":"https:\/\/www.europesays.com\/fr\/wp-json\/wp\/v2\/media\/344063"}],"wp:attachment":[{"href":"https:\/\/www.europesays.com\/fr\/wp-json\/wp\/v2\/media?parent=344062"}],"wp:term":[{"taxonomy":"category","embeddable":true,"href":"https:\/\/www.europesays.com\/fr\/wp-json\/wp\/v2\/categories?post=344062"},{"taxonomy":"post_tag","embeddable":true,"href":"https:\/\/www.europesays.com\/fr\/wp-json\/wp\/v2\/tags?post=344062"}],"curies":[{"name":"wp","href":"https:\/\/api.w.org\/{rel}","templated":true}]}}