{"id":344066,"date":"2025-08-26T01:06:12","date_gmt":"2025-08-26T01:06:12","guid":{"rendered":"https:\/\/www.europesays.com\/fr\/344066\/"},"modified":"2025-08-26T01:06:12","modified_gmt":"2025-08-26T01:06:12","slug":"une-derniere-soiree-festive-et-gratuite-pour-les-aperos-du-4-5","status":"publish","type":"post","link":"https:\/\/www.europesays.com\/fr\/344066\/","title":{"rendered":"une derni\u00e8re soir\u00e9e festive et gratuite pour les Ap\u00e9ros du 4-5"},"content":{"rendered":"\n<p>Pour cette derni\u00e8re date des Ap\u00e9ros du 4-5, le Makeda, salle de spectacle marseillaise, en partenariat avec la mairie des 4e\u00a0et 5e\u00a0arrondissements, propose un voyage sonore entre l\u2019Afrique, les Cara\u00efbes et l\u2019Am\u00e9rique latine.<\/p>\n<p>Cette soir\u00e9e vient conclure une s\u00e9rie de cinq rendez-vous musicaux organis\u00e9s cet \u00e9t\u00e9. Chaque date a \u00e9t\u00e9 un franc succ\u00e8s. \u00ab\u00a0Notre derni\u00e8re date du 22\u00a0juillet \u00e9tait \u00e9norme, il y avait beaucoup de spectateurs\u00a0\u00bb, se r\u00e9jouit Francine Ouedraogo Bonnot, g\u00e9rante du Makeda.<\/p>\n<p>Ce mardi soir, de nombreuses personnes sont \u00e9galement attendues (nombre de places limit\u00e9es). D\u00e8s 18h30 et jusqu\u2019\u00e0 23h, cette soir\u00e9e, intitul\u00e9e \u00ab\u00a0Casa Tropical\u00a0\u00bb sera orchestr\u00e9e par le collectif de DJ marseillais Mobylette Sound System. \u00ab\u00a0C\u2019est un collectif local avec lequel on a l\u2019habitude de collaborer, ils aiment leur travail et \u00e7a se ressent\u00a0\u00bb, confie Francine Ou\u00e9draogo Bonnot.<\/p>\n<p>\u00ab\u00a0Gratuit et accessible \u00e0 tous\u00a0\u00bb<\/p>\n<p>Au programme, Dj sets et concerts live. Le groupe local franco-chilien Cumbia Chicharra sera \u00e9galement mis \u00e0 l\u2019honneur. Il est d\u00e9crit comme \u00ab\u00a0un vrai laboratoire musical au service de la danse\u00a0\u00bb sur les r\u00e9seaux sociaux de Mobylette Sound System. Un m\u00e9lange de rythmes tropicaux, fusionnant cumbia, afrobeat, funk, mais \u00e9galement hip-hop, taill\u00e9 pour faire vibrer le public marseillais.<\/p>\n<p>Les Ap\u00e9ros du 4-5 se veulent avant tout inclusifs et populaires. \u00ab\u00a0Cet \u00e9v\u00e9nement joue un r\u00f4le f\u00e9d\u00e9rateur, puisqu\u2019il est gratuit et accessible \u00e0 tous\u00a0\u00bb, affirme Francine Ou\u00e9draogo Bonnot. \u00ab\u00a0Que tu sois m\u00e9decin, \u00e9tudiant, sans-abri, que tu aies 2\u00a0ans ou 80\u00a0ans, tu peux avoir acc\u00e8s \u00e0 ces soir\u00e9es\u00a0\u00bb, insiste-t-elle. Une activit\u00e9 ouverte \u00e0 tous, qu\u2019importent l\u2019\u00e2ge et le statut social. En plein air, les spectateurs seront invit\u00e9s \u00e0 danser, se retrouver et \u00e0 c\u00e9l\u00e9brer la musique venue des quatre coins du monde.<\/p>\n<p>Le choix du Parc Longchamp n\u2019est pas anodin\u00a0: \u00ab\u00a0C\u2019est un espace embl\u00e9matique de Marseille o\u00f9 il n\u2019y a pas forc\u00e9ment beaucoup d\u2019\u00e9v\u00e9nements. Cela permet d\u2019offrir un moment culturel au c\u0153ur de la ville\u00a0\u00bb, ajoute la g\u00e9rante du Makeda.<\/p>\n<p>Entre Dj sets de Mobylette Sound System et concerts live de Cumbia Chicharra, cette soir\u00e9e vient clore en beaut\u00e9 les Ap\u00e9ros du 4-5. \u00ab\u00a0Un final qui promet d\u2019\u00eatre chaud\u00a0\u00bb, selon le collectif de DJ marseillais.<\/p>\n","protected":false},"excerpt":{"rendered":"Pour cette derni\u00e8re date des Ap\u00e9ros du 4-5, le Makeda, salle de spectacle marseillaise, en partenariat avec la&hellip;\n","protected":false},"author":2,"featured_media":344067,"comment_status":"","ping_status":"","sticky":false,"template":"","format":"standard","meta":{"footnotes":""},"categories":[2814],"tags":[1111,11,1777,674,1011,27,43970,884,12,882,25],"class_list":{"0":"post-344066","1":"post","2":"type-post","3":"status-publish","4":"format-standard","5":"has-post-thumbnail","7":"category-marseille","8":"tag-actu","9":"tag-actualites","10":"tag-eu","11":"tag-europe","12":"tag-fr","13":"tag-france","14":"tag-ines-painvin","15":"tag-marseille","16":"tag-news","17":"tag-provence-alpes-cote-dazur","18":"tag-republique-francaise"},"share_on_mastodon":{"url":"https:\/\/pubeurope.com\/@fr\/115092388771645426","error":""},"_links":{"self":[{"href":"https:\/\/www.europesays.com\/fr\/wp-json\/wp\/v2\/posts\/344066","targetHints":{"allow":["GET"]}}],"collection":[{"href":"https:\/\/www.europesays.com\/fr\/wp-json\/wp\/v2\/posts"}],"about":[{"href":"https:\/\/www.europesays.com\/fr\/wp-json\/wp\/v2\/types\/post"}],"author":[{"embeddable":true,"href":"https:\/\/www.europesays.com\/fr\/wp-json\/wp\/v2\/users\/2"}],"replies":[{"embeddable":true,"href":"https:\/\/www.europesays.com\/fr\/wp-json\/wp\/v2\/comments?post=344066"}],"version-history":[{"count":0,"href":"https:\/\/www.europesays.com\/fr\/wp-json\/wp\/v2\/posts\/344066\/revisions"}],"wp:featuredmedia":[{"embeddable":true,"href":"https:\/\/www.europesays.com\/fr\/wp-json\/wp\/v2\/media\/344067"}],"wp:attachment":[{"href":"https:\/\/www.europesays.com\/fr\/wp-json\/wp\/v2\/media?parent=344066"}],"wp:term":[{"taxonomy":"category","embeddable":true,"href":"https:\/\/www.europesays.com\/fr\/wp-json\/wp\/v2\/categories?post=344066"},{"taxonomy":"post_tag","embeddable":true,"href":"https:\/\/www.europesays.com\/fr\/wp-json\/wp\/v2\/tags?post=344066"}],"curies":[{"name":"wp","href":"https:\/\/api.w.org\/{rel}","templated":true}]}}