{"id":344068,"date":"2025-08-26T01:07:11","date_gmt":"2025-08-26T01:07:11","guid":{"rendered":"https:\/\/www.europesays.com\/fr\/344068\/"},"modified":"2025-08-26T01:07:11","modified_gmt":"2025-08-26T01:07:11","slug":"a-marseille-une-matinee-de-visite-pour-explorer-lestaque-sous-un-autre-regard","status":"publish","type":"post","link":"https:\/\/www.europesays.com\/fr\/344068\/","title":{"rendered":"\u00c0 Marseille, une matin\u00e9e de visite pour explorer l\u2019Estaque sous un autre regard"},"content":{"rendered":"\n<p>Comme son nom l\u2019indique si bien, l\u2019association Marseille Autrement invite \u00e0 explorer l\u2019Estaque (16e) sous un regard diff\u00e9rent. Mercredi 26\u00a0ao\u00fbt, de 9h15 \u00e0 13h, sur inscription obligatoire, jusqu\u2019\u00e0 18\u00a0visiteurs pourront d\u00e9couvrir l\u2019histoire populaire du quartier marseillais. \u00ab\u00a0Il n\u2019y a pas que des belles villas, des bastides, il y a tout un habitat populaire, ouvrier que l\u2019on souhaite valoriser au cours de cette balade et notamment les fameuses cour\u00e9es de l\u2019Estaque, qui sont constitu\u00e9es de petites maisons autour d\u2019un espace collectif, une sorte de bout de rue collectif\u00a0\u00bb, explique Marianne Ruelle, pr\u00e9sidente de l\u2019association.<\/p>\n<p>Les visiteurs se retrouvent \u00e0 l\u2019embarcad\u00e8re du Vieux-Port pour d\u00e9buter leur p\u00e9riple en bateau navette jusqu\u2019\u00e0 l\u2019ancien village de p\u00eacheurs.<\/p>\n<p>\u00ab\u00a0V\u00e9ritable faconde marseillaise\u00a0\u00bb<\/p>\n<p>Yvon Tapias, retrait\u00e9 passionn\u00e9 par sa ville, accueille les curieux et \u00e9tanche, d\u00e8s le pont du bateau, leur soif de savoir sur la cit\u00e9 phoc\u00e9enne. \u00ab\u00a0Il a connu des choses qui n\u2019existent plus maintenant, donc il ponctue ses balades d\u2019anecdotes d\u2019un Marseillais depuis 65\u00a0ans, s\u2019\u00e9merveille-t-elle. Il a une v\u00e9ritable faconde marseillaise\u00a0\u00bb.<\/p>\n<p>\u00c0 l\u2019Estaque, le petit groupe arpente les rues \u00e9troites, gravit les escaliers, observe les villas et s\u2019\u00e9tonne devant une tour au style m\u00e9di\u00e9val \u00e9difi\u00e9e dans un jardin, au XIXe\u00a0si\u00e8cle. Surtout, la d\u00e9couverte du ruisseau des Riaux repr\u00e9sente une \u00e9tape indispensable pour la pr\u00e9sidente de l\u2019association. \u00ab\u00a0Il est important pour nous de montrer le ruisseau des Riaux, qui est un cours d\u2019eau qu\u2019on oublie. Quand il fait sec, il ne coule pas du tout et s\u2019il y a un \u00e9pisode m\u00e9diterran\u00e9en, il peut couler tr\u00e8s fort\u00a0\u00bb, justifie Marianne Ruelle.<\/p>\n<p>L\u2019association entend parler de sa ville dans tous ses aspects\u00a0: \u00ab\u00a0Le populaire, le riche, les anciennes mines, la botanique, les risques d\u2019effondrements ou d\u2019inondations&#8230; Tout ce qu\u2019il faut, c\u2019est \u00eatre p\u00e9dagogue\u00a0\u00bb, affirme-t-elle.<\/p>\n","protected":false},"excerpt":{"rendered":"Comme son nom l\u2019indique si bien, l\u2019association Marseille Autrement invite \u00e0 explorer l\u2019Estaque (16e) sous un regard diff\u00e9rent.&hellip;\n","protected":false},"author":2,"featured_media":344069,"comment_status":"","ping_status":"","sticky":false,"template":"","format":"standard","meta":{"footnotes":""},"categories":[2814],"tags":[1111,11,1777,674,1011,27,37867,884,12,882,25],"class_list":{"0":"post-344068","1":"post","2":"type-post","3":"status-publish","4":"format-standard","5":"has-post-thumbnail","7":"category-marseille","8":"tag-actu","9":"tag-actualites","10":"tag-eu","11":"tag-europe","12":"tag-fr","13":"tag-france","14":"tag-lilia-fernandez","15":"tag-marseille","16":"tag-news","17":"tag-provence-alpes-cote-dazur","18":"tag-republique-francaise"},"share_on_mastodon":{"url":"https:\/\/pubeurope.com\/@fr\/115092392786962349","error":""},"_links":{"self":[{"href":"https:\/\/www.europesays.com\/fr\/wp-json\/wp\/v2\/posts\/344068","targetHints":{"allow":["GET"]}}],"collection":[{"href":"https:\/\/www.europesays.com\/fr\/wp-json\/wp\/v2\/posts"}],"about":[{"href":"https:\/\/www.europesays.com\/fr\/wp-json\/wp\/v2\/types\/post"}],"author":[{"embeddable":true,"href":"https:\/\/www.europesays.com\/fr\/wp-json\/wp\/v2\/users\/2"}],"replies":[{"embeddable":true,"href":"https:\/\/www.europesays.com\/fr\/wp-json\/wp\/v2\/comments?post=344068"}],"version-history":[{"count":0,"href":"https:\/\/www.europesays.com\/fr\/wp-json\/wp\/v2\/posts\/344068\/revisions"}],"wp:featuredmedia":[{"embeddable":true,"href":"https:\/\/www.europesays.com\/fr\/wp-json\/wp\/v2\/media\/344069"}],"wp:attachment":[{"href":"https:\/\/www.europesays.com\/fr\/wp-json\/wp\/v2\/media?parent=344068"}],"wp:term":[{"taxonomy":"category","embeddable":true,"href":"https:\/\/www.europesays.com\/fr\/wp-json\/wp\/v2\/categories?post=344068"},{"taxonomy":"post_tag","embeddable":true,"href":"https:\/\/www.europesays.com\/fr\/wp-json\/wp\/v2\/tags?post=344068"}],"curies":[{"name":"wp","href":"https:\/\/api.w.org\/{rel}","templated":true}]}}