{"id":344079,"date":"2025-08-26T01:14:16","date_gmt":"2025-08-26T01:14:16","guid":{"rendered":"https:\/\/www.europesays.com\/fr\/344079\/"},"modified":"2025-08-26T01:14:16","modified_gmt":"2025-08-26T01:14:16","slug":"arrivee-du-quinte-du-lundi-25-aout-a-vincennes-flash-money-enflamme-les-rapports","status":"publish","type":"post","link":"https:\/\/www.europesays.com\/fr\/344079\/","title":{"rendered":"Arriv\u00e9e du quint\u00e9 du lundi 25\u00a0ao\u00fbt \u00e0 Vincennes\u00a0: Flash Money enflamme les rapports"},"content":{"rendered":"<p class=\"paragraph text_align_left lp-f-body-02\"><b>Arriv\u00e9e du quint\u00e9 :<\/b> 11 &#8211; 12 &#8211; 15 &#8211; 14 &#8211; 1. <b>non partant :<\/b> 7<\/p>\n<p class=\"paragraph text_align_left lp-f-body-02\"><a href=\"https:\/\/www.leparisien.fr\/sports\/hippisme\/les-confidences-du-driver-anthony-tintillier-quand-on-est-confronte-a-la-mort-tres-jeune-05-07-2022-IGEMZXUXWFFS3KDX7BNS33M2VE.php#:~:text=Le%20driver%20de%2030%20ans,%C3%A9preuves%20difficiles%20durant%20sa%20jeunesse.\" target=\"_self\" rel=\"nofollow noopener\">Anthony Tintillier<\/a> nous avait mis en garde dans l\u2019\u00e9dition du dimanche 24 ao\u00fbt : \u00ab Flash Money (n\u00b0 11) me pla\u00eet beaucoup \u00e0 l\u2019entra\u00eenement. C\u2019est un engagement id\u00e9al pour lui. \u00bb Si l\u2019entra\u00eeneur s\u2019\u00e9tait projet\u00e9 sur une cinqui\u00e8me place, son hongre de 10 ans a fait beaucoup mieux en remportant son premier quint\u00e9 et offre \u00e9galement \u00e0 son jeune metteur au point une premi\u00e8re victoire \u00e0 ce niveau. \u00ab C\u2019est le plus beau jour de ma vie, confiait avec beaucoup d\u2019\u00e9motions le professionnel de 33 ans qui n\u2019avait encore jamais gagn\u00e9 dans le Temple du trot. C\u2019est un des premiers chevaux que j\u2019ai r\u00e9cup\u00e9r\u00e9s quand je me suis install\u00e9. Ce n\u2019est pas une surprise de le voir s\u2019imposer car il est extra en ce moment, et j\u2019ai dit \u00e0 Damien Bonne d\u2019y croire. Il ne paye pas de mine, mais il serre les dents. C\u2019est un super cheval ! \u00bb<\/p>\n<blockquote class=\"twitter-tweet\">\n<p lang=\"fr\" dir=\"ltr\">\ud83c\udfc5 Flash Money cr\u00e9e la surprise dans le Prix de Mortain, Quint\u00e9+ de ce d\u00e9but de semaine \u00e0 <a href=\"https:\/\/twitter.com\/Vincennes_Hippo?ref_src=twsrc%5Etfw\" rel=\"nofollow noopener\" target=\"_blank\">@Vincennes_Hippo<\/a> <\/p>\n<p>\u27a1\ufe0f Il offre \u00e0 son entra\u00eeneur Anthony Tintillier le premier \u00e9v\u00e8nement de sa carri\u00e8re !<\/p>\n<p>\ud83c\udfc1 11 &#8211; 12 &#8211; 15 &#8211; 14 &#8211; 1 <a href=\"https:\/\/t.co\/YHKkd0shfr\" rel=\"nofollow\">pic.twitter.com\/YHKkd0shfr<\/a><\/p>\n<p>\u2014 Equidia (@equidia) <a href=\"https:\/\/twitter.com\/equidia\/status\/1960013234376950038?ref_src=twsrc%5Etfw\" rel=\"nofollow noopener\" target=\"_blank\">August 25, 2025<\/a><\/p><\/blockquote>\n<p class=\"paragraph text_align_left lp-f-body-02\">Dans cet \u00e9v\u00e9nement r\u00e9serv\u00e9 \u00e0 des concurrents de 9 \u00e0 11 ans, sur les 2 850 m de la grande piste de Paris-Vincennes, les favoris ont d\u00e9\u00e7u \u00e0 l\u2019image de Glycina Bella (n\u00b0 3) et Falcom du Bocage (n\u00b0 5) qui terminent respectivement huiti\u00e8me et neuvi\u00e8me. Seul l\u2019\u00e9l\u00e8ve de <a href=\"https:\/\/www.leparisien.fr\/sports\/hippisme\/quinte-du-lundi-25-aout-a-paris-vincennes-favici-pasmarik-a-sa-place-sur-le-podium-selon-son-entraineur-pascal-danet-24-08-2025-IIXE5BVS2VCTNBOOEQI2ES7XUA.php\" target=\"_self\" rel=\"nofollow noopener\">Pascal et Martine Danet<\/a>, Favici Pasmarick (n\u00b0 15) a r\u00e9pondu pr\u00e9sent, se classant troisi\u00e8me apr\u00e8s la disqualification de Filou de la Rouvre (n\u00b0 9).<\/p>\n<p class=\"paragraph text_align_left lp-f-body-02\">Comme le gagnant, Ethan Drive (n\u00b0 12) pimente les rapports en prenant la deuxi\u00e8me place et en mettant ainsi fin \u00e0 une mauvaise passe. Subissant le jeu des relais et se retrouvant dernier, Galion (n\u00b0 14) conclut tr\u00e8s fort \u00e0 la quatri\u00e8me place, devant Gourou (n\u00b0 1) et <a href=\"https:\/\/www.leparisien.fr\/sports\/hippisme\/quinte-du-mercredi-9-avril-a-reims-specialiste-de-lhippodrome-pierre-yves-verva-peut-frapper-fort-avec-hello-paname-07-04-2025-7VBTRTAQYVASFHV2XNRREOQZVM.php\" target=\"_blank\" rel=\"noreferrer nofollow noopener\">Pierre-Yves Verva<\/a>.<\/p>\n<p class=\"paragraph text_align_left lp-f-body-02\">Un seul parieur a trouv\u00e9 l\u2019ordre exact du quint\u00e9, lequel rapporte 171 929, 20 \u20ac pour une mise de 2 \u20ac.<\/p>\n<p><script async src=\"https:\/\/platform.twitter.com\/widgets.js\" charset=\"utf-8\"><\/script><\/p>\n","protected":false},"excerpt":{"rendered":"Arriv\u00e9e du quint\u00e9 : 11 &#8211; 12 &#8211; 15 &#8211; 14 &#8211; 1. non partant : 7 Anthony&hellip;\n","protected":false},"author":2,"featured_media":344080,"comment_status":"","ping_status":"","sticky":false,"template":"","format":"standard","meta":{"footnotes":""},"categories":[1888],"tags":[11,459,1777,674,1011,27,11462,12,626,25,60],"class_list":{"0":"post-344079","1":"post","2":"type-post","3":"status-publish","4":"format-standard","5":"has-post-thumbnail","7":"category-paris","8":"tag-actualites","9":"tag-departements-horsidfo","10":"tag-eu","11":"tag-europe","12":"tag-fr","13":"tag-france","14":"tag-hippisme","15":"tag-news","16":"tag-paris","17":"tag-republique-francaise","18":"tag-sports"},"share_on_mastodon":{"url":"https:\/\/pubeurope.com\/@fr\/115092420264290402","error":""},"_links":{"self":[{"href":"https:\/\/www.europesays.com\/fr\/wp-json\/wp\/v2\/posts\/344079","targetHints":{"allow":["GET"]}}],"collection":[{"href":"https:\/\/www.europesays.com\/fr\/wp-json\/wp\/v2\/posts"}],"about":[{"href":"https:\/\/www.europesays.com\/fr\/wp-json\/wp\/v2\/types\/post"}],"author":[{"embeddable":true,"href":"https:\/\/www.europesays.com\/fr\/wp-json\/wp\/v2\/users\/2"}],"replies":[{"embeddable":true,"href":"https:\/\/www.europesays.com\/fr\/wp-json\/wp\/v2\/comments?post=344079"}],"version-history":[{"count":0,"href":"https:\/\/www.europesays.com\/fr\/wp-json\/wp\/v2\/posts\/344079\/revisions"}],"wp:featuredmedia":[{"embeddable":true,"href":"https:\/\/www.europesays.com\/fr\/wp-json\/wp\/v2\/media\/344080"}],"wp:attachment":[{"href":"https:\/\/www.europesays.com\/fr\/wp-json\/wp\/v2\/media?parent=344079"}],"wp:term":[{"taxonomy":"category","embeddable":true,"href":"https:\/\/www.europesays.com\/fr\/wp-json\/wp\/v2\/categories?post=344079"},{"taxonomy":"post_tag","embeddable":true,"href":"https:\/\/www.europesays.com\/fr\/wp-json\/wp\/v2\/tags?post=344079"}],"curies":[{"name":"wp","href":"https:\/\/api.w.org\/{rel}","templated":true}]}}