{"id":344082,"date":"2025-08-26T01:16:13","date_gmt":"2025-08-26T01:16:13","guid":{"rendered":"https:\/\/www.europesays.com\/fr\/344082\/"},"modified":"2025-08-26T01:16:13","modified_gmt":"2025-08-26T01:16:13","slug":"bd-rouslan-sidiki-anarchiste-et-partisan-condamne-a-29-ans-de-prison-en-russie-01-%f0%9f%94%b4-info-libertaire","status":"publish","type":"post","link":"https:\/\/www.europesays.com\/fr\/344082\/","title":{"rendered":"[BD] Rouslan Sidiki \u2013 Anarchiste et partisan, condamn\u00e9 \u00e0 29 ans de prison en Russie [01] \u2013 \ud83d\udd34 Info Libertaire"},"content":{"rendered":"<p>Citoyen russe et italien, \u00e9lectricien de la ville de Riazan, explorateur des sites industriels, cycliste itin\u00e9rant, anarchiste et partisan dans la r\u00e9sistance \u00e0 la guerre russe en Ukraine. Tous ces mots peuvent servir \u00e0 d\u00e9crire Rouslan Sidiki, \u00e2g\u00e9 de 36 ans.<\/p>\n<p>Il a \u00e9t\u00e9 condamn\u00e9 en Russie le 23 mai 2025, \u00e0 29 ans de prison. Selon le verdict, le camarade passera les 9 premi\u00e8res ann\u00e9es de sa peine en prison, avant d\u2019\u00eatre transf\u00e9r\u00e9 dans une colonie p\u00e9nitentiaire de haute s\u00e9curit\u00e9.<\/p>\n<p>RIAZAN<\/p>\n<p>D\u00e8s mon plus jeune \u00e2ge, je me suis fascin\u00e9 pour les m\u00e9canismes et l\u2019\u00e9lectronique. J\u2019ai donc re\u00e7u des livres de sciences et des jeux de construction.<\/p>\n<p>J\u2019ai eu une enfance typique de jeune dans une zone industrielle des ann\u00e9es 90. J\u2019ai pass\u00e9 beaucoup de temps dans la rue, car il n\u2019y avait rien \u00e0 faire \u00e0 la maison. C\u2019\u00e9tait beaucoup plus marrant de fuir le vigile du chantier, lancer des bonbonnes de gaz dans le feu en attendant l\u2019explosion, fouiller dans les sous-sols, construire des cabanes dans le bois.&gt;<\/p>\n<p>N\u00e9 en 1988, Rouslan Sidiki grandit \u00e0 Riazan (200 km au sud-est de Moscou) avec sa m\u00e8re et sa grand-m\u00e8re, dont il \u00e9tait tr\u00e8s proche. Le go\u00fbt de Rouslan pour l\u2019observation et la d\u00e9couverte l\u2019a rapidement amen\u00e9 \u00e0 exp\u00e9rimenter dans son environnement proche.<\/p>\n<p>SYRACUSE<\/p>\n<p>Vers l\u2019\u00e2ge de 12 ans, il rejoint sa m\u00e8re lors des vacances d\u2019\u00e9t\u00e9. D\u00e8s lors, il vivra et \u00e9tudiera en Italie. Il ne retournera \u00e0 Riazan que pour les \u00e9t\u00e9s et y retrouver sa grand-m\u00e8re.<\/p>\n<p>Je me souviens parfois de ma vie en Italie avec nostalgie. J\u2019y ai plut\u00f4t bien v\u00e9cu : la mer, les montagnes et un volcan sont \u00e0 proximit\u00e9. Un endroit id\u00e9al pour ceux qui aiment la tranquillit\u00e9. Mais, comme je l\u2019ai dit plus t\u00f4t, la perspective d\u2019une vie plus longue en Europe me semblait trop ennuyeuse. Eh bien, 2023 s\u2019est av\u00e9r\u00e9e \u00eatre l\u2019ann\u00e9e la moins ennuyeuse de ma vie, [ton ironique] surtout la p\u00e9riode du 29 novembre au 2 d\u00e9cembre.<\/p>\n","protected":false},"excerpt":{"rendered":"Citoyen russe et italien, \u00e9lectricien de la ville de Riazan, explorateur des sites industriels, cycliste itin\u00e9rant, anarchiste et&hellip;\n","protected":false},"author":2,"featured_media":344083,"comment_status":"","ping_status":"","sticky":false,"template":"","format":"standard","meta":{"footnotes":""},"categories":[1591],"tags":[11,1887,12,1885,1886,132],"class_list":{"0":"post-344082","1":"post","2":"type-post","3":"status-publish","4":"format-standard","5":"has-post-thumbnail","7":"category-russie","8":"tag-actualites","9":"tag-federation-de-russie","10":"tag-news","11":"tag-russia","12":"tag-russian-federation","13":"tag-russie"},"share_on_mastodon":{"url":"https:\/\/pubeurope.com\/@fr\/115092428198828454","error":""},"_links":{"self":[{"href":"https:\/\/www.europesays.com\/fr\/wp-json\/wp\/v2\/posts\/344082","targetHints":{"allow":["GET"]}}],"collection":[{"href":"https:\/\/www.europesays.com\/fr\/wp-json\/wp\/v2\/posts"}],"about":[{"href":"https:\/\/www.europesays.com\/fr\/wp-json\/wp\/v2\/types\/post"}],"author":[{"embeddable":true,"href":"https:\/\/www.europesays.com\/fr\/wp-json\/wp\/v2\/users\/2"}],"replies":[{"embeddable":true,"href":"https:\/\/www.europesays.com\/fr\/wp-json\/wp\/v2\/comments?post=344082"}],"version-history":[{"count":0,"href":"https:\/\/www.europesays.com\/fr\/wp-json\/wp\/v2\/posts\/344082\/revisions"}],"wp:featuredmedia":[{"embeddable":true,"href":"https:\/\/www.europesays.com\/fr\/wp-json\/wp\/v2\/media\/344083"}],"wp:attachment":[{"href":"https:\/\/www.europesays.com\/fr\/wp-json\/wp\/v2\/media?parent=344082"}],"wp:term":[{"taxonomy":"category","embeddable":true,"href":"https:\/\/www.europesays.com\/fr\/wp-json\/wp\/v2\/categories?post=344082"},{"taxonomy":"post_tag","embeddable":true,"href":"https:\/\/www.europesays.com\/fr\/wp-json\/wp\/v2\/tags?post=344082"}],"curies":[{"name":"wp","href":"https:\/\/api.w.org\/{rel}","templated":true}]}}