{"id":344084,"date":"2025-08-26T01:17:18","date_gmt":"2025-08-26T01:17:18","guid":{"rendered":"https:\/\/www.europesays.com\/fr\/344084\/"},"modified":"2025-08-26T01:17:18","modified_gmt":"2025-08-26T01:17:18","slug":"guerre-en-ukraine-la-russie-a-fait-d-importantes-concessions-a-trump-affirme-vance","status":"publish","type":"post","link":"https:\/\/www.europesays.com\/fr\/344084\/","title":{"rendered":"Guerre en Ukraine | La Russie a fait d\u2019\u00ab\u00a0importantes concessions\u00a0\u00bb \u00e0 Trump, affirme Vance"},"content":{"rendered":"<p class=\"lead textModule textModule--type-lead \" style=\"\">(Washington) Le vice-pr\u00e9sident am\u00e9ricain J.D. Vance a affirm\u00e9 que Moscou avait fait d\u2019\u00ab\u00a0importantes concessions\u00a0\u00bb sur l\u2019Ukraine aupr\u00e8s de Donald Trump, depuis son sommet le 15\u00a0ao\u00fbt en Alaska avec Vladimir Poutine. <\/p>\n<p>        Mis \u00e0 jour hier \u00e0 11\u00a0h\u00a048<\/p>\n<p>    <a class=\"print\" href=\"https:\/\/www.lapresse.ca\/international\/europe\/2025-08-24\/guerre-en-ukraine\/javascript:window.print();\" title=\"Imprimer la page\" rel=\"nofollow noopener\" target=\"_blank\"><\/p>\n<p>        <img loading=\"lazy\" decoding=\"async\" width=\"16\" height=\"18\" src=\"https:\/\/www.europesays.com\/fr\/wp-content\/uploads\/2025\/04\/share-icon.png\" alt=\"Partager\"\/><\/p>\n<p class=\"paragraph textModule textModule--type-paragraph \" style=\"\">Mais l\u2019opposition d\u00e9mocrate a jug\u00e9 au contraire que le pr\u00e9sident russe \u00ab\u00a0baladait\u00a0\u00bb son homologue am\u00e9ricain et repr\u00e9sentait le principal \u00ab\u00a0obstacle\u00a0\u00bb \u00e0 un \u00e9ventuel accord de paix pour mettre fin \u00e0 la guerre en Ukraine. <\/p>\n<p class=\"paragraph textModule textModule--type-paragraph \" style=\"\">Selon M.\u00a0Vance, qui s\u2019exprimait dans une interview diffus\u00e9e dimanche par la cha\u00eene NBC, \u00ab\u00a0les Russes ont fait des concessions importantes au pr\u00e9sident Trump, pour la premi\u00e8re fois en trois ans et demi de conflit. Ils veulent en fait \u00eatre flexibles sur certaines de leurs exigences fondamentales\u00a0\u00bb. <\/p>\n<p class=\"paragraph textModule textModule--type-paragraph \" style=\"\">L\u2019\u00e9missaire am\u00e9ricain pour l\u2019Ukraine, Keith Kellogg, est \u00e0 Kyiv, <a href=\"https:\/\/www.lapresse.ca\/actualites\/politique\/2025-08-24\/visite-surprise-en-ukraine\/votre-cause-pour-la-liberte-est-la-notre-affirme-carney.php\" target=\"_blank\" rel=\"nofollow noopener\">ainsi que le premier ministre canadien Mark Carney<\/a>, tous deux aux c\u00f4t\u00e9s du pr\u00e9sident ukrainien Volodymyr Zelensky, \u00e0 l\u2019occasion du 34e\u00a0anniversaire de l\u2019ind\u00e9pendance de son pays, au moment o\u00f9 les efforts diplomatiques pour sortir du conflit semblent s\u2019enliser. <\/p>\n<p>                                        <img decoding=\"async\" src=\"https:\/\/www.europesays.com\/fr\/wp-content\/uploads\/2025\/08\/44e65f63e63f36dd8c5daacff295d86d.jpg\" alt=\"\" class=\"photoModule__visual\" itemprop=\"contentUrl url\"\/><\/p>\n<p class=\"credit photoModule__caption photoModule__caption--credit\" style=\"\">\n                    PHOTO SEAN KILPATRICK, LA PRESSE CANADIENNE\n                <\/p>\n<p class=\"description photoModule__caption photoModule__caption--description\" style=\"\">\n                    Le premier ministre canadien Mark Carney et le pr\u00e9sident ukrainien Volodymyr Zelensky \u00e0 Kyiv dimanche.\n                <\/p>\n<p class=\"paragraph textModule textModule--type-paragraph \" style=\"\">Au contraire, d\u2019apr\u00e8s le vice-pr\u00e9sident Vance, la Russie \u00ab\u00a0discute de ce qu\u2019il serait n\u00e9cessaire de faire pour mettre fin \u00e0 la guerre\u00a0\u00bb. <\/p>\n<p class=\"paragraph textModule textModule--type-paragraph \" style=\"\">\u00ab\u00a0Bien s\u00fbr, ils n\u2019y sont pas encore compl\u00e8tement parvenus et la guerre n\u2019est pas termin\u00e9e, mais nous sommes impliqu\u00e9s dans un processus diplomatique de bonne foi\u00a0\u00bb, a assur\u00e9 le vice-pr\u00e9sident des \u00c9tats-Unis. <\/p>\n<p>                    Rapprochement Trump-Poutine<\/p>\n<p class=\"paragraph textModule textModule--type-paragraph \" style=\"\">Le dirigeant conservateur a m\u00eame affirm\u00e9 que la premi\u00e8re puissance mondiale, dont le pr\u00e9sident Trump s\u2019est spectaculairement rapproch\u00e9 de Vladimir Poutine, \u00ab\u00a0tentait de n\u00e9gocier autant qu\u2019[elle] le [peut] avec les Russes et les Ukrainiens pour trouver un terrain d\u2019entente et arr\u00eater la tuerie\u00a0\u00bb. <\/p>\n<p class=\"epigraph textModule textModule--type-epigraph \" style=\"\">M.\u00a0Vance a encore d\u00e9fendu M.\u00a0Trump qui \u00ab\u00a0essaie de s\u2019engager dans une diplomatie tr\u00e8s agressive, tr\u00e8s \u00e9nergique\u00a0\u00bb. <\/p>\n<p>                                        <img decoding=\"async\" src=\"https:\/\/www.europesays.com\/fr\/wp-content\/uploads\/2025\/08\/05bb375461603dd29a8701c9b7b69636.jpg\" alt=\"\" class=\"photoModule__visual\" itemprop=\"contentUrl url\"\/><\/p>\n<p class=\"credit photoModule__caption photoModule__caption--credit\" style=\"\">\n                    PHOTO KEVIN LAMARQUE, ARCHIVES REUTERS\n                <\/p>\n<p class=\"description photoModule__caption photoModule__caption--description\" style=\"\">\n                    Le pr\u00e9sident russe, Vladimir Poutine, et son homologue am\u00e9ricain, Donald Trump, lors du sommet d\u2019Anchorage en Alaska le 15\u00a0ao\u00fbt.\n                <\/p>\n<p class=\"paragraph textModule textModule--type-paragraph \" style=\"\">\u00ab\u00a0La guerre n\u2019est dans l\u2019int\u00e9r\u00eat de personne. Ni dans l\u2019int\u00e9r\u00eat de l\u2019Europe, ni des \u00c9tats-Unis et nous ne pensons pas que la Russie ou l\u2019Ukraine ont int\u00e9r\u00eat \u00e0 continuer\u00a0\u00bb \u00e0 se battre, a-t-il conclu. <\/p>\n<p class=\"paragraph textModule textModule--type-paragraph \" style=\"\">Malgr\u00e9 les efforts de m\u00e9diation lanc\u00e9s par M.\u00a0Trump \u2014 lors du sommet d\u2019Anchorage avec M.\u00a0Poutine et l\u2019accueil le 18\u00a0ao\u00fbt \u00e0 la Maison-Blanche de M.\u00a0Zelensky et ses alli\u00e9s europ\u00e9ens, les positions de Moscou et Kyiv semblent irr\u00e9conciliables. <\/p>\n<p class=\"paragraph textModule textModule--type-paragraph \" style=\"\">Les deux pays en guerre s\u2019accusent de bloquer l\u2019organisation d\u2019une \u00e9ventuelle rencontre entre leurs pr\u00e9sidents. <\/p>\n<p class=\"paragraph textModule textModule--type-paragraph \" style=\"\">Ainsi le chef de la diplomatie russe, Sergue\u00ef Lavrov, a accus\u00e9 dimanche sur la t\u00e9l\u00e9vision publique russe Rossia les pays occidentaux de chercher \u00e0 \u00ab\u00a0emp\u00eacher\u00a0\u00bb des pourparlers pour mettre fin au conflit.\u00a0\u00a0<\/p>\n<p>                                        <img decoding=\"async\" src=\"https:\/\/www.europesays.com\/fr\/wp-content\/uploads\/2025\/08\/e8dff605d3903a57b6ac328a23f76354.jpg\" alt=\"\" class=\"photoModule__visual\" itemprop=\"contentUrl url\"\/><\/p>\n<p class=\"credit photoModule__caption photoModule__caption--credit\" style=\"\">\n                    PHOTO ALEXANDER ZEMLIANICHENKO, ARCHIVES AGENCE FRANCE-PRESSE\n                <\/p>\n<p class=\"description photoModule__caption photoModule__caption--description\" style=\"\">\n                    Les pays occidentaux \u00ab\u00a0ne font que chercher un pr\u00e9texte pour emp\u00eacher les n\u00e9gociations\u00a0\u00bb, a affirm\u00e9 le ministre russe des Affaires \u00e9trang\u00e8res, Sergue\u00ef Lavrov, dans une entrevue \u00e0 la cha\u00eene de t\u00e9l\u00e9vision publique Rossia diffus\u00e9e sur Telegram.\n                <\/p>\n<p class=\"paragraph textModule textModule--type-paragraph \" style=\"\">Il a r\u00e9affirm\u00e9 aussi sur NBC que le pr\u00e9sident Poutine \u00ab\u00a0voul[ait] la paix\u00a0\u00bb et \u00ab\u00a0respect[ait] le pr\u00e9sident Trump, car il d\u00e9fend les int\u00e9r\u00eats nationaux am\u00e9ricains\u00a0\u00bb. <\/p>\n<p class=\"paragraph textModule textModule--type-paragraph \" style=\"\">Mais pour l\u2019un des opposants au r\u00e9publicain Donald Trump, le s\u00e9nateur d\u00e9mocrate de Californie Adam Schiff, M.\u00a0Lavrov est un \u00ab\u00a0menteur chevronn\u00e9\u00a0\u00bb et les Russes \u00ab\u00a0baladent le pr\u00e9sident\u00a0\u00bb des \u00c9tats-Unis. <\/p>\n<p class=\"paragraph textModule textModule--type-paragraph \" style=\"\">Interrog\u00e9, \u00e9galement par NBC, sur le processus de paix en Ukraine, M.\u00a0Schiff a d\u00e9plor\u00e9 qu\u2019il soit \u00ab\u00a0bloqu\u00e9\u00a0\u00bb. <\/p>\n<p class=\"paragraph textModule textModule--type-paragraph \" style=\"\">L\u2019ancien directeur de la CIA, le g\u00e9n\u00e9ral \u00e0 la retraite David Petraeus, qui a servi sous le premier mandat de Barack Obama, est du m\u00eame avis\u00a0: \u00ab\u00a0L\u2019obstacle \u00e0 la paix en ce moment est le pr\u00e9sident Poutine\u00a0\u00bb, a-t-il affirm\u00e9 sur la t\u00e9l\u00e9vision ABC. <\/p>\n<p>                    \u00c9change de prisonniers<\/p>\n<p class=\"paragraph textModule textModule--type-paragraph \" style=\"\">La Russie et l\u2019Ukraine ont \u00e9chang\u00e9 dimanche 146\u00a0prisonniers de guerre de chaque camp, a annonc\u00e9 le minist\u00e8re russe de la D\u00e9fense dans un communiqu\u00e9, au moment o\u00f9 les efforts diplomatiques visant \u00e0 r\u00e9gler le conflit semblent s\u2019enliser.<\/p>\n<p class=\"paragraph textModule textModule--type-paragraph \" style=\"\">\u00ab\u00a0Le 24\u00a0ao\u00fbt, 146\u00a0militaires russes sont revenus du territoire contr\u00f4l\u00e9 par le r\u00e9gime de Kyiv\u00a0\u00bb, a indiqu\u00e9 le minist\u00e8re sur Telegram, en pr\u00e9cisant que \u00ab\u00a0146\u00a0prisonniers de guerre ukrainiens ont \u00e9t\u00e9 remis en \u00e9change\u00a0\u00bb, gr\u00e2ce \u00e0 des efforts de m\u00e9diation des \u00c9mirats arabes unis.<\/p>\n<p class=\"paragraph textModule textModule--type-paragraph \" style=\"\">Huit habitants de la r\u00e9gion frontali\u00e8re russe de Koursk, \u00ab\u00a0ill\u00e9galement retenus\u00a0\u00bb par l\u2019Ukraine, ont \u00e9galement \u00e9t\u00e9 remis \u00e0 la Russie, selon la m\u00eame source.<\/p>\n<p class=\"paragraph textModule textModule--type-paragraph \" style=\"\">Les forces ukrainiennes ont p\u00e9n\u00e9tr\u00e9 dans la r\u00e9gion de Koursk en ao\u00fbt\u00a02024, en occupant une partie pendant plusieurs mois, avant d\u2019\u00eatre repouss\u00e9es par les forces russes au printemps, \u00e0 l\u2019aide de combattants nord-cor\u00e9ens.<\/p>\n<p class=\"paragraph textModule textModule--type-paragraph \" style=\"\">Les \u00e9changes de prisonniers et de corps de soldats tu\u00e9s sont l\u2019un des derniers domaines o\u00f9 Moscou et Kyiv continuent de coop\u00e9rer, plus de trois ans et demi apr\u00e8s le d\u00e9but de l\u2019assaut russe contre l\u2019Ukraine.<\/p>\n<p class=\"chapter textModule textModule--type-chapter&#10;    \" style=\"\">La Russie accuse l\u2019Ukraine d\u2019avoir frapp\u00e9 une centrale nucl\u00e9aire<\/p>\n<p class=\"paragraph textModule textModule--type-paragraph&#10;    \" style=\"\">La Russie a accus\u00e9 dimanche l\u2019Ukraine d\u2019avoir lanc\u00e9 une attaque de drones contre une usine nucl\u00e9aire dans la r\u00e9gion de Koursk. Selon les autorit\u00e9s russes, l\u2019attaque a d\u00e9clench\u00e9 un incendie qui a \u00e9t\u00e9 rapidement ma\u00eetris\u00e9. On n\u2019a rapport\u00e9 aucun bless\u00e9, a indiqu\u00e9 le service de presse de la centrale sur Telegram. M\u00eame si un transformateur a \u00e9t\u00e9 endommag\u00e9, les niveaux de radiation sont demeur\u00e9s dans les limites normales. L\u2019Agence internationale de l\u2019\u00e9nergie atomique de l\u2019ONU dit \u00eatre au courant qu\u2019un transformateur d\u2019une centrale nucl\u00e9aire a pris feu \u00ab\u00a0\u00e0 la suite d\u2019une op\u00e9ration militaire\u00a0\u00bb, mais elle attend toujours d\u2019obtenir une confirmation. Le directeur g\u00e9n\u00e9ral de l\u2019organisation, Rafael Mariano Grossi, a rappel\u00e9 que \u00ab\u00a0toutes les centrales nucl\u00e9aires devaient toujours \u00eatre prot\u00e9g\u00e9es\u00a0\u00bb. L\u2019Ukraine n\u2019a pas comment\u00e9. Plusieurs autres attaques ont vis\u00e9 d\u2019autres installations \u00e9nerg\u00e9tiques, comme un terminal p\u00e9trolier dans le port d\u2019Oust-Louga, pr\u00e8s de Saint-P\u00e9tersbourg. Le gouverneur de la r\u00e9gion a dit qu\u2019une dizaine de drones avaient \u00e9t\u00e9 abattus. Ce sont ces d\u00e9bris qui auraient d\u00e9clench\u00e9 un incendie dans le terminal.<\/p>\n<p class=\"signature textModule textModule--type-signature&#10;    \" style=\"\">Associated Press<\/p>\n","protected":false},"excerpt":{"rendered":"(Washington) Le vice-pr\u00e9sident am\u00e9ricain J.D. Vance a affirm\u00e9 que Moscou avait fait d\u2019\u00ab\u00a0importantes concessions\u00a0\u00bb sur l\u2019Ukraine aupr\u00e8s de&hellip;\n","protected":false},"author":2,"featured_media":344085,"comment_status":"","ping_status":"","sticky":false,"template":"","format":"standard","meta":{"footnotes":""},"categories":[1590],"tags":[11,1777,674,12,220],"class_list":{"0":"post-344084","1":"post","2":"type-post","3":"status-publish","4":"format-standard","5":"has-post-thumbnail","7":"category-ukraine","8":"tag-actualites","9":"tag-eu","10":"tag-europe","11":"tag-news","12":"tag-ukraine"},"share_on_mastodon":{"url":"https:\/\/pubeurope.com\/@fr\/115092432825342436","error":""},"_links":{"self":[{"href":"https:\/\/www.europesays.com\/fr\/wp-json\/wp\/v2\/posts\/344084","targetHints":{"allow":["GET"]}}],"collection":[{"href":"https:\/\/www.europesays.com\/fr\/wp-json\/wp\/v2\/posts"}],"about":[{"href":"https:\/\/www.europesays.com\/fr\/wp-json\/wp\/v2\/types\/post"}],"author":[{"embeddable":true,"href":"https:\/\/www.europesays.com\/fr\/wp-json\/wp\/v2\/users\/2"}],"replies":[{"embeddable":true,"href":"https:\/\/www.europesays.com\/fr\/wp-json\/wp\/v2\/comments?post=344084"}],"version-history":[{"count":0,"href":"https:\/\/www.europesays.com\/fr\/wp-json\/wp\/v2\/posts\/344084\/revisions"}],"wp:featuredmedia":[{"embeddable":true,"href":"https:\/\/www.europesays.com\/fr\/wp-json\/wp\/v2\/media\/344085"}],"wp:attachment":[{"href":"https:\/\/www.europesays.com\/fr\/wp-json\/wp\/v2\/media?parent=344084"}],"wp:term":[{"taxonomy":"category","embeddable":true,"href":"https:\/\/www.europesays.com\/fr\/wp-json\/wp\/v2\/categories?post=344084"},{"taxonomy":"post_tag","embeddable":true,"href":"https:\/\/www.europesays.com\/fr\/wp-json\/wp\/v2\/tags?post=344084"}],"curies":[{"name":"wp","href":"https:\/\/api.w.org\/{rel}","templated":true}]}}