{"id":344090,"date":"2025-08-26T01:20:17","date_gmt":"2025-08-26T01:20:17","guid":{"rendered":"https:\/\/www.europesays.com\/fr\/344090\/"},"modified":"2025-08-26T01:20:17","modified_gmt":"2025-08-26T01:20:17","slug":"pronos-paris-rmc-le-pari-sur-du-26-aout-coupe-dallemagne","status":"publish","type":"post","link":"https:\/\/www.europesays.com\/fr\/344090\/","title":{"rendered":"PRONOS PARIS RMC Le pari s\u00fbr du 26 ao\u00fbt \u2013 Coupe d\u2019Allemagne"},"content":{"rendered":"<p><strong>Notre pronostic : Stuttgart gagne sur la pelouse de l\u2019Eintracht Brunswick (1.36)<\/strong><\/p>\n<p>Le d\u00e9but de saison est compliqu\u00e9 pour Stuttgart qui remet son titre en jeu pour cette Coupe d\u2019Allemagne. Les Stuttgartois ont perdu la Supercoupe face au Bayern Munich (2-1) avant de s\u2019incliner \u00e0 nouveau sur la pelouse de l\u2019Union Berlin pour la premi\u00e8re journ\u00e9e de Bundesliga. Aujourd\u2019hui ils affrontent un club de deuxi\u00e8me division allemande. L\u2019Eintracht Braunschweig a gagn\u00e9 ses deux premi\u00e8res rencontres de championnat avant de perdre sur la pelouse de Karlsruher (2-0). Je me dis tout de m\u00eame que Stuttgart aura la volont\u00e9 de lancer sa saison avec une victoire pour une cote de 1.36 !<\/p>\n<p><a href=\"https:\/\/www.winamax.fr\/paris-sportifs\/match\/61232419\" target=\"_blank\" class=\"external_link\" rel=\"nofollow noopener\">Pariez sur Eintracht Brunswick \u2013 Stuttgart ici !<\/a><\/p>\n<p><strong>Les autres options :<\/strong><\/p>\n<p>Birmingham bat Port Vale (1.34)<\/p>\n<p>Burnley bat Derby County (1.48)<\/p>\n<p>Cardiff bat Cheltenham Town (1.44)<\/p>\n<p>Cote totale des quatre paris s\u00fbrs : 3.88<\/p>\n<p>Yohan Bredow Journaliste RMC Sport<\/p>\n","protected":false},"excerpt":{"rendered":"Notre pronostic : Stuttgart gagne sur la pelouse de l\u2019Eintracht Brunswick (1.36) Le d\u00e9but de saison est compliqu\u00e9&hellip;\n","protected":false},"author":2,"featured_media":344091,"comment_status":"","ping_status":"","sticky":false,"template":"","format":"standard","meta":{"footnotes":""},"categories":[1587],"tags":[11,672,1804,1805,1803,1777,674,1801,12,1802],"class_list":{"0":"post-344090","1":"post","2":"type-post","3":"status-publish","4":"format-standard","5":"has-post-thumbnail","7":"category-allemagne","8":"tag-actualites","9":"tag-allemagne","10":"tag-bundesrepublik-deutschland","11":"tag-de","12":"tag-deutschland","13":"tag-eu","14":"tag-europe","15":"tag-germany","16":"tag-news","17":"tag-republique-federale-dallemagne"},"share_on_mastodon":{"url":"https:\/\/pubeurope.com\/@fr\/115092443879281592","error":""},"_links":{"self":[{"href":"https:\/\/www.europesays.com\/fr\/wp-json\/wp\/v2\/posts\/344090","targetHints":{"allow":["GET"]}}],"collection":[{"href":"https:\/\/www.europesays.com\/fr\/wp-json\/wp\/v2\/posts"}],"about":[{"href":"https:\/\/www.europesays.com\/fr\/wp-json\/wp\/v2\/types\/post"}],"author":[{"embeddable":true,"href":"https:\/\/www.europesays.com\/fr\/wp-json\/wp\/v2\/users\/2"}],"replies":[{"embeddable":true,"href":"https:\/\/www.europesays.com\/fr\/wp-json\/wp\/v2\/comments?post=344090"}],"version-history":[{"count":0,"href":"https:\/\/www.europesays.com\/fr\/wp-json\/wp\/v2\/posts\/344090\/revisions"}],"wp:featuredmedia":[{"embeddable":true,"href":"https:\/\/www.europesays.com\/fr\/wp-json\/wp\/v2\/media\/344091"}],"wp:attachment":[{"href":"https:\/\/www.europesays.com\/fr\/wp-json\/wp\/v2\/media?parent=344090"}],"wp:term":[{"taxonomy":"category","embeddable":true,"href":"https:\/\/www.europesays.com\/fr\/wp-json\/wp\/v2\/categories?post=344090"},{"taxonomy":"post_tag","embeddable":true,"href":"https:\/\/www.europesays.com\/fr\/wp-json\/wp\/v2\/tags?post=344090"}],"curies":[{"name":"wp","href":"https:\/\/api.w.org\/{rel}","templated":true}]}}