{"id":344092,"date":"2025-08-26T01:21:22","date_gmt":"2025-08-26T01:21:22","guid":{"rendered":"https:\/\/www.europesays.com\/fr\/344092\/"},"modified":"2025-08-26T01:21:22","modified_gmt":"2025-08-26T01:21:22","slug":"premiere-en-france-des-visons-deurope-reintroduits-dans-la-nature-dans-la-vallee-de-la-charente","status":"publish","type":"post","link":"https:\/\/www.europesays.com\/fr\/344092\/","title":{"rendered":"Premi\u00e8re en France : des visons d\u2019Europe r\u00e9introduits dans la nature dans la vall\u00e9e de la Charente"},"content":{"rendered":"<p class=\"paragraph text_align_left lp-f-body-02\">Le nouveau l\u00e2cher s\u2019est d\u00e9roul\u00e9 en catimini. Ce lundi 25 ao\u00fbt au matin, trois <a href=\"https:\/\/www.leparisien.fr\/environnement\/especes-menacees-il-faut-sauver-les-visons-de-france-22-10-2020-8404404.php\" target=\"_blank\" rel=\"noreferrer noopener\">visons<\/a> d\u2019Europe ont regagn\u00e9 la nature dans une localisation tenue secr\u00e8te, quelque part dans la vall\u00e9e de la Charente, entre Angoul\u00eame (Charente) et Saintes (Charente-Maritime).<\/p>\n<p class=\"paragraph text_align_left lp-f-body-02\">Ces petits carnivores en danger critique d\u2019extinction avaient besoin de qui\u00e9tude pour faire leurs premiers pas en milieu \u00ab r\u00e9el \u00bb, apr\u00e8s avoir grandi au sein d\u2019un \u00e9levage conservatoire fond\u00e9 en 2019 <a href=\"https:\/\/www.leparisien.fr\/societe\/quatorze-bebes-visons-sont-nes-au-parc-zoodyssee-dans-les-deux-sevres-24-08-2020-8372220.php\" target=\"_blank\" rel=\"noreferrer noopener\">au sein du parc animalier Zoodyss\u00e9e<\/a>, \u00e0 Villiers-en-Bois (Deux-S\u00e8vres).<\/p>\n<p class=\"paragraph text_align_left lp-f-body-02\">\u00ab Une cinquantaine de visons y ont vu le jour. C\u2019est une vraie prouesse tant la reproduction de ce mammif\u00e8re est compliqu\u00e9e \u00bb, a expliqu\u00e9 Coralie D\u00e9noues, pr\u00e9sidente du Conseil d\u00e9partemental des Deux-S\u00e8vres, lors d\u2019un point presse organis\u00e9 \u00e0 Zoodyss\u00e9e.<\/p>\n<p>\u00ab Un sacr\u00e9 challenge \u00bb<\/p>\n<p class=\"paragraph text_align_left lp-f-body-02\">\u00ab Cette r\u00e9introduction est un sacr\u00e9 challenge. Sur le papier, tout est fait que pour \u00e7a ne fonctionne pas : cet animal peut se reproduire une seule fois par an, les chaleurs de la femelle ne durent que trois jours et le couple peut \u00eatre amen\u00e9 \u00e0 se battre jusqu\u2019\u00e0 la mort. Nous aurons de la mortalit\u00e9, nous le savons. Mais si nous ne faisons rien, l\u2019esp\u00e8ce va dispara\u00eetre \u00bb, a soulign\u00e9 Olivier Thibault, directeur g\u00e9n\u00e9ral de l\u2019Office fran\u00e7ais de la biodiversit\u00e9 (OFB).<\/p>\n<p class=\"paragraph text_align_left lp-f-body-02\">La population fran\u00e7aise est estim\u00e9e \u00e0 moins de 250 individus, principalement en Nouvelle-Aquitaine. Le vison d\u2019Europe a perdu 90 % de ses effectifs au cours du XXe si\u00e8cle. Zoodyss\u00e9e et l\u2019OFB, accompagn\u00e9s par 150 partenaires, sont aujourd\u2019hui les premiers en France \u00e0 oser \u00ab une translocation \u00bb de ces must\u00e9lid\u00e9s dans leur environnement primaire.<\/p>\n<p class=\"paragraph text_align_left lp-f-body-02\">Cinq jeunes \u00e2g\u00e9s de trois mois ont \u00e9t\u00e9 l\u00e2ch\u00e9s le 7 ao\u00fbt, trois le 25 ao\u00fbt et deux doivent suivre le 8 septembre. L\u2019objectif est d\u2019arriver au chiffre de 100 individus regagnant la nature d\u2019ici \u00e0 2031.<\/p>\n<p>\u00ab Notre angoisse, c\u2019est de les perdre \u00bb<\/p>\n<p class=\"paragraph text_align_left lp-f-body-02\">Le d\u00e9fi est de taille car ce carnivore semi-aquatique survit l\u00e0 o\u00f9 l\u2019environnement est pr\u00e9serv\u00e9. \u00ab C\u2019est une esp\u00e8ce parapluie, si elle arrive \u00e0 vivre, c\u2019est signe que les zones humides sont de qualit\u00e9 \u00bb, a pr\u00e9cis\u00e9 le directeur de l\u2019OFB. Sa rar\u00e9faction s\u2019explique par la perte d\u2019habitats favorables, essentiellement les zones humides et les cours d\u2019eau, les collisions routi\u00e8res ou encore la progression du vison d\u2019Am\u00e9rique \u2014 qui se distingue de son homologue europ\u00e9en par l\u2019absence de tache blanche sur la l\u00e8vre sup\u00e9rieure.<\/p>\n<p class=\"paragraph text_align_left lp-f-body-02\">Pour que cette mise en libert\u00e9 se passe au mieux, les \u00e9quipes ont travaill\u00e9 \u00e0 une pr\u00e9paration en amont. Dans les 30 enclos de l\u2019\u00e9levage conservatoire, les prot\u00e9g\u00e9s sont d\u00e9j\u00e0 sous haute surveillance. \u00ab \u00c0 J + 70 apr\u00e8s la naissance, c\u2019est l\u2019\u00e9mancipation, les petits se s\u00e9parent de la m\u00e8re. Nous s\u00e9lectionnons les plus vigoureux qui passent ensuite deux semaines en enclos d\u2019acclimatation in situ, o\u00f9 ils sont seuls. Au moment du l\u00e2cher, ils sortent par une trappe. Certains ont mis plusieurs heures, d\u2019autres sont partis de suite \u00bb, a d\u00e9taill\u00e9 Yann de Beaulieu, de l\u2019OFB.<\/p>\n<p class=\"paragraph text_align_left lp-f-body-02\">Ces animaux vifs et discrets sont \u00e9quip\u00e9s d\u2019\u00e9metteurs permettant un rep\u00e9rage \u00e0 500 m. \u00ab Notre angoisse, c\u2019est de les perdre. C\u2019est arriv\u00e9 lors du premier l\u00e2cher, nous avons eu un probl\u00e8me technique. Mais les premiers jours, nous avons pu constater qu\u2019ils capturaient des proies et trouvaient des abris \u00bb, a compl\u00e9t\u00e9 le sp\u00e9cialiste. Ce qui est d\u00e9j\u00e0 bon signe.<\/p>\n","protected":false},"excerpt":{"rendered":"Le nouveau l\u00e2cher s\u2019est d\u00e9roul\u00e9 en catimini. Ce lundi 25 ao\u00fbt au matin, trois visons d\u2019Europe ont regagn\u00e9&hellip;\n","protected":false},"author":2,"featured_media":344093,"comment_status":"","ping_status":"","sticky":false,"template":"","format":"standard","meta":{"footnotes":""},"categories":[1586],"tags":[917,11,1867,459,48017,1777,674,1011,27,12,25],"class_list":{"0":"post-344092","1":"post","2":"type-post","3":"status-publish","4":"format-standard","5":"has-post-thumbnail","7":"category-europe","8":"tag-actu-locale","9":"tag-actualites","10":"tag-animaux","11":"tag-departements-horsidfo","12":"tag-deux-sevres-79","13":"tag-eu","14":"tag-europe","15":"tag-fr","16":"tag-france","17":"tag-news","18":"tag-republique-francaise"},"share_on_mastodon":{"url":"https:\/\/pubeurope.com\/@fr\/115092447848634702","error":""},"_links":{"self":[{"href":"https:\/\/www.europesays.com\/fr\/wp-json\/wp\/v2\/posts\/344092","targetHints":{"allow":["GET"]}}],"collection":[{"href":"https:\/\/www.europesays.com\/fr\/wp-json\/wp\/v2\/posts"}],"about":[{"href":"https:\/\/www.europesays.com\/fr\/wp-json\/wp\/v2\/types\/post"}],"author":[{"embeddable":true,"href":"https:\/\/www.europesays.com\/fr\/wp-json\/wp\/v2\/users\/2"}],"replies":[{"embeddable":true,"href":"https:\/\/www.europesays.com\/fr\/wp-json\/wp\/v2\/comments?post=344092"}],"version-history":[{"count":0,"href":"https:\/\/www.europesays.com\/fr\/wp-json\/wp\/v2\/posts\/344092\/revisions"}],"wp:featuredmedia":[{"embeddable":true,"href":"https:\/\/www.europesays.com\/fr\/wp-json\/wp\/v2\/media\/344093"}],"wp:attachment":[{"href":"https:\/\/www.europesays.com\/fr\/wp-json\/wp\/v2\/media?parent=344092"}],"wp:term":[{"taxonomy":"category","embeddable":true,"href":"https:\/\/www.europesays.com\/fr\/wp-json\/wp\/v2\/categories?post=344092"},{"taxonomy":"post_tag","embeddable":true,"href":"https:\/\/www.europesays.com\/fr\/wp-json\/wp\/v2\/tags?post=344092"}],"curies":[{"name":"wp","href":"https:\/\/api.w.org\/{rel}","templated":true}]}}