{"id":344094,"date":"2025-08-26T01:22:13","date_gmt":"2025-08-26T01:22:13","guid":{"rendered":"https:\/\/www.europesays.com\/fr\/344094\/"},"modified":"2025-08-26T01:22:13","modified_gmt":"2025-08-26T01:22:13","slug":"lavenir-de-la-serbie-passe-par-lue-declare-le-president-aleksandar-vucic-a-euronews","status":"publish","type":"post","link":"https:\/\/www.europesays.com\/fr\/344094\/","title":{"rendered":"\u00ab\u00a0L&rsquo;avenir de la Serbie passe par l&rsquo;UE\u00a0\u00bb, d\u00e9clare le pr\u00e9sident Aleksandar Vu\u010di\u0107 \u00e0 Euronews"},"content":{"rendered":"<p>La Serbie et son gouvernement restent engag\u00e9s dans le dialogue malgr\u00e9 le refus des manifestants d&rsquo;accepter ses offres de d\u00e9bat public ou d&rsquo;\u00e9lections anticip\u00e9es, a d\u00e9clar\u00e9 lundi \u00e0 Euronews \u00e0 Belgrade le pr\u00e9sident de ce pays des Balkans occidentaux et candidat \u00e0 l&rsquo;adh\u00e9sion \u00e0 l&rsquo;UE, Aleksandar Vu\u010di\u0107.<\/p>\n<p>\u00c0 cette fin, il a de nouveau r\u00e9it\u00e9r\u00e9 son offre aux manifestants de s&rsquo;asseoir pour un d\u00e9bat public dans le cadre d&rsquo;une conversation ouverte, qu&rsquo;il a dit avoir mise sur la table \u00e0 de nombreuses reprises auparavant.<\/p>\n<p>\u00ab\u00a0Ce n&rsquo;\u00e9tait pas mon premier appel. En fait, c&rsquo;\u00e9tait mon cinqui\u00e8me ou sixi\u00e8me appel \u00e0 un dialogue, \u00e0 une conversation ouverte\u00a0\u00bb, a expliqu\u00e9 Vu\u010di\u0107. \u00ab\u00a0Je leur ai m\u00eame propos\u00e9 un d\u00e9bat t\u00e9l\u00e9vis\u00e9 ouvert. Ils peuvent choisir la pr\u00e9misse, ils peuvent choisir le studio.\u00a0\u00bb<\/p>\n<p>\u00ab\u00a0Et j&rsquo;\u00e9tais pr\u00eat \u00e0 en discuter publiquement parce que je crois que les pourparlers, la conversation, le dialogue ne sont pas du tout une alternative.\u00a0\u00bb<\/p>\n<p><b class=\"c-widget-related__title__text\">Related<\/b><\/p>\n<p>Bien que sa derni\u00e8re offre de discussion publique ait \u00e9t\u00e9 rejet\u00e9e, il a d\u00e9clar\u00e9 que le rameau d&rsquo;olivier qu&rsquo;il avait tendu tenait toujours. \u00ab\u00a0Mon offre restera valable jusqu&rsquo;\u00e0 ce qu&rsquo;ils l&rsquo;acceptent parce qu&rsquo;un jour, ils devront parler \u00e0 quelqu&rsquo;un.<\/p>\n<p>La s\u00e9rie de manifestations organis\u00e9es dans toute la Serbie a d&rsquo;abord \u00e9t\u00e9 organis\u00e9e en r\u00e9action \u00e0 l&rsquo;accident survenu dans la capitale r\u00e9gionale de Novi Sad, dans le nord du pays, o\u00f9 un auvent de gare s&rsquo;est effondr\u00e9 en novembre 2024, causant la mort de 16 personnes.<\/p>\n<p>Les manifestations, men\u00e9es principalement par des \u00e9tudiants universitaires, ont \u00e9t\u00e9 largement pacifiques, mais sont devenues violentes au cours des derni\u00e8res semaines.<\/p>\n<p>\u00c0 la mi-ao\u00fbt, une recrudescence des confrontations physiques entre les manifestants et la police, au milieu de la destruction des bureaux du parti SNS de Vu\u010di\u0107 dans des endroits comme Novi Sad et la ville de Valjevo, a entra\u00een\u00e9 des dizaines de bless\u00e9s parmi les policiers et des dizaines d&rsquo;arrestations.<\/p>\n<p>\u00a0\u00bb Tout type de violence que nous avons vu dans les rues, n&rsquo;est pas bon pour ce pays \u00ab\u00a0, a d\u00e9clar\u00e9 Vu\u010di\u0107 \u00e0 Euronews. \u00ab\u00a0Si vous voyez quelqu&rsquo;un mettre le feu ou jeter des pierres contre les locaux du parti au pouvoir ou attaquer des personnes qui \u00e9taient assises \u00e0 l&rsquo;int\u00e9rieur et discutaient de leurs propres probl\u00e8mes, ce n&rsquo;est pas une bonne image.\u00a0\u00bb<\/p>\n<p>\u00ab\u00a0Ce n&rsquo;est pas une bonne situation pour la Serbie, pour attirer de nouveaux investissements, pour attirer de nouveaux touristes, pour dire, venez, nous sommes l&rsquo;un des pays les plus s\u00fbrs d&rsquo;Europe, venez chez nous. Ce n&rsquo;est pas une bonne chose.<\/p>\n<p><b class=\"c-widget-related__title__text\">Related<\/b><\/p>\n<p>Malgr\u00e9 les accusations de recours excessif \u00e0 la force par les forces de l&rsquo;ordre pour r\u00e9primer les troubles et les destructions de biens, Vu\u010di\u0107 a soutenu la police, affirmant qu&rsquo;elle \u00e9tait rest\u00e9e calme malgr\u00e9 les menaces directes de violence prof\u00e9r\u00e9es par les manifestants.<\/p>\n<p>\u00a0\u00bb La r\u00e9action de la police serbe \u00e0 celle d&rsquo;autres grandes (forces) de police de l&rsquo;UE est presque incomparable \u00ab\u00a0, a expliqu\u00e9 M. Vu\u010di\u0107.<\/p>\n<p>\u00ab\u00a0Je suis tr\u00e8s fier du comportement et des positions adopt\u00e9es par notre police et de sa patience, et je pense que c&rsquo;est un miracle que, compte tenu du niveau d&rsquo;agressivit\u00e9 des manifestants, nous ayons maintenu la situation de mani\u00e8re \u00e0 ce qu&rsquo;il n&rsquo;y ait pas de victimes, qu&rsquo;il n&rsquo;y ait pas de morts en neuf mois\u00a0\u00bb, a-t-il soulign\u00e9.<\/p>\n<p>\u00ab\u00a0Nous esp\u00e9rons \u00eatre un exemple de r\u00e9solution d\u00e9mocratique et pacifique de toutes ces questions.<\/p>\n<p>Il y aura un nouveau pr\u00e9sident et de nouveaux dirigeants<\/p>\n<p>L&rsquo;accident de la gare de Novi Sad a \u00e9galement soulev\u00e9 des questions de corruption syst\u00e9mique, les manifestants affirmant que l&rsquo;effondrement de l&rsquo;auvent \u00e9tait le r\u00e9sultat direct d&rsquo;une reconstruction b\u00e2cl\u00e9e.<\/p>\n<p>Selon Vu\u010di\u0107, la corruption est devenue un argument de choix et un moyen facile d&rsquo;exprimer des griefs, m\u00eame s&rsquo;ils n&rsquo;ont rien \u00e0 voir.<\/p>\n<p>\u00ab\u00a0Il ne fait aucun doute qu&rsquo;il y a de la corruption partout, dans le monde entier, dans chaque pays. Et c&rsquo;est le sujet le plus facile que quelqu&rsquo;un peut choisir et dire, &lsquo;Ok, il y a de la corruption'\u00a0\u00bb, a d\u00e9clar\u00e9 Vu\u010di\u0107.<\/p>\n<p>\u00ab\u00a0Mais en mettant cela de c\u00f4t\u00e9, bien s\u00fbr, il y a beaucoup de corruption, et nous devons la combattre beaucoup plus fort. Et je suis tr\u00e8s d\u00e9vou\u00e9, tr\u00e8s d\u00e9vou\u00e9 \u00e0 mener ce combat, \u00e0 mener la lutte\u00a0\u00bb, a-t-il expliqu\u00e9.<\/p>\n<p>Parmi les demandes des manifestants figurait celle d&rsquo;\u00e9lections anticip\u00e9es &#8211; que Vu\u010di\u0107 a d\u00e9clar\u00e9 avoir propos\u00e9es au moins trois fois au cours des six derniers mois, ainsi qu&rsquo;un r\u00e9f\u00e9rendum en janvier sur sa pr\u00e9sidence, lorsqu&rsquo;il a d\u00e9clar\u00e9 qu&rsquo;il d\u00e9missionnerait s&rsquo;il n&rsquo;avait pas le soutien du peuple. Pourtant, selon lui, toutes ses offres ont finalement \u00e9t\u00e9 refus\u00e9es.<\/p>\n<p>\u00ab\u00a0Nous voulions r\u00e9pondre \u00e0 toutes leurs exigences, \u00e0 toutes leurs demandes, \u00e0 toutes leurs exigences\u00a0\u00bb, a d\u00e9clar\u00e9 le pr\u00e9sident serbe. \u00ab\u00a0Ils disaient, non, c&rsquo;est de la trahison, c&rsquo;est un acte de trahison\u00a0\u00bb.<\/p>\n<p>\u00ab\u00a0Nous avons beaucoup \u00e0 faire, beaucoup de choses \u00e0 faire. Et vous savez, il faut travailler de temps en temps. On ne peut pas toujours se contenter d&rsquo;\u00e9lections et d&rsquo;\u00e9lections. Et maintenant, ils disent que la seule chose dont nous avons besoin, ce sont des \u00e9lections\u00a0\u00bb, a-t-il soulign\u00e9.<\/p>\n<p><img decoding=\"async\" class=\"caas-img caas-lazy has-preview\" alt=\"Jane Witherspoon, journaliste \u00e0 Euronews, s'entretient avec le pr\u00e9sident serbe Aleksandar Vu\u010di\u0107 \u00e0 Belgrade, le 25 ao\u00fbt 2025\" src=\"https:\/\/www.europesays.com\/fr\/wp-content\/uploads\/2025\/08\/cc6e3e34f49868c1a0c4520c8a01af29.jpeg\"\/><\/p>\n<p> Jane Witherspoon, journaliste \u00e0 Euronews, s&rsquo;entretient avec le pr\u00e9sident serbe Aleksandar Vu\u010di\u0107 \u00e0 Belgrade, le 25 ao\u00fbt 2025   &#8211; Euronews <\/p>\n<p>Le Premier ministre Milo\u0161 Vu\u010devi\u0107 &#8211; issu du parti de Vu\u010di\u0107 &#8211; a remis sa d\u00e9mission en janvier, \u00e0 la suite de troubles dans sa ville natale de Novi Sad. L&rsquo;ancien maire de la ville septentrionale a \u00e9t\u00e9 remplac\u00e9 par \u0110uro Macut en avril.<\/p>\n<p>D&rsquo;autres all\u00e9gations ont fait surface selon lesquelles Vu\u010di\u0107 &#8211; dont le deuxi\u00e8me mandat pr\u00e9sidentiel s&rsquo;ach\u00e8ve en mai 2027 &#8211; chercherait \u00e0 modifier la constitution pour lui permettre de rester \u00e0 ce poste pour un troisi\u00e8me mandat sans pr\u00e9c\u00e9dent.<\/p>\n<p>Cependant, il a cat\u00e9goriquement rejet\u00e9 cette possibilit\u00e9.<\/p>\n<p>\u00ab\u00a0Je serai pr\u00e9sident pendant un an, un an et demi, pas plus. Il y aura un nouveau pr\u00e9sident et de nouveaux dirigeants. Je ne changerai pas de constitution pour jouer \u00e0 ce genre de jeux\u00a0\u00bb, a-t-il expliqu\u00e9.<\/p>\n<p>La Serbie restera fermement engag\u00e9e sur la voie de l&rsquo;UE<\/p>\n<p>En attendant, le chemin de la Serbie vers une adh\u00e9sion compl\u00e8te \u00e0 l&rsquo;Union europ\u00e9enne reste sa principale priorit\u00e9, car c&rsquo;est l\u00e0 qu&rsquo;appartient son pays, a d\u00e9clar\u00e9 Vu\u010di\u0107.<\/p>\n<p>\u00a0\u00bb Jusqu&rsquo;\u00e0 ce que je quitte la place, la Serbie restera tr\u00e8s fermement sur la voie de l&rsquo;UE, engag\u00e9e et d\u00e9di\u00e9e \u00e0 cette voie, en menant et en mettant en \u0153uvre les r\u00e9formes n\u00e9cessaires \u00ab\u00a0, a-t-il d\u00e9clar\u00e9.<\/p>\n<p>Interrog\u00e9 sur ses relations avec le pr\u00e9sident russe Vladimir Poutine, Vu\u010di\u0107 a d\u00e9clar\u00e9 qu&rsquo;elles restaient cordiales et que, selon lui, le dirigeant russe \u00e9tait ouvert \u00e0 mettre fin \u00e0 sa guerre totale en cours en Ukraine dans le cadre d&rsquo;un accord de paix.<\/p>\n<p>En outre, Vu\u010di\u0107 a d\u00e9clar\u00e9 qu&rsquo;il accueillerait \u00e0 la fois Poutine et son homologue ukrainien Volodymyr Zelenskyy pour des pourparlers de paix dans la capitale serbe, si les deux le souhaitent.<\/p>\n<p>\u00ab\u00a0Je sais qu&rsquo;il y a des milliers de personnes et au moins des dizaines de pays qui offrent leur espace pour cette rencontre\u00a0\u00bb, a expliqu\u00e9 Vu\u010di\u0107.<\/p>\n<p>\u00ab\u00a0Je ne peux pas rivaliser avec ceux qui sont plus grands, plus intelligents et quoi que ce soit, mais ils sont toujours les bienvenus &#8230; et la Serbie peut offrir une bonne hospitalit\u00e9 et un endroit tr\u00e8s s\u00fbr pour eux deux\u00a0\u00bb, a-t-il conclu.<\/p>\n","protected":false},"excerpt":{"rendered":"La Serbie et son gouvernement restent engag\u00e9s dans le dialogue malgr\u00e9 le refus des manifestants d&rsquo;accepter ses offres&hellip;\n","protected":false},"author":2,"featured_media":344095,"comment_status":"","ping_status":"","sticky":false,"template":"","format":"standard","meta":{"footnotes":""},"categories":[1586],"tags":[11,6701,1777,674,1779,3160,1011,27,44094,3371,12,25,3329,1778,364],"class_list":{"0":"post-344094","1":"post","2":"type-post","3":"status-publish","4":"format-standard","5":"has-post-thumbnail","7":"category-europe","8":"tag-actualites","9":"tag-aleksandar-vucic","10":"tag-eu","11":"tag-europe","12":"tag-european-union","13":"tag-forces-de-lordre","14":"tag-fr","15":"tag-france","16":"tag-la-conversation","17":"tag-la-police","18":"tag-news","19":"tag-republique-francaise","20":"tag-serbie","21":"tag-ue","22":"tag-union-europeenne"},"share_on_mastodon":{"url":"https:\/\/pubeurope.com\/@fr\/115092451847274315","error":""},"_links":{"self":[{"href":"https:\/\/www.europesays.com\/fr\/wp-json\/wp\/v2\/posts\/344094","targetHints":{"allow":["GET"]}}],"collection":[{"href":"https:\/\/www.europesays.com\/fr\/wp-json\/wp\/v2\/posts"}],"about":[{"href":"https:\/\/www.europesays.com\/fr\/wp-json\/wp\/v2\/types\/post"}],"author":[{"embeddable":true,"href":"https:\/\/www.europesays.com\/fr\/wp-json\/wp\/v2\/users\/2"}],"replies":[{"embeddable":true,"href":"https:\/\/www.europesays.com\/fr\/wp-json\/wp\/v2\/comments?post=344094"}],"version-history":[{"count":0,"href":"https:\/\/www.europesays.com\/fr\/wp-json\/wp\/v2\/posts\/344094\/revisions"}],"wp:featuredmedia":[{"embeddable":true,"href":"https:\/\/www.europesays.com\/fr\/wp-json\/wp\/v2\/media\/344095"}],"wp:attachment":[{"href":"https:\/\/www.europesays.com\/fr\/wp-json\/wp\/v2\/media?parent=344094"}],"wp:term":[{"taxonomy":"category","embeddable":true,"href":"https:\/\/www.europesays.com\/fr\/wp-json\/wp\/v2\/categories?post=344094"},{"taxonomy":"post_tag","embeddable":true,"href":"https:\/\/www.europesays.com\/fr\/wp-json\/wp\/v2\/tags?post=344094"}],"curies":[{"name":"wp","href":"https:\/\/api.w.org\/{rel}","templated":true}]}}