{"id":344098,"date":"2025-08-26T01:24:12","date_gmt":"2025-08-26T01:24:12","guid":{"rendered":"https:\/\/www.europesays.com\/fr\/344098\/"},"modified":"2025-08-26T01:24:12","modified_gmt":"2025-08-26T01:24:12","slug":"israeliens-refuses-dans-un-parc-de-loisirs-le-site-aura-de-gros-problemes-si-les-faits-se-confirment-previent-le-prefet","status":"publish","type":"post","link":"https:\/\/www.europesays.com\/fr\/344098\/","title":{"rendered":"Isra\u00e9liens refus\u00e9s dans un parc de loisirs : le site \u00ab aura de gros probl\u00e8mes \u00bb si les faits se confirment, pr\u00e9vient le pr\u00e9fet"},"content":{"rendered":"<p class=\"paragraph text_align_left lp-f-body-02\">Son g\u00e9rant ne s\u2019est pas encore exprim\u00e9 depuis la fin de sa garde \u00e0 vue. \u00c0 son entr\u00e9e en poste, ce lundi, le nouveau pr\u00e9fet des Pyr\u00e9n\u00e9es-Orientales a indiqu\u00e9 \u00e0 la presse que le parc de loisirs, dont le responsable <a href=\"https:\/\/www.leparisien.fr\/faits-divers\/israeliens-refuses-par-un-parc-de-loisirs-le-gerant-mis-en-examen-23-08-2025-3XMLP3R3AVCMZB2Q62JYBF3ZZM.php\" target=\"_blank\" rel=\"noreferrer noopener\">est suspect\u00e9 d\u2019avoir refus\u00e9 l\u2019acc\u00e8s \u00e0 des touristes isra\u00e9liens<\/a>, aurait \u00ab de gros probl\u00e8mes avec l\u2019Etat \u00bb si les faits \u00e9taient av\u00e9r\u00e9s, sous-entendant qu\u2019il pourrait d\u00e9cider de sa fermeture.<\/p>\n<p class=\"paragraph text_align_left lp-f-body-02\">Floran S., 52 ans, a \u00e9t\u00e9 mis en examen ce week-end pour \u00ab discrimination fond\u00e9e sur l\u2019origine, l\u2019ethnie ou la nationalit\u00e9 \u00bb \u00e0 l\u2019issue de 48 heures de garde \u00e0 vue. Jeudi, il aurait refus\u00e9 l\u2019acc\u00e8s \u00e0 150 enfants isra\u00e9liens, \u00e2g\u00e9s de 8 \u00e0 16 ans, car ils \u00e9taient isra\u00e9liens selon les responsables du groupe. Ce qu\u2019il nie, <a href=\"https:\/\/www.leparisien.fr\/faits-divers\/israeliens-refuses-par-un-parc-de-loisirs-face-aux-gendarmes-le-gerant-avance-toujours-des-raisons-de-securite-24-08-2025-HZXQO266TJCLFKLNUQSLLNXWSU.php\" target=\"_blank\" rel=\"noreferrer noopener\">invoquant aupr\u00e8s des enqu\u00eateurs \u00ab des raisons de s\u00e9curit\u00e9 \u00bb<\/a>.<\/p>\n<p class=\"paragraph text_align_left lp-f-body-02\">Si le responsable du parc de loisirs a \u00e9t\u00e9 laiss\u00e9 libre (il encourt jusqu\u2019\u00e0 5 ans de prison et 75 000 euros d\u2019amende), l\u2019enqu\u00eate, elle, se poursuit. \u00ab J\u2019esp\u00e8re que la justice sera tr\u00e8s ferme. On ne peut rien laisser passer \u00bb, alors que \u00ab <a href=\"https:\/\/www.leparisien.fr\/societe\/antisemitisme-646-actes-recenses-en-france-de-janvier-a-juin-25-08-2025-LDJVJ5GR3JA5LERYFDOSFBAYBA.php\" target=\"_blank\" rel=\"noreferrer noopener\">les actes antis\u00e9mites sont en train d\u2019exploser<\/a> \u00bb, avait soulign\u00e9 vendredi le ministre de l\u2019Int\u00e9rieur, Bruno Retailleau.<\/p>\n<p class=\"paragraph text_align_left lp-f-body-02\">\u00ab Je tiens \u00e0 rappeler que l\u2019antis\u00e9mitisme n\u2019a pas sa place dans la R\u00e9publique \u00bb, a soulign\u00e9 lundi Pierre Regnault de la Mothe, le nouveau pr\u00e9fet des Pyr\u00e9n\u00e9es-Orientales, aupr\u00e8s de nos confr\u00e8res d\u2019<a href=\"https:\/\/actu.fr\/occitanie\/porte-puymorens_66147\/israeliens-refuses-d-un-parc-de-loisirs-le-prefet-des-pyrenees-orientales-pourrait-faire-fermer-l-etablissement_63074108.html\" target=\"_blank\" rel=\"noreferrer noopener\">Actu.fr<\/a>. Et de poursuivre, \u00e9voquant \u00e0 demi-mot une possible fermeture du site : \u00ab S\u2019il se confirmait qu\u2019on a un \u00e9tablissement qui refuse des clients au motif de leur origine ou de leur religion, et donc si les faits sont \u00e9tablis, il aura de gros probl\u00e8mes avec moi et avec l\u2019\u00c9tat. \u00bb<\/p>\n<p class=\"paragraph text_align_left lp-f-body-02\">Le maire de Port\u00e9-Puymorens, Jean-Philippe Aug\u00e9, avait lui fait part vendredi \u00e0 <a href=\"https:\/\/www.francebleu.fr\/infos\/faits-divers-justice\/vacanciers-israeliens-refoules-d-un-centre-de-loisirs-le-maire-de-porte-puymorens-se-dit-stupefait-et-emu-3955478\" target=\"_blank\" rel=\"noreferrer noopener\">Ici Occitanie<\/a> (ex-France Bleu) de sa \u00ab stup\u00e9faction \u00bb, soulignant que cette commune d\u2019une centaine d\u2019habitants \u00ab a toujours \u00e9t\u00e9 et restera une terre d\u2019accueil, de partage, de fraternit\u00e9 \u00bb. Alors que la mairie recevait depuis jeudi, y compris la nuit, de nombreux messages t\u00e9l\u00e9phoniques \u00ab assez d\u00e9plac\u00e9s et assez haineux envers tout le village \u00bb, il avait tenu \u00e0 pr\u00e9ciser que <a href=\"https:\/\/www.leparisien.fr\/faits-divers\/150-vacanciers-israeliens-refuses-dun-parc-de-loisirs-francais-en-garde-a-vue-le-gerant-nie-les-faits-22-08-2025-6LK4776HJFD3RJA2BUXZZD5RHQ.php\" target=\"_blank\" rel=\"noreferrer noopener\">le parc de loisirs concern\u00e9<\/a> est priv\u00e9 et \u00ab n\u2019a aucun lien avec la municipalit\u00e9 \u00bb.<\/p>\n","protected":false},"excerpt":{"rendered":"Son g\u00e9rant ne s\u2019est pas encore exprim\u00e9 depuis la fin de sa garde \u00e0 vue. \u00c0 son entr\u00e9e&hellip;\n","protected":false},"author":2,"featured_media":344099,"comment_status":"","ping_status":"","sticky":false,"template":"","format":"standard","meta":{"footnotes":""},"categories":[2],"tags":[11,459,118,1011,27,12,6600,25],"class_list":{"0":"post-344098","1":"post","2":"type-post","3":"status-publish","4":"format-standard","5":"has-post-thumbnail","7":"category-actualites","8":"tag-actualites","9":"tag-departements-horsidfo","10":"tag-faits-divers","11":"tag-fr","12":"tag-france","13":"tag-news","14":"tag-pyrenees-orientales-66","15":"tag-republique-francaise"},"share_on_mastodon":{"url":"https:\/\/pubeurope.com\/@fr\/115092459720215885","error":""},"_links":{"self":[{"href":"https:\/\/www.europesays.com\/fr\/wp-json\/wp\/v2\/posts\/344098","targetHints":{"allow":["GET"]}}],"collection":[{"href":"https:\/\/www.europesays.com\/fr\/wp-json\/wp\/v2\/posts"}],"about":[{"href":"https:\/\/www.europesays.com\/fr\/wp-json\/wp\/v2\/types\/post"}],"author":[{"embeddable":true,"href":"https:\/\/www.europesays.com\/fr\/wp-json\/wp\/v2\/users\/2"}],"replies":[{"embeddable":true,"href":"https:\/\/www.europesays.com\/fr\/wp-json\/wp\/v2\/comments?post=344098"}],"version-history":[{"count":0,"href":"https:\/\/www.europesays.com\/fr\/wp-json\/wp\/v2\/posts\/344098\/revisions"}],"wp:featuredmedia":[{"embeddable":true,"href":"https:\/\/www.europesays.com\/fr\/wp-json\/wp\/v2\/media\/344099"}],"wp:attachment":[{"href":"https:\/\/www.europesays.com\/fr\/wp-json\/wp\/v2\/media?parent=344098"}],"wp:term":[{"taxonomy":"category","embeddable":true,"href":"https:\/\/www.europesays.com\/fr\/wp-json\/wp\/v2\/categories?post=344098"},{"taxonomy":"post_tag","embeddable":true,"href":"https:\/\/www.europesays.com\/fr\/wp-json\/wp\/v2\/tags?post=344098"}],"curies":[{"name":"wp","href":"https:\/\/api.w.org\/{rel}","templated":true}]}}