{"id":344102,"date":"2025-08-26T01:28:10","date_gmt":"2025-08-26T01:28:10","guid":{"rendered":"https:\/\/www.europesays.com\/fr\/344102\/"},"modified":"2025-08-26T01:28:10","modified_gmt":"2025-08-26T01:28:10","slug":"tres-bien-on-signe-ou","status":"publish","type":"post","link":"https:\/\/www.europesays.com\/fr\/344102\/","title":{"rendered":"\u2018\u2018Tr\u00e8s bien, on signe o\u00f9\u00a0?\u2019\u2019\u00a0\u00bb"},"content":{"rendered":"<p>    Le contexte<br \/>\n<strong>Les 30\u00a0ans du professionnalisme<\/strong>. Le 26\u00a0ao\u00fbt 1995, \u00e0 l\u2019issue d\u2019un comit\u00e9 de l\u2019International Board (ex World Rugby) qui vient de se tenir \u00e0 Paris \u00e0 l\u2019h\u00f4tel Ambassador sous la pr\u00e9sidence de Bernard Lapasset, le rugby est d\u00e9clar\u00e9 \u00ab\u00a0open\u00a0\u00bb. Sous la pression d\u2019un projet men\u00e9 par l\u2019Australien Kerry Packer, qui avait contact\u00e9 les meilleurs joueurs de la plan\u00e8te pour disputer un circuit pro parall\u00e8le, la gouvernance du rugby mondial rompt avec l\u2019amateurisme et laisse chaque f\u00e9d\u00e9ration d\u00e9cider de son mode op\u00e9ratoire. Il faudra attendre trois ann\u00e9es suppl\u00e9mentaires pour assister \u00e0 la cr\u00e9ation de la Ligue nationale de rugby, en 1998, charg\u00e9e d\u2019encadrer cette mutation. Mais d\u00e9j\u00e0, des premiers contrats sont sign\u00e9s. Dont le tout premier pour un Fran\u00e7ais par le 3e ligne Thomas Li\u00e8vremont, pass\u00e9 ensuite par Biarritz et Dax, \u00e0 Perpignan\u2026<\/p>\n<p class=\"interview-question\">Vous aviez 21\u00a0ans quand le rugby a bascul\u00e9 dans le professionnalisme, le 27\u00a0ao\u00fbt 1995. Cette annonce avait-elle interpell\u00e9 le jeune joueur que vous \u00e9tiez\u00a0?<\/p>\n<p class=\"interview-answer\">Oui. C\u2019\u00e9tait dans la foul\u00e9e de la Coupe du monde 1995 en Afrique du Sud. Je me souviens notamment que \u00e7a avait fait la une du \u00ab\u00a0Midi Olympique\u00a0\u00bb\u00a0: \u00ab\u00a0Le rugby est professionnel\u00a0\u00bb. Quand on a d\u00e9couvert \u00e7a, on s\u2019est dit que certains d\u2019entre nous pourraient vivre de leur passion. Mais on n\u2019imaginait pas tout ce que \u00e7a allait changer.<\/p>\n<p class=\"interview-question\">Pr\u00e8s d\u2019un an apr\u00e8s, avant l\u2019\u00e9t\u00e9 1996, vous avez sign\u00e9 votre premier contrat en faveur de Perpignan alors que vous jouiez encore \u00e0 Argel\u00e8s-sur-Mer. Comment cela s\u2019est-il nou\u00e9\u00a0?<\/p>\n<p class=\"interview-answer\">On venait de faire une belle saison avec Argel\u00e8s-sur-Mer \u00e0 l\u2019issue de laquelle on avait gagn\u00e9 le droit de jouer en \u00c9lite, mais on avait refus\u00e9 la mont\u00e9e. Perpignan, qui me sollicitait depuis plusieurs ann\u00e9es, m\u2019a propos\u00e9 un contrat professionnel\u00a0: j\u2019ai dit oui tout de suite.<\/p>\n<p class=\"interview-question\">Aviez-vous conscience de ce qui vous \u00e9tait propos\u00e9\u00a0?<\/p>\n<p class=\"interview-answer\">Oui. \u00c0 l\u2019\u00e9poque, le service militaire \u00e9tait obligatoire. Un an auparavant, je l\u2019avais fait au bataillon de Joinville qui correspondait aux pr\u00e9mices du sport professionnel. Au lieu d\u2019\u00eatre en mission un peu partout sur le territoire fran\u00e7ais, les heureux \u00e9lus avaient la chance de se pr\u00e9parer en faisant du sport tous les jours.<\/p>\n<p class=\"interview-question\">Faire du rugby votre unique activit\u00e9, \u00e9tait-ce un objectif pour vous \u00e0 cette \u00e9poque\u00a0?<\/p>\n<p class=\"interview-answer\">Pas du tout. Le rugby a toujours \u00e9t\u00e9 un plaisir avant tout pour moi. J\u2019en ai fait parce que mes grands fr\u00e8res y ont jou\u00e9\u00a0: j\u2019ai suivi leur voie. J\u2019y trouvais un bonheur incommensurable. Je n\u2019imaginais m\u00eame pas r\u00eaver \u00eatre professionnel quand j\u2019ai commenc\u00e9. En regardant les quelques matchs \u00e0 la t\u00e9l\u00e9, je m\u2019imaginais gagner le bouclier de Brennus, mais ce n\u2019\u00e9tait qu\u2019une utopie\u00a0! Alors vivre de ma passion, \u00e7a n\u2019a jamais \u00e9t\u00e9 anticip\u00e9.<\/p>\n<blockquote><p>\u00ab\u00a0Je n\u2019ai pas regard\u00e9 les petits ast\u00e9risques en bas du contrat\u00a0: il n\u2019y en avait pas d\u2019ailleurs\u00a0\u00bb<\/p><\/blockquote>\n<p class=\"interview-question\">Vous \u00eates le premier Fran\u00e7ais \u00e0 avoir sign\u00e9 un contrat professionnel. En aviez-vous conscience\u00a0?<\/p>\n<p class=\"interview-answer\">Non. On m\u2019a appris \u00e7a un an apr\u00e8s je crois. C\u2019est une ligne que j\u2019ai sur mon CV mais que je n\u2019ai pas m\u00e9rit\u00e9e (sourire). Je suis tomb\u00e9 au bon endroit, au bon moment. En g\u00e9n\u00e9ral, les Reichel partaient dans les grands clubs. Moi, je suis rest\u00e9 \u00e0 Argel\u00e8s jusqu\u2019\u00e0 cette ann\u00e9e-l\u00e0, c\u2019est le petit clin d\u2019\u0153il de l\u2019histoire\u2026<\/p>\n<p class=\"interview-question\">Ce contrat a-t-il donn\u00e9 lieu \u00e0 une n\u00e9gociation au pr\u00e9alable\u00a0?<\/p>\n<p class=\"interview-answer\">Ils sont arriv\u00e9s avec un contrat dans la main en me disant, \u00ab\u00a0on te propose \u00e7a\u00a0\u00bb. J\u2019ai r\u00e9pondu \u00ab\u00a0tr\u00e8s bien, on signe o\u00f9\u00a0?\u00a0\u00bb C\u2019est aussi simple que \u00e7a. En fin de compte, mon salaire n\u2019a jamais \u00e9t\u00e9 le plus important. J\u2019\u00e9tais \u00e0 Argel\u00e8s en groupe\u00a0A2, dans ce qu\u2019on peut appeler la Pro\u00a0D2 d\u2019aujourd\u2019hui\u00a0: je jouais pour un permis de conduire (sourire)\u00a0! Certains de mes copains gagnaient de l\u2019argent, m\u00eame bien. C\u2019\u00e9tait le temps de l\u2019amateurisme marron. Quand je suis arriv\u00e9 \u00e0 l\u2019Usap, certains gagnaient beaucoup plus que moi, mais ce n\u2019\u00e9tait pas le plus important. Je voulais tenter une aventure. Je n\u2019ai pas regard\u00e9 les petits ast\u00e9risques en bas du contrat, il n\u2019y en avait pas d\u2019ailleurs. \u00c0 l\u2019\u00e9poque, on pouvait encore faire confiance \u00e0 la parole donn\u00e9e. Je me souviens de la somme, je gagnais 12\u00a0000 francs. C\u2019\u00e9tait tr\u00e8s correct. Certains de mes partenaires prenaient deux ou trois fois plus, mais \u00e7a ne m\u2019a jamais pos\u00e9 probl\u00e8me.<\/p>\n<p class=\"interview-question\">Signer un contrat est engageant. Vous n\u2019aviez aucune appr\u00e9hension vis-\u00e0-vis de cette forme d\u2019engagement\u00a0?<\/p>\n<p class=\"interview-answer\">Non. Il y avait peu de contraintes et beaucoup de libert\u00e9s. Je venais de finir mes \u00e9tudes et mon service militaire, je ne savais pas trop quelle orientation professionnelle j\u2019allais prendre. Quand on m\u2019a dit que je serais salari\u00e9 du club et que je serais pay\u00e9 pour m\u2019entra\u00eener et jouer, il n\u2019a pas \u00e9t\u00e9 utile de me faire comprendre que c\u2019\u00e9tait fait pour moi.<\/p>\n<blockquote><p>\u00ab\u00a0J\u2019avais demand\u00e9 au club de me trouver un job pour ne pas passer mes journ\u00e9es \u00e0 me tourner les pouces\u00a0\u00bb<\/p><\/blockquote>\n<p class=\"interview-question\">Canal+\u00a0a exhum\u00e9 des images vous montrant effectuer des tours de terrains, seul, \u00e0 Argel\u00e8s-sur-Mer. Quel \u00e9tait votre quotidien \u00e0 l\u2019\u00e9poque\u00a0?<\/p>\n<p class=\"interview-answer\">Il \u00e9tait un peu ennuyant\u2026 Je devais attendre mes coll\u00e8gues qui, eux, \u00e9taient pluriactifs, finissaient leur travail pour faire la musculation entre midi et deux. Le soir, tout le monde devait finir sa journ\u00e9e de boulot avant d\u2019aller \u00e0 l\u2019entra\u00eenement \u00e0 19\u00a0h\u00a030. Si \u00e7a se trouve, cette s\u00e9ance a \u00e9t\u00e9 tourn\u00e9e pour faire bien devant les cam\u00e9ras (rires). Mais il m\u2019est effectivement arriv\u00e9 de m\u2019entra\u00eener seul pour ne pas avoir \u00e0 encha\u00eener le physique et l\u2019entra\u00eenement.<\/p>\n<p class=\"interview-question\">Cette vie \u00ab\u00a0ennuyeuse\u00a0\u00bb vous a-t-elle d\u00e9sar\u00e7onn\u00e9\u00a0?<\/p>\n<p class=\"interview-answer\">Oui. C\u2019\u00e9tait sympa durant un moment, mais apr\u00e8s deux mois, tu t\u2019ennuies vite. J\u2019avais demand\u00e9 au club de me trouver un job pour ne pas passer mes journ\u00e9es \u00e0 me tourner les pouces\u00a0: le club m\u2019avait d\u00e9nich\u00e9 un boulot \u00e0 mi-temps, j\u2019\u00e9tais commercial pour la foire expo de Perpignan.<\/p>\n<p class=\"interview-question\">Le fait d\u2019\u00eatre le joueur qui avait sign\u00e9 un contrat pro changeait-il le regard que les autres portaient sur vous\u00a0?<\/p>\n<p class=\"interview-answer\">Je ne pense pas. Le rugby \u00e9tait moins m\u00e9diatis\u00e9\u00a0: \u00e7a ne se savait pas trop et il n\u2019y avait pas les r\u00e9seaux sociaux pour savoir ce qu\u2019on faisait du matin au soir.<\/p>\n<p class=\"interview-question\">Et \u00e0 titre personnel, vous \u00eates-vous mis une pression suppl\u00e9mentaire\u00a0?<\/p>\n<p class=\"interview-answer\">Non. Le rugby demandait du travail, des sacrifices, mais j\u2019ai toujours pris \u00e7a comme une chance. On peut se blesser, mais on ne peut pas se plaindre par rapport \u00e0 d\u2019autres boulots.<\/p>\n","protected":false},"excerpt":{"rendered":"Le contexte Les 30\u00a0ans du professionnalisme. Le 26\u00a0ao\u00fbt 1995, \u00e0 l\u2019issue d\u2019un comit\u00e9 de l\u2019International Board (ex World&hellip;\n","protected":false},"author":2,"featured_media":344103,"comment_status":"","ping_status":"","sticky":false,"template":"","format":"standard","meta":{"footnotes":""},"categories":[1416],"tags":[1011,27,479,1468,60],"class_list":{"0":"post-344102","1":"post","2":"type-post","3":"status-publish","4":"format-standard","5":"has-post-thumbnail","7":"category-rugby","8":"tag-fr","9":"tag-france","10":"tag-rugby","11":"tag-rugby-football","12":"tag-sports"},"share_on_mastodon":{"url":"https:\/\/pubeurope.com\/@fr\/115092475286913367","error":""},"_links":{"self":[{"href":"https:\/\/www.europesays.com\/fr\/wp-json\/wp\/v2\/posts\/344102","targetHints":{"allow":["GET"]}}],"collection":[{"href":"https:\/\/www.europesays.com\/fr\/wp-json\/wp\/v2\/posts"}],"about":[{"href":"https:\/\/www.europesays.com\/fr\/wp-json\/wp\/v2\/types\/post"}],"author":[{"embeddable":true,"href":"https:\/\/www.europesays.com\/fr\/wp-json\/wp\/v2\/users\/2"}],"replies":[{"embeddable":true,"href":"https:\/\/www.europesays.com\/fr\/wp-json\/wp\/v2\/comments?post=344102"}],"version-history":[{"count":0,"href":"https:\/\/www.europesays.com\/fr\/wp-json\/wp\/v2\/posts\/344102\/revisions"}],"wp:featuredmedia":[{"embeddable":true,"href":"https:\/\/www.europesays.com\/fr\/wp-json\/wp\/v2\/media\/344103"}],"wp:attachment":[{"href":"https:\/\/www.europesays.com\/fr\/wp-json\/wp\/v2\/media?parent=344102"}],"wp:term":[{"taxonomy":"category","embeddable":true,"href":"https:\/\/www.europesays.com\/fr\/wp-json\/wp\/v2\/categories?post=344102"},{"taxonomy":"post_tag","embeddable":true,"href":"https:\/\/www.europesays.com\/fr\/wp-json\/wp\/v2\/tags?post=344102"}],"curies":[{"name":"wp","href":"https:\/\/api.w.org\/{rel}","templated":true}]}}