{"id":344106,"date":"2025-08-26T01:31:17","date_gmt":"2025-08-26T01:31:17","guid":{"rendered":"https:\/\/www.europesays.com\/fr\/344106\/"},"modified":"2025-08-26T01:31:17","modified_gmt":"2025-08-26T01:31:17","slug":"les-horaires-du-grand-prix-des-ameriques","status":"publish","type":"post","link":"https:\/\/www.europesays.com\/fr\/344106\/","title":{"rendered":"les horaires du Grand Prix des Am\u00e9riques (&#8230;)"},"content":{"rendered":"<p>D\u00e9couvrez ci-dessous les horaires (heure fran\u00e7aise) pour suivre les essais, les qualifications et les courses.<\/p>\n<p>Vendredi 28 mars 2025<\/p>\n<p><strong>Essais libres 1<\/strong><\/p>\n<p><img loading=\"lazy\" decoding=\"async\" src=\"https:\/\/www.europesays.com\/fr\/wp-content\/uploads\/2025\/04\/puce-32883.gif\" width=\"8\" height=\"11\" class=\"puce\" alt=\"-\"\/>\u00a0Moto3\u00a0: 15h00 \u00e0 15h35<br \/>\n<br \/><img loading=\"lazy\" decoding=\"async\" src=\"https:\/\/www.europesays.com\/fr\/wp-content\/uploads\/2025\/04\/puce-32883.gif\" width=\"8\" height=\"11\" class=\"puce\" alt=\"-\"\/>\u00a0Moto2\u00a0: 15h50 \u00e0 16h30<br \/>\n<br \/><img loading=\"lazy\" decoding=\"async\" src=\"https:\/\/www.europesays.com\/fr\/wp-content\/uploads\/2025\/04\/puce-32883.gif\" width=\"8\" height=\"11\" class=\"puce\" alt=\"-\"\/>\u00a0MotoGP\u00a0: 16h45 \u00e0 17eh30<\/p>\n<p><strong>Essais libres<\/strong><\/p>\n<p><img loading=\"lazy\" decoding=\"async\" src=\"https:\/\/www.europesays.com\/fr\/wp-content\/uploads\/2025\/04\/puce-32883.gif\" width=\"8\" height=\"11\" class=\"puce\" alt=\"-\"\/>\u00a0Moto3\u00a0: 19h15 \u00e0 19h50<br \/>\n<br \/><img loading=\"lazy\" decoding=\"async\" src=\"https:\/\/www.europesays.com\/fr\/wp-content\/uploads\/2025\/04\/puce-32883.gif\" width=\"8\" height=\"11\" class=\"puce\" alt=\"-\"\/>\u00a0Moto2\u00a0: 20h05 \u00e0 20h45<br \/>\n<br \/><img loading=\"lazy\" decoding=\"async\" src=\"https:\/\/www.europesays.com\/fr\/wp-content\/uploads\/2025\/04\/puce-32883.gif\" width=\"8\" height=\"11\" class=\"puce\" alt=\"-\"\/>\u00a0MotoGP\u00a0: 21h00 \u00e0 22h00<\/p>\n<p>Samedi 29 mars 2025<\/p>\n<p><strong>Essais libres 2<\/strong><\/p>\n<p><img loading=\"lazy\" decoding=\"async\" src=\"https:\/\/www.europesays.com\/fr\/wp-content\/uploads\/2025\/04\/puce-32883.gif\" width=\"8\" height=\"11\" class=\"puce\" alt=\"-\"\/>\u00a0Moto3\u00a0: 14h40 \u00e0 15h10<br \/>\n<br \/><img loading=\"lazy\" decoding=\"async\" src=\"https:\/\/www.europesays.com\/fr\/wp-content\/uploads\/2025\/04\/puce-32883.gif\" width=\"8\" height=\"11\" class=\"puce\" alt=\"-\"\/>\u00a0Moto2\u00a0: 15h25 \u00e0 15h55<br \/>\n<br \/><img loading=\"lazy\" decoding=\"async\" src=\"https:\/\/www.europesays.com\/fr\/wp-content\/uploads\/2025\/04\/puce-32883.gif\" width=\"8\" height=\"11\" class=\"puce\" alt=\"-\"\/>\u00a0MotoGP\u00a0: 16h10 \u00e0 16h40<\/p>\n<p><strong>Qualifications<\/strong><\/p>\n<p><img loading=\"lazy\" decoding=\"async\" src=\"https:\/\/www.europesays.com\/fr\/wp-content\/uploads\/2025\/04\/puce-32883.gif\" width=\"8\" height=\"11\" class=\"puce\" alt=\"-\"\/>\u00a0MotoGP Q1\u00a0: 16h50 \u00e0 17h05<br \/>\n<br \/><img loading=\"lazy\" decoding=\"async\" src=\"https:\/\/www.europesays.com\/fr\/wp-content\/uploads\/2025\/04\/puce-32883.gif\" width=\"8\" height=\"11\" class=\"puce\" alt=\"-\"\/>\u00a0MotoGP Q2\u00a0: 17h15 \u00e0 17h30<\/p>\n<p><img loading=\"lazy\" decoding=\"async\" src=\"https:\/\/www.europesays.com\/fr\/wp-content\/uploads\/2025\/04\/puce-32883.gif\" width=\"8\" height=\"11\" class=\"puce\" alt=\"-\"\/>\u00a0Moto3 Q1\u00a0: 18h50 \u00e0 19h05<br \/>\n<br \/><img loading=\"lazy\" decoding=\"async\" src=\"https:\/\/www.europesays.com\/fr\/wp-content\/uploads\/2025\/04\/puce-32883.gif\" width=\"8\" height=\"11\" class=\"puce\" alt=\"-\"\/>\u00a0Moto3 Q2\u00a0: 19h15 \u00e0 19h30<br \/>\n<br \/><img loading=\"lazy\" decoding=\"async\" src=\"https:\/\/www.europesays.com\/fr\/wp-content\/uploads\/2025\/04\/puce-32883.gif\" width=\"8\" height=\"11\" class=\"puce\" alt=\"-\"\/>\u00a0Moto2 Q1\u00a0: 19h45 \u00e0 20h00<br \/>\n<br \/><img loading=\"lazy\" decoding=\"async\" src=\"https:\/\/www.europesays.com\/fr\/wp-content\/uploads\/2025\/04\/puce-32883.gif\" width=\"8\" height=\"11\" class=\"puce\" alt=\"-\"\/>\u00a0Moto2 Q2\u00a0: 20h10 \u00e0 20h25<\/p>\n<p><strong>Course<\/strong><\/p>\n<p><img loading=\"lazy\" decoding=\"async\" src=\"https:\/\/www.europesays.com\/fr\/wp-content\/uploads\/2025\/04\/puce-32883.gif\" width=\"8\" height=\"11\" class=\"puce\" alt=\"-\"\/>\u00a0MotoGP course sprint\u00a0: 21h00 (10 tours)<\/p>\n<p>Dimanche 30 mars 2025<\/p>\n<p><strong>Warm up<\/strong><\/p>\n<p><img loading=\"lazy\" decoding=\"async\" src=\"https:\/\/www.europesays.com\/fr\/wp-content\/uploads\/2025\/04\/puce-32883.gif\" width=\"8\" height=\"11\" class=\"puce\" alt=\"-\"\/>\u00a0MotoGP\u00a0: 16h40 \u00e0 16h50<\/p>\n<p><strong>Courses<\/strong><\/p>\n<p><img loading=\"lazy\" decoding=\"async\" src=\"https:\/\/www.europesays.com\/fr\/wp-content\/uploads\/2025\/04\/puce-32883.gif\" width=\"8\" height=\"11\" class=\"puce\" alt=\"-\"\/>\u00a0Moto3\u00a0: 18h00 (14 tours)<br \/>\n<br \/><img loading=\"lazy\" decoding=\"async\" src=\"https:\/\/www.europesays.com\/fr\/wp-content\/uploads\/2025\/04\/puce-32883.gif\" width=\"8\" height=\"11\" class=\"puce\" alt=\"-\"\/>\u00a0Moto2\u00a0: 19h15 (16 tours)<br \/>\n<br \/><img loading=\"lazy\" decoding=\"async\" src=\"https:\/\/www.europesays.com\/fr\/wp-content\/uploads\/2025\/04\/puce-32883.gif\" width=\"8\" height=\"11\" class=\"puce\" alt=\"-\"\/>\u00a0MotoGP\u00a0: 21h00 (20 tours)<\/p>\n<p>Toutes les s\u00e9ances\/courses seront \u00e0 suivre sur les cha\u00eenes du groupe Canal ainsi que sur le site officiel MotoGP.com<\/p>\n<p>cr\u00e9dit photo\u00a0: DR<\/p>\n<p>            Matthieu Eberlin\u00a0&#8211;\u00a0<a href=\"https:\/\/www.motomag.com\/spip.php?page=recherche_date&amp;date_q=2025-03-28\" title=\"Voir tous les articles publi\u00e9s \u00e0 cette date\" content=\"2025-03-28\" itemprop=\"datePublished\" target=\"_blank\" rel=\"noopener\">28\/03\/2025<\/a>  <\/p>\n","protected":false},"excerpt":{"rendered":"D\u00e9couvrez ci-dessous les horaires (heure fran\u00e7aise) pour suivre les essais, les qualifications et les courses. Vendredi 28 mars&hellip;\n","protected":false},"author":2,"featured_media":344107,"comment_status":"","ping_status":"","sticky":false,"template":"","format":"standard","meta":{"footnotes":""},"categories":[1413],"tags":[17,48020,48018,48019,1011,27,1982,10093,1457,10096,1456,1458,10095,5240,60,308],"class_list":{"0":"post-344106","1":"post","2":"type-post","3":"status-publish","4":"format-standard","5":"has-post-thumbnail","7":"category-moto","8":"tag-17","9":"tag-actumoto","10":"tag-amriques","11":"tag-austin","12":"tag-fr","13":"tag-france","14":"tag-grand-prix","15":"tag-horaires","16":"tag-moto","17":"tag-moto-magazine","18":"tag-motocycle","19":"tag-motogp","20":"tag-motomag","21":"tag-programme","22":"tag-sports","23":"tag-usa"},"share_on_mastodon":{"url":"https:\/\/pubeurope.com\/@fr\/115092488874704076","error":""},"_links":{"self":[{"href":"https:\/\/www.europesays.com\/fr\/wp-json\/wp\/v2\/posts\/344106","targetHints":{"allow":["GET"]}}],"collection":[{"href":"https:\/\/www.europesays.com\/fr\/wp-json\/wp\/v2\/posts"}],"about":[{"href":"https:\/\/www.europesays.com\/fr\/wp-json\/wp\/v2\/types\/post"}],"author":[{"embeddable":true,"href":"https:\/\/www.europesays.com\/fr\/wp-json\/wp\/v2\/users\/2"}],"replies":[{"embeddable":true,"href":"https:\/\/www.europesays.com\/fr\/wp-json\/wp\/v2\/comments?post=344106"}],"version-history":[{"count":0,"href":"https:\/\/www.europesays.com\/fr\/wp-json\/wp\/v2\/posts\/344106\/revisions"}],"wp:featuredmedia":[{"embeddable":true,"href":"https:\/\/www.europesays.com\/fr\/wp-json\/wp\/v2\/media\/344107"}],"wp:attachment":[{"href":"https:\/\/www.europesays.com\/fr\/wp-json\/wp\/v2\/media?parent=344106"}],"wp:term":[{"taxonomy":"category","embeddable":true,"href":"https:\/\/www.europesays.com\/fr\/wp-json\/wp\/v2\/categories?post=344106"},{"taxonomy":"post_tag","embeddable":true,"href":"https:\/\/www.europesays.com\/fr\/wp-json\/wp\/v2\/tags?post=344106"}],"curies":[{"name":"wp","href":"https:\/\/api.w.org\/{rel}","templated":true}]}}