{"id":344108,"date":"2025-08-26T01:32:11","date_gmt":"2025-08-26T01:32:11","guid":{"rendered":"https:\/\/www.europesays.com\/fr\/344108\/"},"modified":"2025-08-26T01:32:11","modified_gmt":"2025-08-26T01:32:11","slug":"mercato-om-de-zerbi-va-boucler-un-retour-surprise","status":"publish","type":"post","link":"https:\/\/www.europesays.com\/fr\/344108\/","title":{"rendered":"Mercato &#8211; OM : De Zerbi va boucler un retour surprise !"},"content":{"rendered":"<p>                    Hugo Chirossel<br \/>\n                        &#8211;<\/p>\n<p>Journaliste<\/p>\n<p>Passionn\u00e9 de football depuis le plus jeune \u00e2ge, devenir journaliste sportif est rapidement devenu une \u00e9vidence pour Hugo. Il se d\u00e9couvrira plus tard un amour pour la NBA, avant d\u2019explorer d\u2019autres horizons comme ceux de la Formule 1 et de la NFL.<\/p>\n<p class=\"heading\">Alors que Jonathan Rowe a \u00e9t\u00e9 transf\u00e9r\u00e9 \u00e0 Bologne, l\u2019OM pourrait recruter un ailier d\u2019ici \u00e0 la fermeture du march\u00e9 des transferts. En ce sens, les dirigeants marseillais seraient sur la piste d\u2019un joueur d\u00e9j\u00e0 pass\u00e9 par la Ligue 1 la saison derni\u00e8re, que Roberto De Zerbi conna\u00eet bien et qui appartient actuellement \u00e0 un club anglais. <\/p>\n<p>D\u00e9j\u00e0 annonc\u00e9 sur le d\u00e9part avant sa violente altercation avec <strong>Adrien Rabiot<\/strong>, <strong>Jonathan Rowe<\/strong> a d\u00e9finitivement quitt\u00e9 l\u2019<strong>OM<\/strong>, un an seulement apr\u00e8s son arriv\u00e9e en provenance de <strong>Norwich<\/strong>. L\u2019ailier \u00e2g\u00e9 de 22 ans s\u2019est engag\u00e9 en faveur de Bologne, dans le cadre d\u2019un transfert estim\u00e9 \u00e0 19,5M\u20ac bonus compris. <\/p>\n<p>                                            \u00ab Un ailier gauche que le coach connait bien \u00bb <\/p>\n<p>Un d\u00e9part que l\u2019<strong>OM<\/strong> devrait chercher \u00e0 compenser. En ce sens, la piste <a href=\"https:\/\/le10sport.com\/football\/mercato\/il-est-la-grosse-annonce-sur-une-piste-de-lom-755537\" target=\"_blank\" rel=\"noopener\">Edon Zhegrova<\/a> (26 ans, <strong>LOSC<\/strong>) est \u00e9voqu\u00e9e depuis plusieurs semaines, mais d\u2019apr\u00e8s <strong>Walid Acherchour<\/strong>, une autre m\u00e8nerait \u00e0 un joueur appartenant \u00e0 un club anglais et pass\u00e9 par la Ligue 1 la saison derni\u00e8re. <\/p>\n<p>                                            Hamed Junior Traor\u00e9 dans le viseur de l\u2019OM ?<\/p>\n<p>\u00ab Il y aura aussi un ailier gauche, qu\u2019on a peut-\u00eatre connu en Ligue 1 l\u2019ann\u00e9e derni\u00e8re, qui est dans un club anglais et que le coach connait bien \u00bb, a-t-il d\u00e9clar\u00e9 sur le plateau de Winamax TV. Selon toute vraisemblance, il s\u2019agirait d\u2019<a href=\"https:\/\/le10sport.com\/football\/mercato\/transferts-om-le-retour-surprise-qui-peut-tout-gacher-749090\" target=\"_blank\" rel=\"noopener\">Hamed Junior Traor\u00e9<\/a> (25 ans), pr\u00eat\u00e9 \u00e0 <strong>Auxerre <\/strong>par <strong>Bounemouth <\/strong>la saison derni\u00e8re. <strong>Roberto De Zerbi <\/strong>connait bien l\u2019international ivoirien (10 s\u00e9lections) puisqu\u2019il a \u00e9t\u00e9 son entra\u00eeneur \u00e0 <strong>Sassuolo<\/strong>. <\/p>\n","protected":false},"excerpt":{"rendered":"Hugo Chirossel &#8211; Journaliste Passionn\u00e9 de football depuis le plus jeune \u00e2ge, devenir journaliste sportif est rapidement devenu&hellip;\n","protected":false},"author":2,"featured_media":344109,"comment_status":"","ping_status":"","sticky":false,"template":"","format":"standard","meta":{"footnotes":""},"categories":[1412],"tags":[1451,1452,1453,1454,1455,1011,27,60],"class_list":{"0":"post-344108","1":"post","2":"type-post","3":"status-publish","4":"format-standard","5":"has-post-thumbnail","7":"category-f1","8":"tag-f1","9":"tag-formula-1","10":"tag-formula1","11":"tag-formule-1","12":"tag-formule1","13":"tag-fr","14":"tag-france","15":"tag-sports"},"share_on_mastodon":{"url":"https:\/\/pubeurope.com\/@fr\/115092491065100601","error":""},"_links":{"self":[{"href":"https:\/\/www.europesays.com\/fr\/wp-json\/wp\/v2\/posts\/344108","targetHints":{"allow":["GET"]}}],"collection":[{"href":"https:\/\/www.europesays.com\/fr\/wp-json\/wp\/v2\/posts"}],"about":[{"href":"https:\/\/www.europesays.com\/fr\/wp-json\/wp\/v2\/types\/post"}],"author":[{"embeddable":true,"href":"https:\/\/www.europesays.com\/fr\/wp-json\/wp\/v2\/users\/2"}],"replies":[{"embeddable":true,"href":"https:\/\/www.europesays.com\/fr\/wp-json\/wp\/v2\/comments?post=344108"}],"version-history":[{"count":0,"href":"https:\/\/www.europesays.com\/fr\/wp-json\/wp\/v2\/posts\/344108\/revisions"}],"wp:featuredmedia":[{"embeddable":true,"href":"https:\/\/www.europesays.com\/fr\/wp-json\/wp\/v2\/media\/344109"}],"wp:attachment":[{"href":"https:\/\/www.europesays.com\/fr\/wp-json\/wp\/v2\/media?parent=344108"}],"wp:term":[{"taxonomy":"category","embeddable":true,"href":"https:\/\/www.europesays.com\/fr\/wp-json\/wp\/v2\/categories?post=344108"},{"taxonomy":"post_tag","embeddable":true,"href":"https:\/\/www.europesays.com\/fr\/wp-json\/wp\/v2\/tags?post=344108"}],"curies":[{"name":"wp","href":"https:\/\/api.w.org\/{rel}","templated":true}]}}