{"id":34411,"date":"2025-04-18T15:55:11","date_gmt":"2025-04-18T15:55:11","guid":{"rendered":"https:\/\/www.europesays.com\/fr\/34411\/"},"modified":"2025-04-18T15:55:11","modified_gmt":"2025-04-18T15:55:11","slug":"ligue-des-champions-le-triomphe-des-bonnes-idees-c1-demies","status":"publish","type":"post","link":"https:\/\/www.europesays.com\/fr\/34411\/","title":{"rendered":"Ligue des champions : le triomphe des bonnes id\u00e9es &#8211; C1 &#8211; Demies"},"content":{"rendered":"<p data-start=\"539\" data-end=\"793\">Le printemps est arriv\u00e9, le soleil a (enfin) point\u00e9 le bout de son nez un peu partout en France et, surtout, <a target=\"_blank\" href=\"https:\/\/www.sofoot.com\/breves\/on-conna%C3%AEt-deja-le-programme-des-demi-finales-de-la-ligue-des-champions\" rel=\"nofollow noopener\">on conna\u00eet les demi-finalistes de la Ligue des champions version 2024-2025<\/a>. Ce sera Arsenal, le PSG, l\u2019Inter et le Bar\u00e7a. Des clubs puissants, riches et que l\u2019on peut l\u00e9gitimement attendre \u00e0 ce niveau. En gros, <a target=\"_blank\" href=\"https:\/\/www.sofoot.com\/articles\/lajax-fait-tomber-le-roi-madrid-c1-8es-real-ajax-1-4\" rel=\"nofollow noopener\">ce n\u2019est pas l\u2019Ajax 2019<\/a>. Une fois que l\u2019on a pos\u00e9 cette \u00e9vidence, il reste ce qui s\u2019est dessin\u00e9 et d\u00e9cid\u00e9 sur les terrains, une sorte de fra\u00eecheur et une forme de r\u00e9compense.<\/p>\n<p>Dehors <a target=\"_blank\" href=\"https:\/\/www.sofoot.com\/articles\/ligue-des-champions-manchester-city-a-le-cul-entre-deux-cycles-avant-daffronter-le-real-madrid\" rel=\"nofollow noopener\">Manchester City et son \u00e9quipe sur le d\u00e9clin<\/a>, dehors <a target=\"_blank\" href=\"https:\/\/www.sofoot.com\/articles\/ligue-des-champions-le-real-madrid-a-t-il-perdu-son-sens-du-collectif\" rel=\"nofollow noopener\">le Real Madrid et sa mystique irrationnelle<\/a>. Dehors les totems fig\u00e9s, les clubs qui avancent en costard avec leur aura pour seule arme. Dehors ces \u00e9quipes si lisses qu\u2019on en oublierait presque qu\u2019elles ont un entra\u00eeneur. Cette saison, le foot a gagn\u00e9. Celui qui se pense, se bosse, se partage et se construit.<\/p>\n<p>Cette Ligue des champions, c\u2019est celle des id\u00e9es, diff\u00e9rentes mais similaires \u00e0 la fois ; celle des clubs qui ont compris que le foot se jouait ensemble et que l\u2019\u00e9quipe reste au-dessus de\u00a0tout\u00a0le\u00a0reste.<\/p>\n<p>Des coachs et des styles<\/p>\n<p class=\"\" data-start=\"1240\" data-end=\"1757\">Cette ann\u00e9e, ceux qui restent n\u2019ont pas attendu les quarts pour se r\u00e9veiller. Ils n\u2019ont pas bluff\u00e9 une soir\u00e9e pour s\u2019inviter \u00e0 la table. Non, ils ont boss\u00e9. Longtemps. Ils ont tiss\u00e9 un fil rouge, semaine apr\u00e8s semaine, parfois dans l\u2019ombre, souvent sous-estim\u00e9s ou m\u00eame moqu\u00e9s. <a target=\"_blank\" href=\"https:\/\/www.sofoot.com\/articles\/premier-league-arsenal-destine-a-rester-un-eternel-second-couteau-ou-a-devenir-manchester-city\" rel=\"nofollow noopener\">Arsenal condamn\u00e9 \u00e0 rester derri\u00e8re Liverpool ou Manchester City en championnat<\/a> ; <a target=\"_blank\" href=\"https:\/\/www.sofoot.com\/articles\/depasse-par-les-evenements-a-aston-villa-le-psg-a-retrouve-ses-vieux-demons-en-ligue-des-champions\" rel=\"nofollow noopener\">le PSG et ses d\u00e9mons en C1<\/a> ; <a target=\"_blank\" href=\"https:\/\/www.sofoot.com\/articles\/liga-flick-yamal-raphinha-comment-le-barca-se-reinvente-pour-dominer-lespagne\" rel=\"nofollow noopener\">le Bar\u00e7a incapable de tourner la page de son glorieux pass\u00e9 r\u00e9cent<\/a> ; l\u2019Inter loin derri\u00e8re son rival rossoneri dans l\u2019histoire du tournoi. Ces quatre \u00e9quipes ont cherch\u00e9 leur style, leur cap, un nouveau souffle. Elles l\u2019ont trouv\u00e9 pour imposer leur loi.<\/p>\n<p class=\"\" data-start=\"1759\" data-end=\"2430\">Chacun \u00e0 sa mani\u00e8re. Certains asphyxient l\u2019adversaire jusqu\u2019\u00e0 l\u2019\u00e9touffer. D\u2019autres pr\u00e9f\u00e8rent la dissection tranquille, clinique, avec ballon. Certains adaptent leur visage au contexte, jamais au hasard. D\u2019autres tracent leur route avec les m\u00eames principes, quoi qu\u2019il en co\u00fbte. Avec ce point commun : une obsession du collectif. Une foi totale dans le travail. Dans la r\u00e9p\u00e9tition. Dans la justesse. Une \u00e9quipe, c\u2019est d\u2019abord une bande de joueurs qui savent exactement ce qu\u2019ils ont \u00e0 faire et pourquoi ils le font. La passe d\u00e9cisive de Marcus Thuram pour <a target=\"_blank\" href=\"https:\/\/www.sofoot.com\/articles\/ligue-des-champions-auteur-dun-but-somptueux-lautaro-martinez-porte-linter-vainqueur-du-bayern-munich\" rel=\"nofollow noopener\">le moment de gr\u00e2ce de Lautaro Martinez<\/a> \u00e0 l\u2019aller, c\u2019est un m\u00e9lange de talent et de confiance, rendu possible par la force d\u2019une \u00e9quipe et le discours d\u2019un entra\u00eeneur.<\/p>\n<p data-start=\"1759\" data-end=\"2430\"><img decoding=\"async\" loading=\"lazy\" class=\"\" src=\"https:\/\/www.europesays.com\/fr\/wp-content\/uploads\/2025\/04\/1744991710_265_grande.jpg\" alt=\"\" width=\"2048\" height=\"1365\"\/><\/p>\n<p class=\"\" data-start=\"1759\" data-end=\"2430\">Ces coachs se ressemblent, dans leur qu\u00eate sacr\u00e9e. Luis Enrique et Hansi Flick sont les b\u00e2tisseurs d\u2019un projet presque secondaire, dans des clubs o\u00f9 il n\u2019est pas simple de s\u2019imposer ; Mikel Arteta et Simone Inzaghi sont en recherche d\u2019une l\u00e9gitimit\u00e9 totale, le premier devant encore tuer le p\u00e8re spirituel Guardiola et le second pour se faire son propre nom \u00e0 c\u00f4t\u00e9 de son renard de frangin.<\/p>\n<p>Les efforts des plus forts<\/p>\n<p class=\"\" data-start=\"2432\" data-end=\"3094\">Alors oui, il y a du pressing et des kilom\u00e8tres parcourus sans compter, des combinaisons millim\u00e9tr\u00e9es boss\u00e9es, des transitions \u00e9clair qui punissent, comme sur <a target=\"_blank\" href=\"https:\/\/www.sofoot.com\/breves\/ligue-des-champions-achraf-hakimi-et-nuno-mendes-accentuent-lavantage-du-psg-contre-aston-villa\" rel=\"nofollow noopener\">les pions d\u2019Achraf Hakimi ou Nuno Mendes cette semaine<\/a>, des lignes qui avancent ensemble, parfaitement cal\u00e9es, et qui pi\u00e8gent Dortmund (8 hors-jeu). Mais il y a surtout une id\u00e9e claire : briller ensemble. Il y a des types qui courent pour les autres, qui ferment les angles pour leurs potes, qui jouent simple quand il faut ou qui d\u00e9cident de prendre les choses en main, avec leur instinct et leur spontan\u00e9it\u00e9, comme ont pu le faire <a target=\"_blank\" href=\"https:\/\/www.sofoot.com\/articles\/ligue-des-champions-intenable-contre-aston-villa-desire-doue-doit-garder-cette-insouciance-avec-le-psg\" rel=\"nofollow noopener\">D\u00e9sir\u00e9 Dou\u00e9<\/a> ou Khvicha Kvaratskhelia pour calmer Emiliano Martinez. Il y a des entra\u00eeneurs qui n\u2019exhibent pas leur ego, mais leur vision. Des gars qu\u2019on prenait pour des profs de tableau noir, et qui sont devenus des po\u00e8tes du rectangle vert.<\/p>\n<p class=\"\" data-start=\"3096\" data-end=\"3507\">Et parfois, il y a ce petit d\u00e9tail. Ce coup de pied arr\u00eat\u00e9 boss\u00e9 dans le silence d\u2019un jeudi matin, qui devient <a target=\"_blank\" href=\"https:\/\/www.sofoot.com\/articles\/un-double-sur-coup-franc-en-ligue-des-champions-retour-sur-le-chef-d%C5%93uvre-de-declan-rice-contre-le-real-madrid\" rel=\"nofollow noopener\">d\u00e9cisif en avril en permettant de signer un doubl\u00e9 inimaginable face au tenant du titre<\/a>. Ce piston qui fait un appel que personne ne verra dans les highlights, mais qui lib\u00e8re l\u2019espace pour l\u2019\u00e9clair. Ce geste pr\u00e9cis, pas spectaculaire, mais essentiel. Le genre de chose qu\u2019on ne remarque que quand on sait ce que \u00e7a co\u00fbte.<\/p>\n<p data-start=\"3096\" data-end=\"3507\"><img decoding=\"async\" loading=\"lazy\" class=\"\" src=\"https:\/\/www.europesays.com\/fr\/wp-content\/uploads\/2025\/04\/1744991711_714_grande.jpg\" alt=\"\" width=\"2560\" height=\"1707\"\/><\/p>\n<p data-start=\"3096\" data-end=\"3507\">La Ligue des champions ne couronne pas seulement les CV, elle r\u00e9compense les meilleures id\u00e9es. Il y a toujours les \u00e9clairs de g\u00e9nie, un geste hors du temps, une virgule de Lamine Yamal, son insouciance. Ces instants de talent accompagnent l\u2019\u00e9quipe plus qu\u2019ils ne viennent la sauver, ce sont des petites cerises d\u00e9pos\u00e9es sur un beau g\u00e2teau. Ils bonifient le travail collectif et ne masquent aucune m\u00e9diocrit\u00e9. Chaque demi-finaliste respire le taf, la coh\u00e9rence, la maturit\u00e9. M\u00eame ce PSG ultra-riche, \u00e0 la masse salariale dingo, aux d\u00e9penses faramineuses, et qui semble pourtant avoir enfin compris comment se construit une \u00e9quipe de foot.<\/p>\n<p data-start=\"3096\" data-end=\"3507\">La C1 reste l\u2019ar\u00e8ne des g\u00e9ants, des tout-puissants, mais il n\u2019est pas interdit de bien travailler quand on a les moyens. Il n\u2019est pas interdit de d\u00e9fendre une id\u00e9e du foot quand on peut se payer des joueurs \u00e0 100 millions d\u2019euros. On ne conna\u00eet pas encore l\u2019identit\u00e9 du futur vainqueur, mais ceux qui poseront leurs mains sur la coupe aux grandes oreilles le 31 mai prochain, \u00e0 Munich, l\u2019auront m\u00e9rit\u00e9.<\/p>\n<p>\t\t\t\t\t\t\t\t\t\t<a class=\"lien-connexe\" href=\"https:\/\/www.sofoot.com\/breves\/ligue-des-champions-quatre-pays-representes-en-demies-une-rarete-qui-fait-du-bien\" rel=\"nofollow noopener\" target=\"_blank\">Quatre pays repr\u00e9sent\u00e9s en demi-finales, une raret\u00e9 en Ligue des champions<\/a>\t\t\t\t\t<\/p>\n","protected":false},"excerpt":{"rendered":"Le printemps est arriv\u00e9, le soleil a (enfin) point\u00e9 le bout de son nez un peu partout en&hellip;\n","protected":false},"author":2,"featured_media":34412,"comment_status":"","ping_status":"","sticky":false,"template":"","format":"standard","meta":{"footnotes":""},"categories":[1410],"tags":[47,61,69,65,64,63,1011,27,68,66,62,70,67,60],"class_list":{"0":"post-34411","1":"post","2":"type-post","3":"status-publish","4":"format-standard","5":"has-post-thumbnail","7":"category-football","8":"tag-actualite","9":"tag-actus-football","10":"tag-bundesliga","11":"tag-championnats-europeens","12":"tag-equipe-de-france","13":"tag-football","14":"tag-fr","15":"tag-france","16":"tag-ligua","17":"tag-ligue-1","18":"tag-news-foot","19":"tag-premier-league","20":"tag-serie-a","21":"tag-sports"},"share_on_mastodon":{"url":"https:\/\/pubeurope.com\/@fr\/114359784318274639","error":""},"_links":{"self":[{"href":"https:\/\/www.europesays.com\/fr\/wp-json\/wp\/v2\/posts\/34411","targetHints":{"allow":["GET"]}}],"collection":[{"href":"https:\/\/www.europesays.com\/fr\/wp-json\/wp\/v2\/posts"}],"about":[{"href":"https:\/\/www.europesays.com\/fr\/wp-json\/wp\/v2\/types\/post"}],"author":[{"embeddable":true,"href":"https:\/\/www.europesays.com\/fr\/wp-json\/wp\/v2\/users\/2"}],"replies":[{"embeddable":true,"href":"https:\/\/www.europesays.com\/fr\/wp-json\/wp\/v2\/comments?post=34411"}],"version-history":[{"count":0,"href":"https:\/\/www.europesays.com\/fr\/wp-json\/wp\/v2\/posts\/34411\/revisions"}],"wp:featuredmedia":[{"embeddable":true,"href":"https:\/\/www.europesays.com\/fr\/wp-json\/wp\/v2\/media\/34412"}],"wp:attachment":[{"href":"https:\/\/www.europesays.com\/fr\/wp-json\/wp\/v2\/media?parent=34411"}],"wp:term":[{"taxonomy":"category","embeddable":true,"href":"https:\/\/www.europesays.com\/fr\/wp-json\/wp\/v2\/categories?post=34411"},{"taxonomy":"post_tag","embeddable":true,"href":"https:\/\/www.europesays.com\/fr\/wp-json\/wp\/v2\/tags?post=34411"}],"curies":[{"name":"wp","href":"https:\/\/api.w.org\/{rel}","templated":true}]}}