{"id":344112,"date":"2025-08-26T01:34:11","date_gmt":"2025-08-26T01:34:11","guid":{"rendered":"https:\/\/www.europesays.com\/fr\/344112\/"},"modified":"2025-08-26T01:34:11","modified_gmt":"2025-08-26T01:34:11","slug":"rio-ngumoha-16-ans-et-decisif-avec-liverpool-des-ses-debuts-en-premier-league","status":"publish","type":"post","link":"https:\/\/www.europesays.com\/fr\/344112\/","title":{"rendered":"Rio Ngumoha, 16 ans et d\u00e9cisif avec Liverpool d\u00e8s ses d\u00e9buts en Premier League"},"content":{"rendered":"\n<p>\u00ab Ce gar\u00e7on est et sera un top joueur \u00bb : Rio Ngumoha, 16 ans et d\u00e9cisif avec Liverpool d\u00e8s ses d\u00e9buts en Premier League<\/p>\n<p>Tr\u00e8s en vue pendant la pr\u00e9paration estivale, Rio Ngumoha a encore davantage pris la lumi\u00e8re lundi soir en marquant, au bout du temps additionnel, le but de la victoire de Liverpool \u00e0 Newcastle (3-2). Portrait d&rsquo;un joueur qui, \u00e0 16 ans, a tout pour s&rsquo;installer dans la rotation des Reds cette saison.<\/p>\n","protected":false},"excerpt":{"rendered":"\u00ab Ce gar\u00e7on est et sera un top joueur \u00bb : Rio Ngumoha, 16 ans et d\u00e9cisif avec&hellip;\n","protected":false},"author":2,"featured_media":344113,"comment_status":"","ping_status":"","sticky":false,"template":"","format":"standard","meta":{"footnotes":""},"categories":[1410],"tags":[63,1011,27,60],"class_list":{"0":"post-344112","1":"post","2":"type-post","3":"status-publish","4":"format-standard","5":"has-post-thumbnail","7":"category-football","8":"tag-football","9":"tag-fr","10":"tag-france","11":"tag-sports"},"share_on_mastodon":{"url":"https:\/\/pubeurope.com\/@fr\/115092498942675866","error":""},"_links":{"self":[{"href":"https:\/\/www.europesays.com\/fr\/wp-json\/wp\/v2\/posts\/344112","targetHints":{"allow":["GET"]}}],"collection":[{"href":"https:\/\/www.europesays.com\/fr\/wp-json\/wp\/v2\/posts"}],"about":[{"href":"https:\/\/www.europesays.com\/fr\/wp-json\/wp\/v2\/types\/post"}],"author":[{"embeddable":true,"href":"https:\/\/www.europesays.com\/fr\/wp-json\/wp\/v2\/users\/2"}],"replies":[{"embeddable":true,"href":"https:\/\/www.europesays.com\/fr\/wp-json\/wp\/v2\/comments?post=344112"}],"version-history":[{"count":0,"href":"https:\/\/www.europesays.com\/fr\/wp-json\/wp\/v2\/posts\/344112\/revisions"}],"wp:featuredmedia":[{"embeddable":true,"href":"https:\/\/www.europesays.com\/fr\/wp-json\/wp\/v2\/media\/344113"}],"wp:attachment":[{"href":"https:\/\/www.europesays.com\/fr\/wp-json\/wp\/v2\/media?parent=344112"}],"wp:term":[{"taxonomy":"category","embeddable":true,"href":"https:\/\/www.europesays.com\/fr\/wp-json\/wp\/v2\/categories?post=344112"},{"taxonomy":"post_tag","embeddable":true,"href":"https:\/\/www.europesays.com\/fr\/wp-json\/wp\/v2\/tags?post=344112"}],"curies":[{"name":"wp","href":"https:\/\/api.w.org\/{rel}","templated":true}]}}