{"id":344114,"date":"2025-08-26T01:35:18","date_gmt":"2025-08-26T01:35:18","guid":{"rendered":"https:\/\/www.europesays.com\/fr\/344114\/"},"modified":"2025-08-26T01:35:18","modified_gmt":"2025-08-26T01:35:18","slug":"laurent-ruquier-tacle-le-retour-dintervilles-et-sinterroge-sur-la-presence-de-yoann-riou-dans-lemission","status":"publish","type":"post","link":"https:\/\/www.europesays.com\/fr\/344114\/","title":{"rendered":"Laurent Ruquier tacle le retour d&rsquo;Intervilles et s&rsquo;interroge sur la pr\u00e9sence de Yoann Riou dans l&rsquo;\u00e9mission"},"content":{"rendered":"<p>Le retour d&rsquo;Intervilles sur France 2 a \u00e9t\u00e9 l&rsquo;un des \u00e9v\u00e9nements phares de l&rsquo;\u00e9t\u00e9. L&rsquo;\u00e9mission reviendra m\u00eame l&rsquo;ann\u00e9e prochaine sur la cha\u00eene. Pourtant, Laurent Ruquier n&rsquo;a visiblement pas \u00e9t\u00e9 convaincu par le programme, comme il l&rsquo;a confi\u00e9 lors du retour des Grosses T\u00eates sur RTL, ce lundi 25 ao\u00fbt.<\/p>\n<p>Le mois de juillet 2025 a \u00e9t\u00e9 marqu\u00e9 par le grand retour \u00e0 l&rsquo;antenne d&rsquo;Intervilles. <a href=\"https:\/\/www.programme-tv.net\/news\/tv\/382442-nagui-explique-pourquoi-seuls-4-numeros-d-intervilles-seront-diffuses-pour-le-grand-retour-de-l-emission-cet-ete\/\" data-api-deeplink=\"teleloisirs:\/\/news\/382442\" rel=\"nofollow noopener\" target=\"_blank\">Quatre num\u00e9ros in\u00e9dits du programme cr\u00e9\u00e9 par Guy Lux ont \u00e9t\u00e9 propos\u00e9s.<\/a> Nagui s&rsquo;\u00e9tait expliqu\u00e9 sur ce choix strat\u00e9gique. \u00ab\u00a0Voyons si le public a envie de revoir Intervilles, voyons si la mani\u00e8re dont on va faire Intervilles 2025 va plaire aussi, car on essaye de garder les fondamentaux avec peut-\u00eatre avec des choses nouvelles et surprenantes\u00a0\u00bb, avait-il not\u00e9 au micro de Sud Radio. Face aux audiences prometteuses, <a href=\"https:\/\/www.programme-tv.net\/news\/tv\/384033-intervilles-france-2-annonce-une-nouvelle-saison-du-jeu-de-nagui-et-bruno-guillon-l-annee-prochaine\/\" data-api-deeplink=\"teleloisirs:\/\/news\/384033\" rel=\"nofollow noopener\" target=\"_blank\">l&rsquo;essai est d\u00e9j\u00e0 transform\u00e9 et France 2 a annonc\u00e9 que l&rsquo;\u00e9mission reviendrait l&rsquo;\u00e9t\u00e9 prochain. <\/a><\/p>\n<p>Laurent Ruquier tique sur le nombre d&rsquo;animateurs d&rsquo;Intervilles<\/p>\n<p>Pour pr\u00e9senter cette nouvelle version d&rsquo;Intervilles, sa production avait mis\u00e9 sur six animateurs, Nagui, <a href=\"https:\/\/www.programme-tv.net\/biographie\/21856-guillon-bruno\/\" data-link-people=\"4e652433-4c3a-493d-a383-6724b1015fc8\" rel=\"nofollow noopener\" target=\"_blank\">Bruno Guillon<\/a>, <a href=\"https:\/\/www.programme-tv.net\/biographie\/67978-begue-valerie\/\" data-link-people=\"506877ff-3bd5-4b47-aaa7-f15537a95bc2\" rel=\"nofollow noopener\" target=\"_blank\">Val\u00e9rie B\u00e8gue<\/a>, <a href=\"https:\/\/www.programme-tv.net\/biographie\/418025-cerf-camille\/\" data-link-people=\"e2d7e9a6-783d-43e9-a3ed-3378c3f7b10c\" rel=\"nofollow noopener\" target=\"_blank\">Camille Cerf<\/a>, <a href=\"https:\/\/www.programme-tv.net\/biographie\/396366-ripoll-magali\/\" data-link-people=\"3a471215-a695-49ab-aed4-00130b9793f9\" rel=\"nofollow noopener\" target=\"_blank\">Magali Ripoll<\/a> et Yoann Riou. Un choix qui a visiblement interloqu\u00e9 Laurent Ruquier, qui pr\u00e9sentait un num\u00e9ro in\u00e9dit des Grosses T\u00eates ce lundi 25 ao\u00fbt. \u00ab\u00a0C&rsquo;est quand m\u00eame pas mal Intervilles. C&rsquo;est la premi\u00e8re \u00e9mission o\u00f9 il y a plus d&rsquo;animateurs pour animer, qu&rsquo;il n&rsquo;y a de t\u00e9l\u00e9spectateurs\u00a0\u00bb, a-t-il tacl\u00e9 le programme sous les rires de ses chroniqueurs et les applaudissements du public. Il s&rsquo;est ensuite adress\u00e9 \u00e0  Yoann Riou, qui compte parmi ses soci\u00e9taires. \u00ab\u00a0On \u00e9tait 500 pour pr\u00e9parer l&rsquo;\u00e9mission\u00a0\u00bb, a cru bon de pr\u00e9ciser le journaliste sportif. \u00ab\u00a0En revanche, quand on regarde \u00e0 l&rsquo;\u00e9cran, il n&rsquo;y a personne dans le public. (&#8230;) Je vous jure, j&rsquo;ai regard\u00e9, j&rsquo;ai trouv\u00e9 \u00e7a vexant\u00a0\u00bb, a poursuivi Laurent Ruquier. Il a ensuite \u00e9voqu\u00e9 le r\u00f4le de Yoann Riou dans le jeu. \u00ab\u00a0Vous surtout, il faut leur dire. Vous, vous n&rsquo;\u00eates rigolo que si on vous laisse parler, que si vous avez un peu d&rsquo;espace pour dire vos conneries. Et l\u00e0, ils ont mis sept ou huit animateurs. Il y a deux Miss, il y a Nagui, il y a Guillon, il y a lui&#8230;\u00a0\u00bb, a-t-il \u00e9num\u00e9r\u00e9. \u00ab\u00a0R\u00e9sultat, personne ne parle\u00a0\u00bb, a conclu l&rsquo;ex d&rsquo;Hugo Manos. Quant \u00e0 <a href=\"https:\/\/www.programme-tv.net\/biographie\/200596-rami-adil\/\" data-link-people=\"d72031ee-361a-417f-a59d-f6912981ce50\" rel=\"nofollow noopener\" target=\"_blank\">Adil Rami<\/a>, il a regrett\u00e9 l&rsquo;absence des vachettes. \u00ab\u00a0C&rsquo;est comme si tu mettais un match de foot sans ballon\u00a0\u00bb, s&rsquo;est-il insurg\u00e9.<\/p>\n<p>                        Qui a gagn\u00e9 Intervilles 2025 ?<\/p>\n<p>Au terme de quatre semaines de comp\u00e9tition dans Intervilles<a href=\"https:\/\/www.programme-tv.net\/news\/tv\/383977-intervilles-qui-a-gagne-la-finale-a-wallers-arenberg-sur-france-2\/\" data-api-deeplink=\"teleloisirs:\/\/news\/383977\" rel=\"nofollow noopener\" target=\"_blank\">, c&rsquo;est la ville de Gap dans les Hautes-Alpes qui s&rsquo;est impos\u00e9e face \u00e0 Coulanges-l\u00e8s-Nevers (2e) et Saint-Amand-les-Eaux (3e)<\/a>. Elle avait d\u00e9j\u00e0 remport\u00e9 le titre il y a seize ans face \u00e0 Dax.<\/p>\n","protected":false},"excerpt":{"rendered":"Le retour d&rsquo;Intervilles sur France 2 a \u00e9t\u00e9 l&rsquo;un des \u00e9v\u00e9nements phares de l&rsquo;\u00e9t\u00e9. L&rsquo;\u00e9mission reviendra m\u00eame l&rsquo;ann\u00e9e&hellip;\n","protected":false},"author":2,"featured_media":344115,"comment_status":"","ping_status":"","sticky":false,"template":"","format":"standard","meta":{"footnotes":""},"categories":[1359],"tags":[244,58,59,1011,27,594,28148,1759,13687,973,35335],"class_list":{"0":"post-344114","1":"post","2":"type-post","3":"status-publish","4":"format-standard","5":"has-post-thumbnail","7":"category-people","8":"tag-commentaire","9":"tag-divertissement","10":"tag-entertainment","11":"tag-fr","12":"tag-france","13":"tag-france-2","14":"tag-intervilles","15":"tag-laurent-ruquier","16":"tag-les-grosses-tu00eates","17":"tag-people","18":"tag-yoann-riou"},"share_on_mastodon":{"url":"https:\/\/pubeurope.com\/@fr\/115092502945371446","error":""},"_links":{"self":[{"href":"https:\/\/www.europesays.com\/fr\/wp-json\/wp\/v2\/posts\/344114","targetHints":{"allow":["GET"]}}],"collection":[{"href":"https:\/\/www.europesays.com\/fr\/wp-json\/wp\/v2\/posts"}],"about":[{"href":"https:\/\/www.europesays.com\/fr\/wp-json\/wp\/v2\/types\/post"}],"author":[{"embeddable":true,"href":"https:\/\/www.europesays.com\/fr\/wp-json\/wp\/v2\/users\/2"}],"replies":[{"embeddable":true,"href":"https:\/\/www.europesays.com\/fr\/wp-json\/wp\/v2\/comments?post=344114"}],"version-history":[{"count":0,"href":"https:\/\/www.europesays.com\/fr\/wp-json\/wp\/v2\/posts\/344114\/revisions"}],"wp:featuredmedia":[{"embeddable":true,"href":"https:\/\/www.europesays.com\/fr\/wp-json\/wp\/v2\/media\/344115"}],"wp:attachment":[{"href":"https:\/\/www.europesays.com\/fr\/wp-json\/wp\/v2\/media?parent=344114"}],"wp:term":[{"taxonomy":"category","embeddable":true,"href":"https:\/\/www.europesays.com\/fr\/wp-json\/wp\/v2\/categories?post=344114"},{"taxonomy":"post_tag","embeddable":true,"href":"https:\/\/www.europesays.com\/fr\/wp-json\/wp\/v2\/tags?post=344114"}],"curies":[{"name":"wp","href":"https:\/\/api.w.org\/{rel}","templated":true}]}}