{"id":344116,"date":"2025-08-26T01:36:13","date_gmt":"2025-08-26T01:36:13","guid":{"rendered":"https:\/\/www.europesays.com\/fr\/344116\/"},"modified":"2025-08-26T01:36:13","modified_gmt":"2025-08-26T01:36:13","slug":"une-villa-darchitecte-brutaliste-dans-la-nature-dibiza","status":"publish","type":"post","link":"https:\/\/www.europesays.com\/fr\/344116\/","title":{"rendered":"Une villa d&rsquo;architecte brutaliste dans la nature d\u2019Ibiza"},"content":{"rendered":"<p>\u00ab La villa fait face \u00e0 la mer, mais s\u2019int\u00e8gre de mani\u00e8re discr\u00e8te et respectueuse. Nous avons exploit\u00e9 le relief naturel du terrain, en \u00e9vitant les mouvements de terre invasifs. C\u2019est ainsi qu\u2019est n\u00e9e une maison \u201c\u00e0 plusieurs niveaux\u201d, o\u00f9 chaque pi\u00e8ce poss\u00e8de sa propre hauteur et sa propre relation avec le paysage \u00bb, poursuit l\u2019architecte.<\/p>\n<p>\u00ab Le r\u00e9sultat est un organisme fluide, en dialogue constant entre pleins et vides, masses et transparences\u00a0\u00bb, explique Eleonore Cavalli. \u00ab\u00a0Nous avons accept\u00e9 l\u2019invitation du <a href=\"https:\/\/www.admagazine.fr\/article\/maison-paysage-michael-levy-uzes\" rel=\"nofollow noopener\" target=\"_blank\">paysage<\/a>, en nous laissant inspirer par sa lumi\u00e8re changeante et sa palette min\u00e9rale. Les meubles n\u2019ont jamais \u00e9t\u00e9 con\u00e7us comme des \u00e9l\u00e9ments isol\u00e9s, mais comme des pr\u00e9sences en dialogue avec l\u2019ext\u00e9rieur : les hauteurs sont contenues, les proportions calibr\u00e9es, les mat\u00e9riaux \u2013 lin, cuir, pierre polie, bois \u2013 refl\u00e8tent la nature environnante.\u00a0\u00bb Et de poursuivre : \u00ab\u00a0Le client souhaitait une maison capable d\u2019incarner l\u2019essence d\u2019Ibiza sans c\u00e9der \u00e0 la rh\u00e9torique d\u00e9corative. L\u2019objectif \u00e9tait de restituer la beaut\u00e9 de l\u2019<a href=\"https:\/\/www.admagazine.fr\/article\/classement-10-pays-nombre-%C3%AEles\" rel=\"nofollow noopener\" target=\"_blank\">\u00eele<\/a> dans une perspective contemporaine, en utilisant le b\u00e9ton arm\u00e9 de mani\u00e8re organique. Aucune habitation \u00e0 Ibiza ne combine l\u2019organique et le ciment pour donner un r\u00e9sultat unique, proche d\u2019un brutalisme qui exprime de mani\u00e8re si int\u00e9gr\u00e9e le genius loci de l\u2019\u00eele. La palette est le fruit d\u2019une recherche d\u2019essentialit\u00e9 lumineuse : blancs crayeux, beiges sable, nuances de pierre et accents naturels. Nous avons travaill\u00e9 pour transmettre une sensation de <a href=\"https:\/\/www.admagazine.fr\/adinspiration\/article\/feng-shui-conseils-reduire-anxiete-maison\" rel=\"nofollow noopener\" target=\"_blank\">calme<\/a> et d\u2019ouverture, o\u00f9 chaque mat\u00e9riau pouvait respirer et exprimer son authenticit\u00e9 en dialogue avec une organicit\u00e9 profond\u00e9ment int\u00e9gr\u00e9e au territoire. \u00bb<\/p>\n<p>Sous le signe du cancer<\/p>\n<p>Mais il ne s\u2019agit pas seulement de style. Le projet est travers\u00e9 par une subtile tension philosophique. Le commanditaire, cosmopolite et amateur de la pens\u00e9e de Rudolf Steiner, souhaitait une architecture qui prenne \u00e9galement en compte la dimension spirituelle de la vie, les phases lunaires, et l\u2019harmonie cosmologique. \u00ab Le plan s\u2019inspire du <a href=\"https:\/\/www.admagazine.fr\/galerie\/signes-du-zodiaque-grands-maitres-design\" rel=\"nofollow noopener\" target=\"_blank\">signe zodiacal<\/a> du ma\u00eetre des lieux, le Cancer \u00bb, r\u00e9v\u00e8le Baroncelli. \u00ab La forme incurv\u00e9e, les deux ailes qui s\u2019\u00e9tendent comme des pinces et le symbole de l\u2019infini sont autant d\u2019\u00e9l\u00e9ments que nous avons int\u00e9gr\u00e9s dans le plan. C\u2019est une maison \u201csteinerienne\u201d, au sens le plus profond et le moins didactique du terme. \u00bb Une r\u00e9sidence qui semble refl\u00e9ter l\u2019essence m\u00eame de l\u2019\u00eele : sauvage mais sophistiqu\u00e9e, spirituelle mais terrestre, rigoureuse mais sensuelle. Un refuge intime et monumental, o\u00f9 chaque d\u00e9tail \u2013 de la texture d\u2019un tapis \u00e0 la proportion d\u2019une <a href=\"https:\/\/www.admagazine.fr\/article\/feng-shui-regle-or-fenetres\" rel=\"nofollow noopener\" target=\"_blank\">fen\u00eatre<\/a> \u2013 contribue \u00e0 construire une vision : celle d\u2019une beaut\u00e9 naturelle et intemporelle, o\u00f9 l\u2019on peut vivre des vacances sans fin.<\/p>\n<p>Le fauteuil Shibari de StudioPepe.<\/p>\n<p>Robert Rieger<\/p>\n","protected":false},"excerpt":{"rendered":"\u00ab La villa fait face \u00e0 la mer, mais s\u2019int\u00e8gre de mani\u00e8re discr\u00e8te et respectueuse. Nous avons exploit\u00e9&hellip;\n","protected":false},"author":2,"featured_media":344117,"comment_status":"","ping_status":"","sticky":false,"template":"","format":"standard","meta":{"footnotes":""},"categories":[1358],"tags":[1348,1384,1385,16786,1386,58,59,1011,27,27651,6997],"class_list":{"0":"post-344116","1":"post","2":"type-post","3":"status-publish","4":"format-standard","5":"has-post-thumbnail","7":"category-arts-et-design","8":"tag-arts","9":"tag-arts-and-design","10":"tag-arts-et-design","11":"tag-brutalisme","12":"tag-design","13":"tag-divertissement","14":"tag-entertainment","15":"tag-fr","16":"tag-france","17":"tag-ibiza","18":"tag-maison-darchitecte"},"share_on_mastodon":{"url":"https:\/\/pubeurope.com\/@fr\/115092506736354102","error":""},"_links":{"self":[{"href":"https:\/\/www.europesays.com\/fr\/wp-json\/wp\/v2\/posts\/344116","targetHints":{"allow":["GET"]}}],"collection":[{"href":"https:\/\/www.europesays.com\/fr\/wp-json\/wp\/v2\/posts"}],"about":[{"href":"https:\/\/www.europesays.com\/fr\/wp-json\/wp\/v2\/types\/post"}],"author":[{"embeddable":true,"href":"https:\/\/www.europesays.com\/fr\/wp-json\/wp\/v2\/users\/2"}],"replies":[{"embeddable":true,"href":"https:\/\/www.europesays.com\/fr\/wp-json\/wp\/v2\/comments?post=344116"}],"version-history":[{"count":0,"href":"https:\/\/www.europesays.com\/fr\/wp-json\/wp\/v2\/posts\/344116\/revisions"}],"wp:featuredmedia":[{"embeddable":true,"href":"https:\/\/www.europesays.com\/fr\/wp-json\/wp\/v2\/media\/344117"}],"wp:attachment":[{"href":"https:\/\/www.europesays.com\/fr\/wp-json\/wp\/v2\/media?parent=344116"}],"wp:term":[{"taxonomy":"category","embeddable":true,"href":"https:\/\/www.europesays.com\/fr\/wp-json\/wp\/v2\/categories?post=344116"},{"taxonomy":"post_tag","embeddable":true,"href":"https:\/\/www.europesays.com\/fr\/wp-json\/wp\/v2\/tags?post=344116"}],"curies":[{"name":"wp","href":"https:\/\/api.w.org\/{rel}","templated":true}]}}