{"id":344118,"date":"2025-08-26T01:37:15","date_gmt":"2025-08-26T01:37:15","guid":{"rendered":"https:\/\/www.europesays.com\/fr\/344118\/"},"modified":"2025-08-26T01:37:15","modified_gmt":"2025-08-26T01:37:15","slug":"lenfant-dans-le-taxi-le-roman-emouvant-de-sylvain-prudhomme-disponible-en-poche","status":"publish","type":"post","link":"https:\/\/www.europesays.com\/fr\/344118\/","title":{"rendered":"\u00ab\u00a0L\u2019enfant dans le taxi\u00a0\u00bb, le roman \u00e9mouvant de Sylvain Prudhomme disponible en poche"},"content":{"rendered":"<p>\u00ab\u00a0L\u2019enfant dans le taxi\u00a0\u00bb, le roman de Sylvain Prudhomme raconte un secret de famille qui refait surface. \u00c0 un moment de son existence o\u00f9 il est d\u00e9j\u00e0 plut\u00f4t en proie aux tourments, le narrateur se sent investi d\u2019une mission. \u00c0 l\u2019enterrement de Malusci, son grand-p\u00e8re, il vient d\u2019apprendre que le d\u00e9funt avait eu un fils pendant la guerre avec une Allemande. Ce M. qui est toujours en vie et habite \u00e0 peine \u00e0 une dizaine d\u2019heures de route. Le rencontrer devient essentiel et urgent \u00e0 ses yeux. Son questionnement et son p\u00e9riple offrent \u00e0 Sylvain Prudhomme l\u2019occasion de signer un livre riche en \u00e9motions et en bonheur stylistique.<\/p>\n<p class=\"note\">Sylvain Prudhomme, \u00ab\u00a0L\u2019enfant dans le taxi\u00a0\u00bb, Folio, 224 pages, 8, 50 \u20ac.<\/p>\n","protected":false},"excerpt":{"rendered":"\u00ab\u00a0L\u2019enfant dans le taxi\u00a0\u00bb, le roman de Sylvain Prudhomme raconte un secret de famille qui refait surface. \u00c0&hellip;\n","protected":false},"author":2,"featured_media":344119,"comment_status":"","ping_status":"","sticky":false,"template":"","format":"standard","meta":{"footnotes":""},"categories":[1357],"tags":[10276,1379,58,59,1011,27,1380],"class_list":{"0":"post-344118","1":"post","2":"type-post","3":"status-publish","4":"format-standard","5":"has-post-thumbnail","7":"category-livres","8":"tag-a-lire","9":"tag-books","10":"tag-divertissement","11":"tag-entertainment","12":"tag-fr","13":"tag-france","14":"tag-livres"},"share_on_mastodon":{"url":"https:\/\/pubeurope.com\/@fr\/115092510788896923","error":""},"_links":{"self":[{"href":"https:\/\/www.europesays.com\/fr\/wp-json\/wp\/v2\/posts\/344118","targetHints":{"allow":["GET"]}}],"collection":[{"href":"https:\/\/www.europesays.com\/fr\/wp-json\/wp\/v2\/posts"}],"about":[{"href":"https:\/\/www.europesays.com\/fr\/wp-json\/wp\/v2\/types\/post"}],"author":[{"embeddable":true,"href":"https:\/\/www.europesays.com\/fr\/wp-json\/wp\/v2\/users\/2"}],"replies":[{"embeddable":true,"href":"https:\/\/www.europesays.com\/fr\/wp-json\/wp\/v2\/comments?post=344118"}],"version-history":[{"count":0,"href":"https:\/\/www.europesays.com\/fr\/wp-json\/wp\/v2\/posts\/344118\/revisions"}],"wp:featuredmedia":[{"embeddable":true,"href":"https:\/\/www.europesays.com\/fr\/wp-json\/wp\/v2\/media\/344119"}],"wp:attachment":[{"href":"https:\/\/www.europesays.com\/fr\/wp-json\/wp\/v2\/media?parent=344118"}],"wp:term":[{"taxonomy":"category","embeddable":true,"href":"https:\/\/www.europesays.com\/fr\/wp-json\/wp\/v2\/categories?post=344118"},{"taxonomy":"post_tag","embeddable":true,"href":"https:\/\/www.europesays.com\/fr\/wp-json\/wp\/v2\/tags?post=344118"}],"curies":[{"name":"wp","href":"https:\/\/api.w.org\/{rel}","templated":true}]}}