{"id":344120,"date":"2025-08-26T01:38:11","date_gmt":"2025-08-26T01:38:11","guid":{"rendered":"https:\/\/www.europesays.com\/fr\/344120\/"},"modified":"2025-08-26T01:38:11","modified_gmt":"2025-08-26T01:38:11","slug":"je-suis-a-la-limite-de-faire-une-crise-cardiaque-dans-lamour-est-dans-le-pre-le-stress-des-speed-datings","status":"publish","type":"post","link":"https:\/\/www.europesays.com\/fr\/344120\/","title":{"rendered":"\u00ab\u00a0Je suis \u00e0 la limite de faire une crise cardiaque\u00a0\u00bb\u00a0: dans \u00ab\u00a0L\u2019Amour est dans le pr\u00e9\u00a0\u00bb, le stress des speed datings"},"content":{"rendered":"<p class=\"paragraph text_align_left lp-f-body-02\">Vingt ans d\u00e9j\u00e0 ! Aussi incroyable que cela puisse para\u00eetre, <a href=\"https:\/\/www.leparisien.fr\/culture-loisirs\/tv\/lamour-est-dans-le-pre-a-20-ans-et-karine-le-marchand-est-entree-dans-le-champ-10-08-2025-UDCGJBSXAREGHABLQMLM2V6DTU.php\" target=\"_self\" rel=\"nofollow noopener\">\u00ab L\u2019Amour est dans le pr\u00e9 \u00bb a ouvert sa vingti\u00e8me saison ce lundi soir sur M 6<\/a>. Comme d\u2019ordinaire, le recette pour trouver une \u00e2me s\u0153ur aux quinze candidats, douze hommes et trois femmes, de cette nouvelle cuv\u00e9e reste la m\u00eame. Apr\u00e8s la diffusion des portraits en janvier dernier, place aux longues s\u00e9ances de speed datings. Toujours comment\u00e9 par Karine Le Marchand dans une salle \u00e0 c\u00f4t\u00e9 des rencontres. \u00ab Moi, je vous pr\u00e9viens, je suis comme vous, je veux glousser, chouiner et voir du coup de foudre \u00e0 gogos ! Je d\u00e9clare la saison 20 ouverte, officiellement \u00bb, s\u2019amuse <a href=\"https:\/\/www.leparisien.fr\/economie\/consommation\/karine-le-marchand-au-soutien-des-agriculteurs-ce-sont-les-consommateurs-qui-feront-bouger-les-lignes-26-02-2025-YR6Y2NAUTRAEFNRFU6PPE6IZZM.php\" target=\"_blank\" rel=\"noreferrer nofollow noopener\">Karine Le Marchand<\/a>, en pr\u00e9ambule.<\/p>\n<p class=\"paragraph text_align_left lp-f-body-02\">Le ballet des pr\u00e9tendants s\u2019ouvre avec notre chouchou de la saison, <a href=\"https:\/\/www.leparisien.fr\/culture-loisirs\/tv\/cetait-chaud-gilles-candidat-de-lamour-est-dans-le-pre-raconte-les-coulisses-du-premier-episode-25-08-2025-C5QV527IQ5ACPNKLVHENZMMVHM.php\" target=\"_blank\" rel=\"noreferrer nofollow noopener\">le s\u00e9millant Gilles<\/a>, 59 ans, c\u00e9r\u00e9alier et collecteur de lait dans le Pays de la Loire. L\u2019amour, il le cherche depuis des ann\u00e9es et compte bien le trouver gr\u00e2ce au programme. \u00ab Je suis super content, je suis super heureux, je suis \u00e0 la limite de faire une crise cardiaque mais les pr\u00e9tendantes me feront du bouche-\u00e0-bouche pour me r\u00e9animer \u00bb, s\u2019amuse-t-il avant de les rencontrer.<\/p>\n<p class=\"paragraph text_align_left lp-f-body-02\">Si rapidement, il craque sur Pascaline, tout en bottes rouges et avec son \u00ab \u0153il coquin \u00bb, ses speed datings sont surtout marqu\u00e9s par sa rencontre tout en sensualit\u00e9 avec une certaine L\u00e9a. Cette s\u00e9duisante maman et r\u00e9cente grand-m\u00e8re, qui se pr\u00e9sente d\u2019origine ivoirienne et guadeloup\u00e9enne va tout donner pour le s\u00e9duire. Lors de leur entretien, la quinqua l\u2019invite \u00e0 danser un zouk, coll\u00e9s serr\u00e9s sur le langoureux titre \u00ab Ancr\u00e9e \u00e0 ton port \u00bb de l\u2019artiste guyanaise Fanny J.<\/p>\n<p>\u00ab Hellooooooo, vous \u00eates c\u00e9libataire ? \u00bb<\/p>\n<p class=\"paragraph text_align_left lp-f-body-02\">Gilles, carr\u00e9ment g\u00ean\u00e9, se tortille dans tous les sens lors de cette chor\u00e9graphie aussi improvis\u00e9e qu\u2019hilarante. Il pr\u00e9f\u00e9rera Isabelle, plus sobre charg\u00e9e de communication en Alsace et Pascaline. Et il leur annoncera qu\u2019elles continuent l\u2019aventure avec elles en les invitant \u00e0 danser sur \u00ab On va s\u2019aimer \u00bb de Gilbert Montagn\u00e9 dans un moment ultra-sympathique.<\/p>\n<p class=\"paragraph text_align_left lp-f-body-02\">Karine Le Marchand, tr\u00e8s en forme, n\u2019est pas en reste dans cet \u00e9pisode. Alors qu\u2019elle est en train d\u2019interroger Oc\u00e9ane, jeune mara\u00eech\u00e8re bretonne de 26 ans, sur le ponton de la p\u00e9niche du tournage, l\u2019animatrice se d\u00e9concentre. Pourquoi ? Car un homme passe en bateau sur la Seine, juste \u00e0 c\u00f4t\u00e9. \u00ab Hellooooooo, vous \u00eates c\u00e9libataire ? \u00bb, lui lance l\u2019animatrice de sa voix haut perch\u00e9e puis coup\u00e9e dans son \u00e9lan par la candidate. \u00ab Pour toi ou pour moi ? \u00bb, lui l\u00e2che-t-elle alors. \u00ab Pour moi, encha\u00eene l\u2019animatrice. Tu sais que moi, \u00e0 un moment donn\u00e9, il va falloir que j\u2019aille vers des gens de mon \u00e2ge hein. C\u2019est pour moi lui ! Tu le verrais habiter \u00e0 la ferme celui-l\u00e0 ? Franchement, il serait bien mieux dans mon \u00e9l\u00e9ment que dans le tien \u00bb, r\u00e9torque Karine Le Marchand, avant de reprendre son entretien.<\/p>\n<p class=\"paragraph text_align_left lp-f-body-02\">Un pas de c\u00f4t\u00e9 qui va porter chance \u00e0 Oc\u00e9ane. La candidate aura un coup de c\u0153ur, notamment pour Florian, un autre Breton de 33 ans. Avec lui, tout semble fluide, il lui offre un bol breton \u00e0 son nom, la couvre de compliments et discute de l\u2019envie commune de construire une famille. Sous le charme, Oc\u00e9ane va lui proposer de le rejoindre dans sa ferme. \u00ab J\u2019ai un coup de c\u0153ur, j\u2019ai h\u00e2te de voir ce que cela va donner dans la vraie vie \u00bb, glisse-t-elle.<\/p>\n<p>\u00ab C\u2019est le coup de foudre, l\u00e0 \u00bb<\/p>\n<p class=\"paragraph text_align_left lp-f-body-02\">Autre figure de cette saison, Jean-Louis, l\u2019\u00e9leveur de vaches laiti\u00e8res d\u2019Occitanie. Celui qui vit encore avec sa maman, \u00e0 53 ans, s\u2019est coiff\u00e9 d\u2019un nouveau b\u00e9ret pour aller \u00e0 la rencontre de ses pr\u00e9tendantes. Et ce n\u2019est pas un petit pet l\u00e2ch\u00e9 avant de monter dans un taxi, et subtilement gard\u00e9 au montage pour un speed dating \u00ab p\u00e9taradant \u00bb comme le glisse la voix off qui va g\u00e2cher la f\u00eate.<\/p>\n<p class=\"paragraph text_align_left lp-f-body-02\">\u00ab C\u2019est un amour, c\u2019est la beaut\u00e9 incarn\u00e9e, confie <a href=\"https:\/\/www.leparisien.fr\/culture-loisirs\/tv\/karine-le-marchand-au-salon-de-lagriculture-si-je-me-lancais-en-politique-ce-serait-la-guerre-civile-en-3-jours-26-02-2025-UNU5GMSZIBAW5F4BT6XHELZYTU.php\" target=\"_blank\" rel=\"noreferrer nofollow noopener\">Karine Le Marchand<\/a> \u00e0 ses trois pr\u00e9tendantes. Ses rencontres sont particuli\u00e8rement touchantes, toujours sur le fil de la pudeur. Avec Sophie, la Brune m\u00e9ridionale \u00e0 l\u2019accent chantant, tout semble rouler. \u00ab Il ne fait pas d\u2019orage aujourd\u2019hui, c\u2019est le coup de foudre l\u00e0, j\u2019ai chang\u00e9 de dimension \u00bb, conclut-il avant de l\u2019inviter \u00e0 la ferme, avec une autre Sophie, blonde cette fois. \u00ab Quand tu as parl\u00e9 de ta maman, je me suis retrouv\u00e9e, lui l\u00e2che-t-elle. Et je me suis dit, c\u2019est quelqu\u2019un de bien \u00bb,<\/p>\n","protected":false},"excerpt":{"rendered":"Vingt ans d\u00e9j\u00e0 ! Aussi incroyable que cela puisse para\u00eetre, \u00ab L\u2019Amour est dans le pr\u00e9 \u00bb a&hellip;\n","protected":false},"author":2,"featured_media":344121,"comment_status":"","ping_status":"","sticky":false,"template":"","format":"standard","meta":{"footnotes":""},"categories":[1356],"tags":[872,58,59,1011,27,252,2205,1364],"class_list":{"0":"post-344120","1":"post","2":"type-post","3":"status-publish","4":"format-standard","5":"has-post-thumbnail","7":"category-television","8":"tag-culture-et-loisirs","9":"tag-divertissement","10":"tag-entertainment","11":"tag-fr","12":"tag-france","13":"tag-television","14":"tag-television-medias","15":"tag-tv"},"share_on_mastodon":{"url":"https:\/\/pubeurope.com\/@fr\/115092514976894908","error":""},"_links":{"self":[{"href":"https:\/\/www.europesays.com\/fr\/wp-json\/wp\/v2\/posts\/344120","targetHints":{"allow":["GET"]}}],"collection":[{"href":"https:\/\/www.europesays.com\/fr\/wp-json\/wp\/v2\/posts"}],"about":[{"href":"https:\/\/www.europesays.com\/fr\/wp-json\/wp\/v2\/types\/post"}],"author":[{"embeddable":true,"href":"https:\/\/www.europesays.com\/fr\/wp-json\/wp\/v2\/users\/2"}],"replies":[{"embeddable":true,"href":"https:\/\/www.europesays.com\/fr\/wp-json\/wp\/v2\/comments?post=344120"}],"version-history":[{"count":0,"href":"https:\/\/www.europesays.com\/fr\/wp-json\/wp\/v2\/posts\/344120\/revisions"}],"wp:featuredmedia":[{"embeddable":true,"href":"https:\/\/www.europesays.com\/fr\/wp-json\/wp\/v2\/media\/344121"}],"wp:attachment":[{"href":"https:\/\/www.europesays.com\/fr\/wp-json\/wp\/v2\/media?parent=344120"}],"wp:term":[{"taxonomy":"category","embeddable":true,"href":"https:\/\/www.europesays.com\/fr\/wp-json\/wp\/v2\/categories?post=344120"},{"taxonomy":"post_tag","embeddable":true,"href":"https:\/\/www.europesays.com\/fr\/wp-json\/wp\/v2\/tags?post=344120"}],"curies":[{"name":"wp","href":"https:\/\/api.w.org\/{rel}","templated":true}]}}