{"id":344122,"date":"2025-08-26T01:39:17","date_gmt":"2025-08-26T01:39:17","guid":{"rendered":"https:\/\/www.europesays.com\/fr\/344122\/"},"modified":"2025-08-26T01:39:17","modified_gmt":"2025-08-26T01:39:17","slug":"justice-kneecap-floating-points-les-temps-forts-et-les-temps-faibles-de-la-cuvee-2025","status":"publish","type":"post","link":"https:\/\/www.europesays.com\/fr\/344122\/","title":{"rendered":"Justice, Kneecap, Floating Points\u2026\u00a0les temps forts (et les temps faibles) de la cuv\u00e9e 2025"},"content":{"rendered":"<p>      Le marathon musical de la rentr\u00e9e, lanc\u00e9 mercredi 20\u00a0ao\u00fbt avec Chappell Roan, s\u2019est achev\u00e9 hier soir avec Queens of the Stone Age. Entre les deux\u00a0? Des guitares plus ou moins h\u00e9ro\u00efques et de l\u2019\u00e9lectro plus ou moins chic.              <a href=\"https:\/\/www.europesays.com\/fr\/wp-content\/uploads\/2025\/08\/854fc3d_upload-1-vzeuonkfzgfy-sipa-01227136-000005.jpg\" data-pswp-width=\"\" data-pswp-height=\"\" class=\"media__hd\" target=\"_blank\">      <img decoding=\"async\" fetchpriority=\"high\" src=\"https:\/\/www.europesays.com\/fr\/wp-content\/uploads\/2025\/08\/854fc3d_upload-1-vzeuonkfzgfy-sipa-01227136-000005.jpg\" class=\"media__picture js-media-zoom-main \" alt=\"L\u2019\u00e9dition 2025\u00a0de Rock en Seine\u00a0a attir\u00e9 148\u00a0000\u00a0spectateurs r\u00e9partis sur cinq jours de festival. \" title=\"Photo Telmo Pinto\/Sopa\/Sipa\"\/>      <\/p>\n<p class=\"media__legend\"> L\u2019\u00e9dition 2025\u00a0de Rock en Seine\u00a0a attir\u00e9 148\u00a0000\u00a0spectateurs r\u00e9partis sur cinq jours de festival.   Photo Telmo Pinto\/Sopa\/Sipa  <\/p>\n<p>     <\/a>                    <\/p>\n<p class=\"author author--simple\">Par  <a class=\"author author--link\" href=\"https:\/\/www.telerama.fr\/recherche\/articles?q=Odile+de+Plas%2C\" rel=\"nofollow noopener\" target=\"_blank\"> Odile de Plas, <\/a>        <a class=\"author author--link\" href=\"https:\/\/www.telerama.fr\/recherche\/articles?q=Thomas+Richet\" rel=\"nofollow noopener\" target=\"_blank\"> Thomas Richet <\/a>    <\/p>\n<p class=\"publication__date\">Publi\u00e9 le 25 ao\u00fbt 2025 \u00e0 12h36<\/p>\n<p class=\"publication__update\">Mis \u00e0 jour le 25 ao\u00fbt 2025 \u00e0 18h56<\/p>\n<p>   Partager   <\/p>\n<ul class=\"sharing-popin--results\">\n<li class=\"sharing-popin--item sharing-popin--item-container\"> Partage  <\/li>\n<li data-share=\"linkedin\" class=\"sharing-popin--item\">  LinkedIn <\/li>\n<li data-share=\"facebook\" class=\"sharing-popin--item\">  Facebook <\/li>\n<li data-share=\"mail\" data-social=\"mail\" class=\"sharing-popin--item\">  Envoyer par email <\/li>\n<li data-share=\"copy\" class=\"sharing-popin--item\">  Copier le lien <\/li>\n<\/ul>\n<p>        Favoris       <\/p>\n<p>                <a class=\"openapp__link\" data-event=\"click-open-app\" data-deep-link=\"tlrm:\/\/element?id=\/musique\/rock-en-seine-justice-kneecap-floating-points-les-temps-forts-et-les-temps-faibles-de-la-cuvee-2025-7027045.php&amp;source=deeplink_site\">  Lire dans l&rsquo;application<br \/>\n  <\/a>                               <\/p>\n<p class=\"paragraph\">C\u2018est dans un nuage de poussi\u00e8re et sous le d\u00e9luge de guitares de Queens of the Stone Age que s\u2019est achev\u00e9, dimanche 24\u00a0ao\u00fbt, Rock en Seine. <a target=\"_blank\" href=\"https:\/\/www.telerama.fr\/musique\/rock-en-seine-une-edition-2025-semee-d-embuches-le-calendrier-ne-nous-a-pas-ete-favorable-non-plus-7027044.php\" rel=\"nofollow noopener\">Avec 148\u00a0000\u00a0spectateurs en cinq jours<\/a> sur les 200\u00a0000\u00a0esp\u00e9r\u00e9s, le festival francilien n\u2019a pas affich\u00e9 complet, malmen\u00e9 par une s\u00e9rie d\u2019impr\u00e9vus et de contrari\u00e9t\u00e9s\u00a0: annulation de deux t\u00eates d\u2019affiche, pol\u00e9mique excessive au sujet de la pr\u00e9sence du groupe nord-irlandais Kneecap qui a conduit \u00e0 la suppression de deux subventions dans un contexte de pression croissante des \u00e9lus sur la programmation des festivals. Afin de ne pas r\u00e9duire cinq jours de musique \u00e0 trois contretemps, revue de d\u00e9tail des 100\u00a0000\u00a0pas parcourus lors de cette \u00e9dition 2025.<\/p>\n<p>                      Les guitares font de la r\u00e9sistance                              <a href=\"https:\/\/www.europesays.com\/fr\/wp-content\/uploads\/2025\/08\/902c226_upload-1-fud7teakhxg5-maxnewsspecialtwo310781.jpg\" data-pswp-width=\"\" data-pswp-height=\"\" class=\"media__hd\" target=\"_blank\">      <img decoding=\"async\" loading=\"lazy\" src=\"https:\/\/www.europesays.com\/fr\/wp-content\/uploads\/2025\/08\/902c226_upload-1-fud7teakhxg5-maxnewsspecialtwo310781.jpg\" class=\"media__picture js-media-zoom  media__size--large\" alt=\"Michael Gordon, plus connu sous le nom de Mk. gee.\" title=\"Photo Olivier Corsan\/Le Parisien\/MaxPPP\"\/>      <\/p>\n<p class=\"media__legend\"> Michael Gordon, plus connu sous le nom de Mk. gee.  Photo Olivier Corsan\/Le Parisien\/MaxPPP  <\/p>\n<p>     <\/a>                          <\/p>\n<p class=\"paragraph\">Sous chaque post sur les r\u00e9seaux sociaux du festival de Saint-Cloud, une complainte revient, encore et encore\u00a0: \u00ab\u00a0Il n\u2019y a plus de rock \u00e0 Rock en Seine.\u00a0\u00bb Pour notre part, on s\u2019en fiche un peu \u2014 le genre n\u2019a pas besoin d\u2019un tel gros festival pour vivre sa vie. D\u2019autant que les guitares \u00e9taient bel et bien l\u00e0 cette ann\u00e9e. Et m\u00eame en tr\u00e8s gros sur l\u2019affiche, avec le concert <a target=\"_blank\" href=\"https:\/\/www.telerama.fr\/musique\/chappell-roan-a-rock-en-seine-un-show-vitamine-demesure-ultra-millimetre-7027004.php\" rel=\"nofollow noopener\">finalement tr\u00e8s old school<\/a> (guitare, basse, batterie) de la pop star de l\u2019ann\u00e9e, <strong>Chappell Roan<\/strong>. Sans compter deux groupes phares de cette \u00e9dition, <strong>Queens of the Stone Age,<\/strong> qui a livr\u00e9 un set finalement un peu p\u00e9p\u00e8re \u00e0 deux doigts de virer au rock \u00e0 papa, et <strong>Fontaines D.C.,<\/strong> d\u2019une efficacit\u00e9 imparable.<\/p>\n<p class=\"edito__prefixe\">   \u00c0 lire aussi :   <\/p>\n<p class=\"edito__text-container\">     <a alt=\"Lire aussi\" href=\"https:\/\/www.telerama.fr\/musique\/fontaines-d-c-u2-a-maintenu-la-flamme-pendant-vingt-ans-ca-nous-en-laisse-encore-dix-devant-nous-7022979.php\" class=\"article__title--edito\" rel=\"nofollow noopener\" target=\"_blank\">Fontaines D.C.\u00a0: \u201cU2\u00a0a maintenu la flamme pendant vingt ans, \u00e7a nous en laisse encore dix devant nous\u00a0!\u201d<\/a>  <\/p>\n<p class=\"paragraph\">Jeudi, le flambeau \u00e9tait port\u00e9 par <strong>Mk. gee, <\/strong>alias Michael Gordon, Am\u00e9ricain de 28\u00a0ans dont la popularit\u00e9 ne cesse de gonfler de l\u2019autre c\u00f4t\u00e9 de l\u2019Atlantique. Chaque g\u00e9n\u00e9ration a (h\u00e9las) besoin de son guitar hero\u00a0\u2014 il est celui d\u2019aujourd\u2019hui. On a notamment entendu son jeu satur\u00e9 d\u2019effets sur les disques de Bon Iver et de Dijon, avec qui il partage un go\u00fbt pour les ambiances vaporeuses, mais pas leur charisme vocal, gros handicap sur sc\u00e8ne. Comme le premier, il se vautre aussi dans les effets tr\u00e8s ann\u00e9es 80, empruntant \u00e0 Phil Collins ou \u00e0 Don Henley leurs pires nappes de synth\u00e9s \u2014 ce soir-l\u00e0, un de ses musiciens abusait de bruits de pistolets laser et de cris de mouette \u00e9lectronique.<\/p>\n<p class=\"paragraph\">Dimanche, il fallait se rendre t\u00f4t \u00e0 Saint-Cloud pour voir <strong>King Hannah. <\/strong>Malgr\u00e9 un soleil \u00e9crasant en ce d\u00e9but d\u2019apr\u00e8s-midi, le groupe, anglais mais adepte d\u2019un rock ind\u00e9 tr\u00e8s am\u00e9ricain, nous transporte rapidement ailleurs. V\u00eatue d\u2019une robe rouge chip\u00e9e \u00e0 PJ Harvey, la chanteuse Hannah Merrick fait flotter sa voix rauque et blas\u00e9e, tandis que l\u2019impeccable Craig Whittle lac\u00e8re l\u2019espace de ses riffs de guitare neil youngesque. Une belle ambiance champ\u00eatre dans un site bien poussi\u00e9reux.<\/p>\n<p class=\"paragraph\">Un peu plus tard dans cette m\u00eame journ\u00e9e, c\u2019\u00e9tait au tour de <strong>Sharon Van Etten<\/strong> de d\u00e9fendre ce bon vieux rock. Malgr\u00e9 un virage plus \u00e9lectropop sur ses derniers albums, les guitares \u00e9taient bien de sortie, du refrain puissant de Live Forever aux arp\u00e8ges d\u2019Idiot Box. La folkeuse timide des d\u00e9buts est bien loin\u00a0: l\u2019Am\u00e9ricaine se tient, alti\u00e8re, sur le devant de la sc\u00e8ne, danse, interagit avec ses musiciens. Et rigole franchement quand sa robe tombe et manque de d\u00e9voiler sa poitrine. En finissant sur Seventeen, cri du c\u0153ur aussi puissant qu\u2019\u00e9l\u00e9gant, elle prouve que les r\u00e2leurs des r\u00e9seaux sociaux ont bien tort. <strong>\u2013 T.R.<\/strong><\/p>\n<p>                      Les parenth\u00e8ses enchant\u00e9es                              <a href=\"https:\/\/www.europesays.com\/fr\/wp-content\/uploads\/2025\/08\/3e8a879_upload-1-0suh0srwjaet-sipa-01227156-000019.jpg\" data-pswp-width=\"\" data-pswp-height=\"\" class=\"media__hd\" target=\"_blank\">      <img decoding=\"async\" loading=\"lazy\" src=\"https:\/\/www.europesays.com\/fr\/wp-content\/uploads\/2025\/08\/3e8a879_upload-1-0suh0srwjaet-sipa-01227156-000019.jpg\" class=\"media__picture js-media-zoom  media__size--large\" alt=\"La rappeuse am\u00e9ricaine Fatimah Nyeema, dite Noname.\" title=\"Photo Sadaka Edmond\/Sipa\"\/>      <\/p>\n<p class=\"media__legend\"> La rappeuse am\u00e9ricaine Fatimah Nyeema, dite Noname.  Photo Sadaka Edmond\/Sipa  <\/p>\n<p>     <\/a>                          <\/p>\n<p class=\"paragraph\">Grandes sc\u00e8nes et grosse foule oblige, les groupes qui se produisent dans les festivals sont souvent plus \u00e0 la recherche d\u2019efficacit\u00e9 que d\u2019humanit\u00e9. Mais quelques petits miracles peuvent parfois se produire. Ce fut m\u00eame le cas deux fois d\u2019affil\u00e9e, sur la sc\u00e8ne principale, samedi apr\u00e8s-midi. D\u2019abord avec <strong>Sophye Soliveau,<\/strong> qui avait la lourde t\u00e2che d\u2019ouvrir la journ\u00e9e, en plein cagnard. La derni\u00e8re fois qu\u2019on avait vu la chanteuse et harpiste, ses exc\u00e8s de vocalises, de mise en sc\u00e8ne nous avait un peu agac\u00e9. \u00c9tait-ce le temps r\u00e9duit qui lui \u00e9tait accord\u00e9 cette fois\u00a0? Elle s\u2019est concentr\u00e9e sur ce qu\u2019elle fait de mieux\u00a0: m\u00e9langer avec gr\u00e2ce soul, jazz et R\u2019n\u2019B, chansons finement \u00e9crites et improvisations aventureuses.<\/p>\n<p class=\"edito__prefixe\">   D\u00e9couvrir la note et la critique   <\/p>\n<p class=\"edito__text-container\">       <a alt=\"Lire aussi\" href=\"https:\/\/www.telerama.fr\/musique\/harpe-r-n-b-soul-et-jazz-joyeux-melange-d-initiation-premier-album-renversant-de-sophye-soliveau_cri-7031762.php\" class=\"article__title--edito\" rel=\"nofollow noopener\" target=\"_blank\">Harpe, R\u2019n\u2019B, soul et jazz&#8230; joyeux m\u00e9lange d\u2019\u201cInitiation\u201d, premier album renversant de Sophye Soliveau<\/a>  <\/p>\n<p class=\"paragraph\">Quarante minutes plus tard, c\u2019est la rappeuse am\u00e9ricaine <strong>Noname<\/strong> qui foulait la grande sc\u00e8ne, accompagn\u00e9e seulement d\u2019une DJ. Elle se plante d\u2019embl\u00e9e sur la rampe qui devance la sc\u00e8ne et y restera jusqu\u2019au bout de sa performance, au plus pr\u00e8s du public. Comme ses textes, aussi dr\u00f4les que r\u00e9volutionnaires, la Chicagoane alterne vannes d\u00e9sobligeantes \u2014 \u00ab\u00a0J\u2019avais oubli\u00e9\u00a0: on est en France, vous n\u2019avez aucun sens du rythme\u00a0\u00bb \u2014 et vrais sourires ravis. D\u00e9contract\u00e9e et loin des shows calibr\u00e9s, elle n\u2019h\u00e9site pas \u00e0 couper la musique pour rapper librement, s\u2019interrompt au d\u00e9but d\u2019un morceau, pour finalement suivre son inspiration et passer \u00e0 un autre. Quarante-cinq minutes \u00e0 l\u2019image de sa musique, totalement libres et terriblement charmantes. <strong>\u2013 T.R.<\/strong><\/p>\n<p>                Floating Point, Jamie XX et Caribou, antidotes \u00e0 Tomorrowland                               <a href=\"https:\/\/www.europesays.com\/fr\/wp-content\/uploads\/2025\/08\/0932923_upload-1-lxu10msciru0-sipa-01227064-000046.jpg\" data-pswp-width=\"\" data-pswp-height=\"\" class=\"media__hd\" target=\"_blank\">      <img decoding=\"async\" loading=\"lazy\" src=\"https:\/\/www.europesays.com\/fr\/wp-content\/uploads\/2025\/08\/0932923_upload-1-lxu10msciru0-sipa-01227064-000046.jpg\" class=\"media__picture js-media-zoom  media__size--large\" alt=\"Le DJ franco-am\u00e9ricain Marc Rebillet.\" title=\"Photo Sadaka Edmond\/Sipa\"\/>      <\/p>\n<p class=\"media__legend\"> Le DJ franco-am\u00e9ricain Marc Rebillet.  Photo Sadaka Edmond\/Sipa  <\/p>\n<p>     <\/a>                          <\/p>\n<p class=\"paragraph\">Justice, Jamie XX, Caribou, Floating Points, Anima, Marc Rebillet, Who Made Who, Empire of The Sun\u2026 Il y avait c\u00f4t\u00e9 \u00e9lectro et synthpop, \u00e0 boire et \u00e0 danser. Car comment imaginer une seconde que les pantalonnades sans pantalon d\u2019un <strong>Marc Rebillet <\/strong>ont quelque point commun avec l\u2019architecture sensuelle et c\u00e9r\u00e9brale d\u2019un <strong>Floating Points, <\/strong>qui jouait vendredi sur la sc\u00e8ne Bosquet\u00a0? D\u2019un c\u00f4t\u00e9, un histrion en cale\u00e7on tr\u00e8s moulant, \u00e9puisant \u00e0 force de gesticulations sonores, dont le plaisir principal semble d\u00e9sormais se r\u00e9sumer \u00e0 sampler des grossi\u00e8ret\u00e9s sur une EDM dop\u00e9e \u00e0 trop forte dose. De l\u2019autre, un quasi-bouddhiste des machines, concentr\u00e9 sur ses boucles ondulantes et ses kicks sur ressort, ses textures tour \u00e0 tour rugueuses et suaves construisant un live \u00e0 la progression diabolique o\u00f9 chaque transition offre un suppl\u00e9ment de sensations. Aux c\u00f4t\u00e9s de Floating Points, deux vid\u00e9astes-laborantines projettent de fascinants paysages de bulles color\u00e9es, de mousses expansives, cr\u00e9\u00e9es sur l\u2019instant. Tout \u00e9tait vivant, anim\u00e9 d\u2019une pulsation commune envo\u00fbtante.<\/p>\n<p class=\"paragraph\">On en \u00e9tait l\u00e0, \u00e0 danser, se disant qu\u2019avec ses comp\u00e8res et amis du week-end \u2014 <strong>Caribou<\/strong> jouait quelques heures plus t\u00f4t en formation groupe, <strong>Jamie XX<\/strong> \u00e9tait attendu le lendemain et n\u2019a pas d\u00e9\u00e7u \u2014, Floating Points offrait ce qu\u2019on peut faire de mieux dans le genre. Peut-\u00eatre parce que aucun n\u2019a eu le mauvais go\u00fbt de tomber du c\u00f4t\u00e9 Tomorrowland de l\u2019\u00e9lectro \u2014 sorte de raccourci vers l\u2019enfer \u2014 pour grappiller un peu de succ\u00e8s suppl\u00e9mentaire. <strong>Anima,<\/strong> lui, a plong\u00e9 dedans \u2014 visuels biofuturistes d\u00e9goulinant de vulgarit\u00e9 fa\u00e7on Avatar, de James Cameron, envol\u00e9es technos aux ficelles \u00e9paisses. Le m\u00eame drame avait englouti les Danois de <strong>Who Made Who<\/strong> plus t\u00f4t dans l\u2019apr\u00e8s-midi, dont la synthpop semblait bien pompeuse soudain accompagn\u00e9e, sur grand \u00e9cran, d\u2019une jungle num\u00e9rique du pire effet. <strong>\u2013 O.d.P<\/strong><\/p>\n<p>                Empire of the Sun                               <a href=\"https:\/\/www.europesays.com\/fr\/wp-content\/uploads\/2025\/08\/d461e50_upload-1-e0l3dliay10i-sipa-01227064-000024.jpg\" data-pswp-width=\"\" data-pswp-height=\"\" class=\"media__hd\" target=\"_blank\">      <img decoding=\"async\" loading=\"lazy\" src=\"https:\/\/www.europesays.com\/fr\/wp-content\/uploads\/2025\/08\/d461e50_upload-1-e0l3dliay10i-sipa-01227064-000024.jpg\" class=\"media__picture js-media-zoom  media__size--large\" alt=\"Les revenants australiens d\u2019Empire of the Sun.\" title=\"Photo Sadaka Edmond\/Sipa\"\/>      <\/p>\n<p class=\"media__legend\"> Les revenants australiens d\u2019Empire of the Sun.  Photo Sadaka Edmond\/Sipa  <\/p>\n<p>     <\/a>                          <\/p>\n<p class=\"paragraph\">Bref, tout cela manquait terriblement d\u2019humour, contrairement au show d\u2019<strong>Empire of the Sun<\/strong> la veille, sommet de kitsch \u2014 volontaire\u00a0? rien n\u2019est moins s\u00fbr \u2014\u00a0\u00e0 la cr\u00e9ativit\u00e9 d\u00e9lirante. Port\u00e9 par un retour de hype, sur TikTok, autour de leurs vieux tubes (Walking on a Dream, We Are the People), le duo australien \u00e9tait r\u00e9duit sur sc\u00e8ne \u00e0 Luke Steel, le chanteur guitar hero en kimono. Mais il nageait en plein bonheur entour\u00e9 de danseurs \u00ab\u00a0soleil\u00a0\u00bb ou \u00ab\u00a0lune\u00a0\u00bb, d\u2019un simili-Pok\u00e9mon \u00e0 frange. \u00c0 18\u00a0heures, en plein jour, on fr\u00f4lait parfois le th\u00e9\u00e2tre amateur (surtout quand la vid\u00e9o filmait l\u2019envers du d\u00e9cor), mais toute moquerie a pris fin devant sa version heavy metal de Standing on the Shore, pouls ralenti, riffs \u00e9tir\u00e9s, fans rassasi\u00e9s.<\/p>\n<p class=\"edito__prefixe\">   \u00c0 lire aussi :   <\/p>\n<p class=\"edito__text-container\">     <a alt=\"Lire aussi\" href=\"https:\/\/www.telerama.fr\/musique\/justice-vingt-ans-a-secouer-la-french-touch-7020133.php\" class=\"article__title--edito\" rel=\"nofollow noopener\" target=\"_blank\">Justice, vingt ans \u00e0 secouer la French Touch<\/a>  <\/p>\n<p class=\"paragraph\">Que dire d\u00e8s lors de l\u2019\u00e9tat des troupes samedi apr\u00e8s le spectacle dantesque de <strong>Justice,<\/strong> qui cl\u00f4turait la soir\u00e9e\u00a0? Pour leur dernier show en France, le duo parisien a litt\u00e9ralement satur\u00e9 la plaine de Saint-Cloud de son, de lumi\u00e8re, de puissance. Sur l\u2019\u00e9cran, pas une fesse de Xavier de Rosnay ou de Gaspard Augier ne bouge, imperturbables silhouettes au milieu du d\u00e9luge d\u00e9clench\u00e9 par leur live rouleau compresseur. <strong>\u2013 O.d.P<\/strong><\/p>\n<p>                      Et Kneecap, alors\u00a0?                      <\/p>\n<p class=\"paragraph\">\u00c0 entendre les \u00ab\u00a0Free Palestine\u00a0\u00bb et \u00ab\u00a0Tout le monde d\u00e9teste la police\u00a0\u00bb qui r\u00e9sonnaient avant m\u00eame que <strong>Kneecap<\/strong> ne monte sur sc\u00e8ne, on se doutait que le public qui s\u2019agglutinait devant la petite sc\u00e8ne du Bosquet n\u2019\u00e9tait pas venu que pour la musique. La programmation du sulfureux trio nord-irlandais, accus\u00e9 d\u2019avoir brandi des drapeaux du Hezbollah, a co\u00fbt\u00e9 plusieurs centaines de milliers d\u2019euros <a target=\"_blank\" href=\"https:\/\/www.telerama.fr\/musique\/rock-en-seine-la-region-ile-de-france-annule-ses-subventions-en-raison-du-concert-de-kneecap-7027020.php#:~:text=Le%20Conseil%20repr%C3%A9sentatif%20des%20institutions,%C2%AB%20festival%20de%20la%20honte%20%C2%BB.\" rel=\"nofollow noopener\">de subventions au festival<\/a>. Le groupe assume la pol\u00e9mique, et monte sur sc\u00e8ne avec un message mettant en cause la complicit\u00e9 du gouvernement fran\u00e7ais dans le \u00ab\u00a0g\u00e9nocide\u00a0\u00bb du peuple palestinien. C\u00f4t\u00e9 public, des manifestants, arm\u00e9s de sifflets, les attendaient. Rapidement expuls\u00e9s par la s\u00e9curit\u00e9, leur action aurait de toute fa\u00e7on \u00e9t\u00e9 rapidement noy\u00e9e sous les grosses basses du hip-hop festif et vigoureux de Kneecap. \u00ab\u00a0Ils veulent qu\u2019on soit en col\u00e8re comme Isra\u00ebl, mais on n\u2019est pas comme eux\u00a0\u00bb, d\u00e9clare Mo Chara, un des rappeurs, qui pr\u00e9cise\u00a0: \u00ab\u00a0On est l\u00e0 pour s\u2019amuser.\u00a0\u00bb De ce c\u00f4t\u00e9-l\u00e0, c\u2019est r\u00e9ussi, le groupe livrant un concert mont\u00e9 sur ressort, \u00e0 l\u2019\u00e9nergie bluffante, mais finalement totalement dans les clous. Le public aurait-il \u00e9t\u00e9 aussi nombreux sans les pol\u00e9miques\u00a0? Sans doute pas, et c\u2019est une le\u00e7on \u00e0 m\u00e9diter pour les politiques qui ont instrumentalis\u00e9 l\u2019affaire. <strong>\u2013 T.R.<\/strong><\/p>\n","protected":false},"excerpt":{"rendered":"Le marathon musical de la rentr\u00e9e, lanc\u00e9 mercredi 20\u00a0ao\u00fbt avec Chappell Roan, s\u2019est achev\u00e9 hier soir avec Queens&hellip;\n","protected":false},"author":2,"featured_media":344123,"comment_status":"","ping_status":"","sticky":false,"template":"","format":"standard","meta":{"footnotes":""},"categories":[1355],"tags":[58,59,1011,27,1361,873],"class_list":{"0":"post-344122","1":"post","2":"type-post","3":"status-publish","4":"format-standard","5":"has-post-thumbnail","7":"category-musique","8":"tag-divertissement","9":"tag-entertainment","10":"tag-fr","11":"tag-france","12":"tag-music","13":"tag-musique"},"share_on_mastodon":{"url":"https:\/\/pubeurope.com\/@fr\/115092518811710589","error":""},"_links":{"self":[{"href":"https:\/\/www.europesays.com\/fr\/wp-json\/wp\/v2\/posts\/344122","targetHints":{"allow":["GET"]}}],"collection":[{"href":"https:\/\/www.europesays.com\/fr\/wp-json\/wp\/v2\/posts"}],"about":[{"href":"https:\/\/www.europesays.com\/fr\/wp-json\/wp\/v2\/types\/post"}],"author":[{"embeddable":true,"href":"https:\/\/www.europesays.com\/fr\/wp-json\/wp\/v2\/users\/2"}],"replies":[{"embeddable":true,"href":"https:\/\/www.europesays.com\/fr\/wp-json\/wp\/v2\/comments?post=344122"}],"version-history":[{"count":0,"href":"https:\/\/www.europesays.com\/fr\/wp-json\/wp\/v2\/posts\/344122\/revisions"}],"wp:featuredmedia":[{"embeddable":true,"href":"https:\/\/www.europesays.com\/fr\/wp-json\/wp\/v2\/media\/344123"}],"wp:attachment":[{"href":"https:\/\/www.europesays.com\/fr\/wp-json\/wp\/v2\/media?parent=344122"}],"wp:term":[{"taxonomy":"category","embeddable":true,"href":"https:\/\/www.europesays.com\/fr\/wp-json\/wp\/v2\/categories?post=344122"},{"taxonomy":"post_tag","embeddable":true,"href":"https:\/\/www.europesays.com\/fr\/wp-json\/wp\/v2\/tags?post=344122"}],"curies":[{"name":"wp","href":"https:\/\/api.w.org\/{rel}","templated":true}]}}