{"id":344126,"date":"2025-08-26T01:41:12","date_gmt":"2025-08-26T01:41:12","guid":{"rendered":"https:\/\/www.europesays.com\/fr\/344126\/"},"modified":"2025-08-26T01:41:12","modified_gmt":"2025-08-26T01:41:12","slug":"les-pestiferes-de-la-tour-de-londres-des-fouilles-inedites-revelent-des-charniers-medievaux","status":"publish","type":"post","link":"https:\/\/www.europesays.com\/fr\/344126\/","title":{"rendered":"Les pestif\u00e9r\u00e9s de la Tour de Londres: des fouilles in\u00e9dites r\u00e9v\u00e8lent des charniers m\u00e9di\u00e9vaux"},"content":{"rendered":"<p>Aucune fouille substantielle n&rsquo;avait encore \u00e9t\u00e9 entreprise dans<br \/>\nla chapelle royale de Saint-Pierre-aux-Liens, l&rsquo;\u00e9glise paroissiale de la Tour de Londres o\u00f9 sont notamment enterr\u00e9s les corps<br \/>\ndes individus les plus c\u00e9l\u00e8bres y ayant \u00e9t\u00e9 emprisonn\u00e9s puis ex\u00e9cut\u00e9s: Thomas More, Cromwell, l&rsquo;\u00e9ph\u00e9m\u00e8re reine d&rsquo;Angleterre Lady Jane Grey\u2026<br \/>\nAu milieu de ces illustres s\u00e9pultures, des arch\u00e9ologues viennent d&rsquo;exhumer des<br \/>\nd\u00e9pouilles bien plus anciennes, qui remonteraient \u00e0 l&rsquo;\u00e9pid\u00e9mie de peste noire ayant<br \/>\nravag\u00e9 l&rsquo;Europe au milieu du XIVe si\u00e8cle.<\/p>\n<p>Le chantier, un des plus importants depuis des d\u00e9cennies, est supervis\u00e9 par l&rsquo;Historic Royal<br \/>\nPalaces, une organisation caritative ind\u00e9pendante s&rsquo;occupant des ch\u00e2teaux inoccup\u00e9s dans le pays. Il vient apporter un nouvel<br \/>\n\u00e9clairage sur les conditions de vie et de mort des habitants de la fameuse forteresse<br \/>\nlondonienne \u00e0 l&rsquo;\u00e9poque m\u00e9di\u00e9vale, <a href=\"https:\/\/www.nationalgeographic.com\/history\/article\/tower-of-london-excavation-archaeology\" target=\"_blank\" rel=\"nofollow noopener\">d\u00e9taille le magazine National Geographic<\/a>.<\/p>\n<p>        <img decoding=\"async\" alt=\"Abonnez-vous gratuitement \u00e0 la newsletter de Slate !\" loading=\"lazy\" class=\"ms-4 ms-md-0\" width=\"82\" height=\"82\" src=\"https:\/\/www.slate.fr\/assets\/newsletter-dd7c4ea7fb4ce45aacc56875521d4bde7ec4ba23f0a0ae088566df808b3a80c3.svg\"\/><br \/>\n        Abonnez-vous gratuitement \u00e0 la newsletter de Slate !Les articles sont s\u00e9lectionn\u00e9s pour vous, en fonction de vos centres d\u2019int\u00e9r\u00eat, tous les jours dans votre bo\u00eete mail.<\/p>\n<p>Achev\u00e9e en 1520, la chapelle telle qu&rsquo;on la conna\u00eet aujourd&rsquo;hui<br \/>\nest venue se surajouter \u00e0 une premi\u00e8re structure datant \u00e0 minima du XIIe si\u00e8cle, et peut-\u00eatre m\u00eame du IXe si\u00e8cle. Sous la stratification<br \/>\narchitecturale, c&rsquo;est toute une histoire sociale et politique \u00e0 creuser encore<br \/>\nqui s&rsquo;offre aux chercheurs.<\/p>\n<p>Plongeant \u00e0 trois m\u00e8tres de profondeurs sur pr\u00e8s de soixante<br \/>\nm\u00e8tres carr\u00e9s de d\u00e9blais, dans un endroit o\u00f9 il est rare d&rsquo;excaver au-del\u00e0 de<br \/>\ntrente centim\u00e8tres, les arch\u00e9ologues ont trouv\u00e9, en plus de bijoux, textiles et<br \/>\nfragments de vitraux, vingt-deux corps entiers et des charniers cons\u00e9quents,<br \/>\ndatant du XIIIe au XVIe si\u00e8cles.<\/p>\n<p>Des tombes et des bubons<\/p>\n<p>Pour Katie Faillace, anthropologue dentaire et<br \/>\nbioarch\u00e9ologue \u00e0 l&rsquo;universit\u00e9 de Cardiff, bien que plusieurs corps aient \u00e9t\u00e9<br \/>\nenterr\u00e9s dans des cercueils, la plupart \u00abdes personnes enterr\u00e9es ici ne font<br \/>\npas partie de l&rsquo;\u00e9lite\u00bb, mais appartiendraient plut\u00f4t \u00e0 \u00abune classe<br \/>\nmoyenne que l&rsquo;on rencontre rarement en arch\u00e9ologie\u00bb.<\/p>\n<p>Au moins sept s\u00e9pultures, datant du XIVe si\u00e8cle<br \/>\net visiblement r\u00e9alis\u00e9es \u00e0 la h\u00e2te, pourraient bien \u00eatre celles de personnes<br \/>\nmortes de la peste noire lors de la terrible \u00e9pid\u00e9mie amorc\u00e9e en 1348. C&rsquo;est une<br \/>\nth\u00e9orie de recherche expos\u00e9e par Alfred Hawkins, le conservateur des b\u00e2timents<br \/>\nhistoriques de la Tour de Londres, que des analyses plus pouss\u00e9es, visant notamment<br \/>\n\u00e0 identifier des traces de la bact\u00e9rie Yersinia pestis, pourraient confirmer ou<br \/>\ninfirmer.<\/p>\n<p>De fait, les Londoniens du Moyen \u00c2ge avaient cr\u00e9\u00e9 des<br \/>\ncimeti\u00e8res d&rsquo;urgence pour les victimes de la peste, qui pourraient bien<br \/>\ncorrespondre \u00e0 ce type de s\u00e9pulture. Les datations indiquent que ces tombes<br \/>\npourraient dater des premi\u00e8res vagues de la peste bubonique dans la capitale<br \/>\nbritannique, aussi fourniraient-elles des informations pr\u00e9cieuses sur la vie de<br \/>\nl&rsquo;\u00e9poque.<\/p>\n<p>Ces fouilles viennent poursuivre des travaux exp\u00e9rimentaux<br \/>\nd\u00e9but\u00e9s en 2019, qui avaient permis d&rsquo;identifier avec une relative pr\u00e9cision<br \/>\ndeux corps datant vraisemblablement de la charni\u00e8re du XVe et du XVIe si\u00e8cles.<\/p>\n","protected":false},"excerpt":{"rendered":"Aucune fouille substantielle n&rsquo;avait encore \u00e9t\u00e9 entreprise dans la chapelle royale de Saint-Pierre-aux-Liens, l&rsquo;\u00e9glise paroissiale de la Tour&hellip;\n","protected":false},"author":2,"featured_media":344127,"comment_status":"","ping_status":"","sticky":false,"template":"","format":"standard","meta":{"footnotes":""},"categories":[10],"tags":[1011,27,72,71],"class_list":{"0":"post-344126","1":"post","2":"type-post","3":"status-publish","4":"format-standard","5":"has-post-thumbnail","7":"category-sante","8":"tag-fr","9":"tag-france","10":"tag-health","11":"tag-sante"},"share_on_mastodon":{"url":"https:\/\/pubeurope.com\/@fr\/115092526420784908","error":""},"_links":{"self":[{"href":"https:\/\/www.europesays.com\/fr\/wp-json\/wp\/v2\/posts\/344126","targetHints":{"allow":["GET"]}}],"collection":[{"href":"https:\/\/www.europesays.com\/fr\/wp-json\/wp\/v2\/posts"}],"about":[{"href":"https:\/\/www.europesays.com\/fr\/wp-json\/wp\/v2\/types\/post"}],"author":[{"embeddable":true,"href":"https:\/\/www.europesays.com\/fr\/wp-json\/wp\/v2\/users\/2"}],"replies":[{"embeddable":true,"href":"https:\/\/www.europesays.com\/fr\/wp-json\/wp\/v2\/comments?post=344126"}],"version-history":[{"count":0,"href":"https:\/\/www.europesays.com\/fr\/wp-json\/wp\/v2\/posts\/344126\/revisions"}],"wp:featuredmedia":[{"embeddable":true,"href":"https:\/\/www.europesays.com\/fr\/wp-json\/wp\/v2\/media\/344127"}],"wp:attachment":[{"href":"https:\/\/www.europesays.com\/fr\/wp-json\/wp\/v2\/media?parent=344126"}],"wp:term":[{"taxonomy":"category","embeddable":true,"href":"https:\/\/www.europesays.com\/fr\/wp-json\/wp\/v2\/categories?post=344126"},{"taxonomy":"post_tag","embeddable":true,"href":"https:\/\/www.europesays.com\/fr\/wp-json\/wp\/v2\/tags?post=344126"}],"curies":[{"name":"wp","href":"https:\/\/api.w.org\/{rel}","templated":true}]}}