{"id":34413,"date":"2025-04-18T15:56:08","date_gmt":"2025-04-18T15:56:08","guid":{"rendered":"https:\/\/www.europesays.com\/fr\/34413\/"},"modified":"2025-04-18T15:56:08","modified_gmt":"2025-04-18T15:56:08","slug":"jazz-correia-revient-apres-3-ans-dabsence-a-t-elle-divorce-de-laurent-le-teaser-choc-de-la-jlc-family","status":"publish","type":"post","link":"https:\/\/www.europesays.com\/fr\/34413\/","title":{"rendered":"Jazz Correia revient apr\u00e8s 3 ans d\u2019absence : a-t-elle divorc\u00e9 de Laurent ? Le teaser choc de la JLC Family"},"content":{"rendered":"<p><strong>Jazz Correia fait son grand retour.<\/strong> Apr\u00e8s trois<br \/>\nans d&rsquo;absence, la JLC Family est pr\u00eate \u00e0 <strong>revenir \u00e0<br \/>\nla t\u00e9l\u00e9.<\/strong> Ce mercredi 16 avril, Jazz a d\u00e9voil\u00e9 un<br \/>\n<strong>teaser tr\u00e8s attendu.<\/strong> Les internautes ont pu y voir<br \/>\n<strong>Jazz tr\u00e8s maquill\u00e9e<\/strong> ou encore l&rsquo;utilisation de<br \/>\n<strong>l&rsquo;intelligence artificielle<\/strong>. D\u00e9couverte en 2015<br \/>\ndans Qui veut \u00e9pouser mon fils ? sur TF1, l&rsquo;ancienne<br \/>\ncandidate de t\u00e9l\u00e9-r\u00e9alit\u00e9 fait d\u00e9sormais du contenu <strong>\u00e0 la<br \/>\nt\u00e9l\u00e9 et sur ses r\u00e9seaux sociaux autour de sa famille.<\/strong><\/p>\n<p>Depuis 2017, Jazz est en couple avec <a href=\"https:\/\/www.closermag.fr\/people\/laurent-correia-son-pere-retrouve-pendu-la-reaction-incomprehensible-de-jazz-sur-les-reseaux-3464068\" target=\"_blank\" rel=\"noopener\"><br \/>\nLaurent Correia<\/a>. Ensemble, ils ont quatre enfants,<br \/>\n<strong>Chelsea, Cayden, London et Love.<\/strong> Install\u00e9s \u00e0<br \/>\nDuba\u00ef, l&#8217;emission JLC Family suit leurs aventures,<br \/>\nvoyages, business et vie de famille. Apr\u00e8s des <strong>trahisons et<br \/>\ntromperies, Jazz Correia a-t-elle divorc\u00e9 de Laurent Correia<br \/>\n?<\/strong> Le retour de la JLC Family est pr\u00e9vu sur TFX le<br \/>\nlundi 21 avril 2025.<\/p>\n<p>Jazz Correia a-t-elle divorc\u00e9<br \/>\nde Laurent ?<\/p>\n<p>En 2019, <a href=\"https:\/\/www.closermag.fr\/people\/jazz-et-laurent-jlc-family-mysteres-autours-de-leurs-chiennes-trouvees-errantes-sur-la-route-en-plein-soleil-3465423\" target=\"_blank\" rel=\"noopener\"><br \/>\nJazz et Laurent<\/a> ont lanc\u00e9 la JLC Family\u00a0sur<br \/>\nTFX,\u00a0<strong>une t\u00e9l\u00e9-r\u00e9alit\u00e9 sur leur vie de<br \/>\nfamille<\/strong>. Et le <strong>succ\u00e8s<\/strong> de l&rsquo;\u00e9mission \u00e9tait<br \/>\n\u00e9galement au rendez-vous. Mais apr\u00e8s plusieurs saisons, la<br \/>\nt\u00e9l\u00e9-r\u00e9alit\u00e9 \u00e9tait en <strong>pause pendant trois ans<\/strong>. Et<br \/>\npendant cette p\u00e9riode, le couple Jazz et Laurent \u00e9tait au coeur de<br \/>\n<strong>trahisons, tromperies, ruptures et r\u00e8glements de<br \/>\ncompte.\u00a0<\/strong><\/p>\n<p><strong>Sur les r\u00e9seaux sociaux, leur histoire d\u2019amour semblait<br \/>\nvers la fin<\/strong>. Mais aujourd\u2019hui, <strong>Jazz a-t-elle<br \/>\ndivorc\u00e9 de Laurent ?<\/strong> En tout cas,<br \/>\nla<strong>\u00a0<\/strong>JLC<br \/>\nFamily<strong>\u00a0<\/strong>est bel et bien de retour ! Apr\u00e8s<br \/>\nplusieurs teasings, Jazz Correia a d\u00e9voil\u00e9 ce 16 avril la<br \/>\nbande-annonce officielle de la nouvelle saison de sa t\u00e9l\u00e9-r\u00e9alit\u00e9.<br \/>\nEt elle fait d\u00e9j\u00e0 beaucoup parler sur les r\u00e9seaux sociaux.<\/p>\n<p>La bande-annonce de la JLC Family<br \/>\ncritiqu\u00e9e<\/p>\n<p>Dans la bande-annonce de la JLC Family, on y voit<br \/>\n<a href=\"https:\/\/www.closermag.fr\/people\/un-traumatisme-a-vie-jazz-jlc-family-sort-du-silence-apres-le-suicide-de-son-beau-pere-3465636\" target=\"_blank\" rel=\"noopener\"><br \/>\nJazz Correia<\/a> pr\u00e9senter le retour du programme sur TFX.<br \/>\n\u00ab\u00a0<strong>Trois ans, trois ans de silence, trois ans<br \/>\nd&rsquo;absence.<\/strong>\u00a0\u00bb dit-elle avant de montrer ses probl\u00e8mes<br \/>\nde couple avec Laurent. \u00ab\u00a0Avons-nous <strong>tout perdu ? Les<br \/>\ntrahisons ont-elles \u00e9t\u00e9 pardonn\u00e9es ? Suis-je encore avec Laurent<br \/>\n?<\/strong> Ou restons-nous <strong>ensemble pour le buzz ?<\/strong><br \/>\nLes membres historiques de la JLC Family seront-ils encore l\u00e0 ? Je<br \/>\npense qu&rsquo;il est temps de <strong>briser le<br \/>\nsilence.<\/strong>\u00a0\u00bb<\/p>\n<blockquote class=\"instagram-media\" style=\"background: #ffffff;border: 0;margin: 1px;width: 100%;padding: 0;max-width: 500px;\" data-instgrm-permalink=\"https:\/\/www.instagram.com\/reel\/DIf_23Powv4\/?utm_source=ig_embed\" data-instgrm-version=\"14\"\/>\n<p>Si certains sont contents d&rsquo;avoir des nouvelles de la famille<br \/>\nCorreia, <strong>des d\u00e9tails ont d\u00e9rang\u00e9.<\/strong> Le premier point<br \/>\nest le <strong>maquillage de Jazz Correia.<\/strong> Mais le plus<br \/>\ngros centre de crispation est <strong>l\u2019utilisation extr\u00eame de<br \/>\nl\u2019intelligence artificielle<\/strong> dans la bande-annonce. On y<br \/>\nvoit des visages liss\u00e9s et des images filtr\u00e9es&#8230;\u00a0\u00bb<strong>Ce<br \/>\nn&rsquo;est m\u00eame pas elle dans la<br \/>\nbande-annonce\u00a0\u00bb<\/strong><strong>,\u00a0\u00ab\u00a0L&rsquo;IA c&rsquo;est trop<br \/>\nl\u00e0\u00a0\u00bb,\u00a0\u00ab\u00a0Pourquoi autant retoucher les visages<br \/>\n?!\u00a0\u00bb<\/strong>, peut-on lire dans les commentaires.<\/p>\n<p><script async src=\"\/\/www.instagram.com\/embed.js\"><\/script><\/p>\n","protected":false},"excerpt":{"rendered":"Jazz Correia fait son grand retour. Apr\u00e8s trois ans d&rsquo;absence, la JLC Family est pr\u00eate \u00e0 revenir \u00e0&hellip;\n","protected":false},"author":2,"featured_media":34414,"comment_status":"","ping_status":"","sticky":false,"template":"","format":"standard","meta":{"footnotes":""},"categories":[1359],"tags":[548,58,59,1011,27,11256,11257,11258,973],"class_list":{"0":"post-34413","1":"post","2":"type-post","3":"status-publish","4":"format-standard","5":"has-post-thumbnail","7":"category-people","8":"tag-article-simple","9":"tag-divertissement","10":"tag-entertainment","11":"tag-fr","12":"tag-france","13":"tag-jazz-correia","14":"tag-jazz-laurent","15":"tag-laurent-correia","16":"tag-people"},"share_on_mastodon":{"url":"https:\/\/pubeurope.com\/@fr\/114359788010863470","error":""},"_links":{"self":[{"href":"https:\/\/www.europesays.com\/fr\/wp-json\/wp\/v2\/posts\/34413","targetHints":{"allow":["GET"]}}],"collection":[{"href":"https:\/\/www.europesays.com\/fr\/wp-json\/wp\/v2\/posts"}],"about":[{"href":"https:\/\/www.europesays.com\/fr\/wp-json\/wp\/v2\/types\/post"}],"author":[{"embeddable":true,"href":"https:\/\/www.europesays.com\/fr\/wp-json\/wp\/v2\/users\/2"}],"replies":[{"embeddable":true,"href":"https:\/\/www.europesays.com\/fr\/wp-json\/wp\/v2\/comments?post=34413"}],"version-history":[{"count":0,"href":"https:\/\/www.europesays.com\/fr\/wp-json\/wp\/v2\/posts\/34413\/revisions"}],"wp:featuredmedia":[{"embeddable":true,"href":"https:\/\/www.europesays.com\/fr\/wp-json\/wp\/v2\/media\/34414"}],"wp:attachment":[{"href":"https:\/\/www.europesays.com\/fr\/wp-json\/wp\/v2\/media?parent=34413"}],"wp:term":[{"taxonomy":"category","embeddable":true,"href":"https:\/\/www.europesays.com\/fr\/wp-json\/wp\/v2\/categories?post=34413"},{"taxonomy":"post_tag","embeddable":true,"href":"https:\/\/www.europesays.com\/fr\/wp-json\/wp\/v2\/tags?post=34413"}],"curies":[{"name":"wp","href":"https:\/\/api.w.org\/{rel}","templated":true}]}}