{"id":344140,"date":"2025-08-26T01:48:20","date_gmt":"2025-08-26T01:48:20","guid":{"rendered":"https:\/\/www.europesays.com\/fr\/344140\/"},"modified":"2025-08-26T01:48:20","modified_gmt":"2025-08-26T01:48:20","slug":"une-offensive-israelienne-sur-khan-younes-fait-20-morts-dont-5-journalistes-mediapart","status":"publish","type":"post","link":"https:\/\/www.europesays.com\/fr\/344140\/","title":{"rendered":"Une offensive isra\u00e9lienne sur Khan Youn\u00e8s fait 20 morts dont 5 journalistes &#8211; Mediapart"},"content":{"rendered":"<ol>\n<li><a href=\"https:\/\/news.google.com\/rss\/articles\/CBMiyAFBVV95cUxNNHA3SklVNmpWNTVCb0czMHdsWlpnc2RZZjVpMjUzd0c4cVZ0VnFNX1AtRWpRaHIyMlVHMWw0OENLSWFHVmxpZ3hFODNpMW1UY3pWdjdBN0Y5V3BUY1h6Vll4eUhlZFpkTXA5RDN0R3lnaUxpNk1CSTVIX0w4ZTROQWlnVUExWEFXcVB6ajcycWRtWGYwaHMtQTA1c09Da3lQMG42UHYtb1Rrdlh0YmtGUXNDcWhyOE1KdUNuZkVNRWJuMWxicEtYWQ?oc=5\" target=\"_blank\" rel=\"nofollow noopener\">Une offensive isra\u00e9lienne sur Khan Youn\u00e8s fait 20 morts dont 5 journalistes<\/a>&nbsp;&nbsp;Mediapart<\/li>\n<li><a href=\"https:\/\/news.google.com\/rss\/articles\/CBMizwJBVV95cUxPV2lNaGRBUThJN3RQcUNxTVQ4VVNwOU9mOVBCUWdDY1Z4akx1eFRvNUk1TnJ5aVlUVnRMTk8yY1FIU3JUbzlpcTZFTGdNcEsxQ0lnaWxpMmpKOExLbFFSMDBYNzZvNkh4c011WUt0OUNrN1h2cUhWam9FVFJ2MWYzQU9ncVJSV0FmQjViajR3TVFPU29xLVpTTVdiWGNVeEpvS2Y1STNSa253TEFOVHdsbFIyQm1KWHJIb2JQRklDNnpQN3BmamlGU1JtcFpIaGdfSkpEYk9IbFU3THg3STFRa0lXOHNGMVNfMjlKcy1CUHhpbnlXZHJJWTJWNW9reWpUdGhQSnc2bEhkWXIxNUxuYjJzeE5vNDIyOFdPcjJYNlpWWmVISHl4Q3FGRkhDZ2d1M3VYZHh3ZUphbklhQnk5U1BTQ0ZkdXozTzFndHN1Zw?oc=5\" target=\"_blank\" rel=\"nofollow noopener\">En direct, Gaza : Benyamin N\u00e9tanyahou d\u00e9plore un \u00ab tragique accident \u00bb apr\u00e8s le bombardement isra\u00e9lien de l\u2019h\u00f4pital Nasser, qui a fait 20 morts, dont 5 journalistes<\/a>&nbsp;&nbsp;Le Monde.fr<\/li>\n<li><a href=\"https:\/\/news.google.com\/rss\/articles\/CBMi_wFBVV95cUxOa3VFUlVYNlhVRlRzRjBPSTZvazNJd0haTzFYTXlTdHFzWi1zY1JZd2tnSUhzX1RnT0VzS2NneEc3X0dJWDZiTnE0ZElsMWZQVmJhN1JrZ0hqMFpselYxZS1CTGFSNmJUcXZyT21sWXRNVmxKRDA5NDZ3TVRyT1NGWm9wZHA3d3g5TnV5ZjBrTVc5bnM1ZVhrYmpnNFZpaUlFT3FZenZJVF9NR0IzTjZzNklJRV9iSGZ4NkdzSXpkVVR4YkRpWENIeE5PaDdTcmhfbllDSWlsbXRiUEFTc0drQVMtb1JjVk56bGZTbXg5djdxS3huNmZnLTR4Qml4UEE?oc=5\" target=\"_blank\" rel=\"nofollow noopener\">Qui \u00e9taient les journalistes tu\u00e9s par des frappes isra\u00e9liennes sur un h\u00f4pital de Gaza ce lundi ?<\/a>&nbsp;&nbsp;Ouest-France<\/li>\n<li><a href=\"https:\/\/news.google.com\/rss\/articles\/CBMiiwJBVV95cUxQaHpiN0NCdDRKSTVkUUNVVlJTVHRadFhwYkJIWFVvcVNfN1R0U2pmTi1CelY0M3g5TVlnSmRSVUpVbTg2RkhJQXFWbVJaUlJUTzdsaDJsVmZtYXNJNG8zTy1wbGFnZzlvVGtoeDRJTFRqNUlVX1VvVmV1cVRqNGVPTUptZTVmYjQ1emwybHRveDlTdmo4MHRZT0xEajdQQng0NTRQVDlIUmZ3ckI2QzJvOXdXMEF3dXY1OHl0SUs2VnVxTDR0d2FfdmRiRy12dU04WWFKSUpGUzBpeERGNmhOd1kxXzJGeUhaSjd6VWtmcHVVWVp4Ty1MdkVXOUNiT2dOaXRSdmpwWWFYbjQ?oc=5\" target=\"_blank\" rel=\"nofollow noopener\">\u00ab\u00a0Ils ont tu\u00e9 la v\u00e9rit\u00e9\u00a0\u00bb : un journaliste palestinien t\u00e9moigne, apr\u00e8s la mort de deux confr\u00e8res dans des bombardements \u00e0 Gaza<\/a>&nbsp;&nbsp;France Info<\/li>\n<li><a href=\"https:\/\/news.google.com\/rss\/articles\/CBMi9AJBVV95cUxOZEkwSVpCQzVpU2dtbG4zYnkxYy1UNTlGSnBNUjg2MGUwYVh3QUdHM1ZOLWJpM3dLRTlnd1IwazdzcnM2SUZuWm5SNW04UG1Uc2dOdGZFMEIwWFlJa1ZsbDBoZWdiOWduVm0tdUtiYlpsMk9yVDU4OE5tRnUtR1hUMXlpYlIxUUN4b0p5VFJBaTVKeXpMeE1Ea3RyN3VnYlhrSG8wUEdydEJCVk9CLTZDV2t2b0M2YUNuMFhYVkprY3VFTEY0Vlo5SENBRGYxWjIyQXk1am9md1kzUnBfQ1poUXBlQm15R2h0MExyRWxuRnd6OU8wZ3kxak5YNVA2TDRDalc1RGZaeUZJWFhYSWRUYkt1RmpWaFEydC1jNXpNOXEzb29mbG5LOXVoSlBTYjd3bWxZTENnTTJtSjl0VGRwU3hERXFoakJGd3RzcUpLNG10QnFCQXV0T0VjZDF1a2pYeUxPUXFLT0h6SVlvcVIzX19kQTk?oc=5\" target=\"_blank\" rel=\"nofollow noopener\">Bayrou engage la responsabilit\u00e9 du gouvernement, Washington soutient son ambassadeur \u00e0 Paris, Isra\u00ebl tue vingt personnes dont cinq journalistes \u00e0 Gaza\u2026 L\u2019actu de ce lundi 25 ao\u00fbt<\/a>&nbsp;&nbsp;Lib\u00e9ration<\/li>\n<\/ol>\n","protected":false},"excerpt":{"rendered":"Une offensive isra\u00e9lienne sur Khan Youn\u00e8s fait 20 morts dont 5 journalistes&nbsp;&nbsp;Mediapart En direct, Gaza : Benyamin N\u00e9tanyahou&hellip;\n","protected":false},"author":2,"featured_media":344141,"comment_status":"","ping_status":"","sticky":false,"template":"","format":"standard","meta":{"footnotes":""},"categories":[2],"tags":[11,45249,1011,27,665,5106,664,9877,12,3518,31],"class_list":{"0":"post-344140","1":"post","2":"type-post","3":"status-publish","4":"format-standard","5":"has-post-thumbnail","7":"category-actualites","8":"tag-actualites","9":"tag-al-jazeera","10":"tag-fr","11":"tag-france","12":"tag-gaza","13":"tag-guerre-au-proche-orient","14":"tag-israel","15":"tag-journalisme","16":"tag-news","17":"tag-palestine","18":"tag-proche-et-moyen-orient"},"share_on_mastodon":{"url":"https:\/\/pubeurope.com\/@fr\/115092553913107519","error":""},"_links":{"self":[{"href":"https:\/\/www.europesays.com\/fr\/wp-json\/wp\/v2\/posts\/344140","targetHints":{"allow":["GET"]}}],"collection":[{"href":"https:\/\/www.europesays.com\/fr\/wp-json\/wp\/v2\/posts"}],"about":[{"href":"https:\/\/www.europesays.com\/fr\/wp-json\/wp\/v2\/types\/post"}],"author":[{"embeddable":true,"href":"https:\/\/www.europesays.com\/fr\/wp-json\/wp\/v2\/users\/2"}],"replies":[{"embeddable":true,"href":"https:\/\/www.europesays.com\/fr\/wp-json\/wp\/v2\/comments?post=344140"}],"version-history":[{"count":0,"href":"https:\/\/www.europesays.com\/fr\/wp-json\/wp\/v2\/posts\/344140\/revisions"}],"wp:featuredmedia":[{"embeddable":true,"href":"https:\/\/www.europesays.com\/fr\/wp-json\/wp\/v2\/media\/344141"}],"wp:attachment":[{"href":"https:\/\/www.europesays.com\/fr\/wp-json\/wp\/v2\/media?parent=344140"}],"wp:term":[{"taxonomy":"category","embeddable":true,"href":"https:\/\/www.europesays.com\/fr\/wp-json\/wp\/v2\/categories?post=344140"},{"taxonomy":"post_tag","embeddable":true,"href":"https:\/\/www.europesays.com\/fr\/wp-json\/wp\/v2\/tags?post=344140"}],"curies":[{"name":"wp","href":"https:\/\/api.w.org\/{rel}","templated":true}]}}