{"id":344144,"date":"2025-08-26T01:57:25","date_gmt":"2025-08-26T01:57:25","guid":{"rendered":"https:\/\/www.europesays.com\/fr\/344144\/"},"modified":"2025-08-26T01:57:25","modified_gmt":"2025-08-26T01:57:25","slug":"emmanuel-macron-a-toulon-pour-un-conseil-des-ministres-franco-allemand","status":"publish","type":"post","link":"https:\/\/www.europesays.com\/fr\/344144\/","title":{"rendered":"Emmanuel Macron \u00e0 Toulon pour un Conseil des ministres franco-allemand"},"content":{"rendered":"<p><img loading=\"lazy\" decoding=\"async\" alt=\"\u00a9 K. Sarrazin - Emmanuel Macron et Friedrich Merz, lors d'un \u00e9change le 7 mai dernier.\" data-zoom-src=\"https:\/\/www.europesays.com\/fr\/wp-content\/uploads\/2025\/08\/initial-emmanuel-macron-merz-toulon.jpg\" data-zoomable=\"\" height=\"702\" src=\"https:\/\/www.europesays.com\/fr\/wp-content\/uploads\/2025\/08\/initial-emmanuel-macron-merz-toulon.jpg\" width=\"1248\"\/>  <\/p>\n<p class=\"article-desc\">\u00a9 K. Sarrazin &#8211; Emmanuel Macron et Friedrich Merz, lors d&rsquo;un \u00e9change le 7 mai dernier. <\/p>\n<p><strong>L\u2019ambition franco-allemande<\/strong> se relance. Apr\u00e8s la publication d\u2019une tribune commune le 7 mai dernier, un d\u00e9placement \u00e0 Washington mi-ao\u00fbt, le pr\u00e9sident de la R\u00e9publique <a href=\"https:\/\/mesinfos.fr\/tag\/emmanuel-macron\" rel=\"noopener\" target=\"_blank\">Emmanuel Macron<\/a> et le chancelier allemand Friedrich Merz se r\u00e9unissent le 29 ao\u00fbt \u00e0 Toulon, o\u00f9 est organis\u00e9 le <strong>25e Conseil des ministres franco-allemand (CMFA)<\/strong>. <\/p>\n<p>C\u2019est la premi\u00e8re fois que cet \u00e9v\u00e9nement, organis\u00e9 une \u00e0 deux fois par an soit en France soit en Allemagne, se tient avec le nouveau gouvernement allemand de coalition. Le pr\u00e9c\u00e9dent conseil avait eu lieu en mai 2024, au ch\u00e2teau de Meseberg, \u00e0 c\u00f4t\u00e9 de Berlin. <\/p>\n<p>Un \u00ab agenda partag\u00e9 \u00bb pour une \u00ab Europe cr\u00e9dible \u00bb <\/p>\n<p>\u00ab\u00a0Cette relance tient \u00e0 cette nouvelle donne politique\u00a0\u00bb rappelle l\u2019Elys\u00e9e en amont de ce d\u00e9placement du chef de l\u2019Etat fran\u00e7ais et de dix de ses ministres. Face \u00e0 <a href=\"https:\/\/mesinfos.fr\/guerre-en-ukraine-apres-l-intervention-des-europeens-bientot-un-sommet-poutine-zelensky-228340.html\" rel=\"noopener\" target=\"_blank\">la guerre en Ukraine<\/a>, \u00e0 la <strong>crise du programme nucl\u00e9aire en Iran<\/strong> mais aussi aux questions de comp\u00e9titivit\u00e9 \u00e9conomique, \u00ab nous avons une n\u00e9cessit\u00e9 de convergence\u00a0\u00bb. <\/p>\n<p>La volont\u00e9 est de <strong>b\u00e2tir une Europe \u00ab\u00a0efficace, cr\u00e9dible\u00a0\u00bb<\/strong> et qui entre \u00ab\u00a0pleinement dans la comp\u00e9tition internationale\u00a0\u00bb indique l\u2019Elys\u00e9e qui souhaite voir \u00e9merger un \u00ab\u00a0agenda commun et partag\u00e9\u00a0\u00bb, au niveau bilat\u00e9ral et europ\u00e9en.<\/p>\n<p> Emmanuel Macron \u00e0 Toulon : trois th\u00e8mes abord\u00e9s <\/p>\n<p>Les deux chefs d\u2019Etat et leurs vingt ministres se r\u00e9uniront toute la journ\u00e9e du vendredi <strong>au sein de la pr\u00e9fecture maritime<\/strong> pour travailler sur trois th\u00e8mes majeurs. <\/p>\n<p>Une premi\u00e8re session pl\u00e9ni\u00e8re traitera de <strong>l\u2019action conjointe pour la comp\u00e9titivit\u00e9 europ\u00e9enne<\/strong> : simplification r\u00e9glementaire, strat\u00e9gie industrielle, \u00e9nergie, et soutien aux secteurs strat\u00e9giques que sont l&rsquo;IA, le cloud et le spatial.<\/p>\n<p>La question des <strong>r\u00e9formes \u00e9conomiques et sociales<\/strong> (productivit\u00e9, march\u00e9 du travail, emploi des jeunes) et plus pr\u00e9cis\u00e9ment de leur articulation dans chaque pays pour travailler \u00e0 davantage de convergence sera \u00e9voqu\u00e9.\u00a0 <\/p>\n<p>Enfin, la pr\u00e9sence dans le premier port militaire d\u2019Europe oblige, <strong>le sujet de la s\u00e9curit\u00e9 et de la d\u00e9fense<\/strong> sera \u00e9galement d\u00e9battu dans un format \u00ab\u00a03+3&Prime;, autrement dit en pr\u00e9sence des ministres des Affaires \u00e9trang\u00e8res, de la D\u00e9fense et de l&rsquo;Economie. \u00ab\u00a0Nous avons de nombreux syst\u00e8mes d&rsquo;armes diff\u00e9rents en Europe et pas la profondeur strat\u00e9gique que peuvent avoir les Etats-Unis qui disposent d&rsquo;un nombre limit\u00e9 de mod\u00e8les, que ce soit pour les avions de chasse ou les chars par exemple.\u00a0\u00bb<\/p>\n<p> Des actions concr\u00e8tes lors du Conseil des ministres franco-allemands <\/p>\n<p>\u00ab\u00a0Ce ne sera pas une grande messe\u00a0\u00bb insiste l\u2019Elys\u00e9e\u00a0: <\/p>\n<blockquote>\n<p>\u00ab\u00a0Il n\u2019y aura pas de d\u00e9claration formelle mais <strong>une liste d\u2019actions sp\u00e9cifiques<\/strong> auxquelles le chancelier et le pr\u00e9sident souhaitent donner une dimension particuli\u00e8re.\u00a0\u00bb <\/p>\n<\/blockquote>\n<p>Signe de cette volont\u00e9 de refaire na\u00eetre le couple franco-allemand, la veille, jeudi 28 ao\u00fbt, le pr\u00e9sident de la R\u00e9publique Emmanuel Macron accueille <strong>son homologue allemand au fort de Br\u00e9gan\u00e7on<\/strong> pour un d\u00eener de travail et de premi\u00e8res discussions en t\u00eate \u00e0 t\u00eate en amont du sommet. <\/p>\n<p>Il est le troisi\u00e8me chancelier re\u00e7u dans la r\u00e9sidence pr\u00e9sidentielle, apr\u00e8s Helmut Kohl par Fran\u00e7ois Mitterrand et Angela Merkel par Emmanuel Macron.<\/p>\n","protected":false},"excerpt":{"rendered":"\u00a9 K. Sarrazin &#8211; Emmanuel Macron et Friedrich Merz, lors d&rsquo;un \u00e9change le 7 mai dernier. L\u2019ambition franco-allemande&hellip;\n","protected":false},"author":2,"featured_media":344145,"comment_status":"","ping_status":"","sticky":false,"template":"","format":"standard","meta":{"footnotes":""},"categories":[9619],"tags":[1111,11,1073,1777,674,1011,27,12496,4710,12,882,25,2310],"class_list":{"0":"post-344144","1":"post","2":"type-post","3":"status-publish","4":"format-standard","5":"has-post-thumbnail","7":"category-toulon","8":"tag-actu","9":"tag-actualites","10":"tag-emmanuel-macron","11":"tag-eu","12":"tag-europe","13":"tag-fr","14":"tag-france","15":"tag-franco-allemand","16":"tag-friedrich-merz","17":"tag-news","18":"tag-provence-alpes-cote-dazur","19":"tag-republique-francaise","20":"tag-toulon"},"share_on_mastodon":{"url":"https:\/\/pubeurope.com\/@fr\/115092589363879163","error":""},"_links":{"self":[{"href":"https:\/\/www.europesays.com\/fr\/wp-json\/wp\/v2\/posts\/344144","targetHints":{"allow":["GET"]}}],"collection":[{"href":"https:\/\/www.europesays.com\/fr\/wp-json\/wp\/v2\/posts"}],"about":[{"href":"https:\/\/www.europesays.com\/fr\/wp-json\/wp\/v2\/types\/post"}],"author":[{"embeddable":true,"href":"https:\/\/www.europesays.com\/fr\/wp-json\/wp\/v2\/users\/2"}],"replies":[{"embeddable":true,"href":"https:\/\/www.europesays.com\/fr\/wp-json\/wp\/v2\/comments?post=344144"}],"version-history":[{"count":0,"href":"https:\/\/www.europesays.com\/fr\/wp-json\/wp\/v2\/posts\/344144\/revisions"}],"wp:featuredmedia":[{"embeddable":true,"href":"https:\/\/www.europesays.com\/fr\/wp-json\/wp\/v2\/media\/344145"}],"wp:attachment":[{"href":"https:\/\/www.europesays.com\/fr\/wp-json\/wp\/v2\/media?parent=344144"}],"wp:term":[{"taxonomy":"category","embeddable":true,"href":"https:\/\/www.europesays.com\/fr\/wp-json\/wp\/v2\/categories?post=344144"},{"taxonomy":"post_tag","embeddable":true,"href":"https:\/\/www.europesays.com\/fr\/wp-json\/wp\/v2\/tags?post=344144"}],"curies":[{"name":"wp","href":"https:\/\/api.w.org\/{rel}","templated":true}]}}