{"id":344146,"date":"2025-08-26T01:58:16","date_gmt":"2025-08-26T01:58:16","guid":{"rendered":"https:\/\/www.europesays.com\/fr\/344146\/"},"modified":"2025-08-26T01:58:16","modified_gmt":"2025-08-26T01:58:16","slug":"travaux-aux-halles-une-reunion-pour-sortir-de-limpasse-ce-mardi-avec-les-etaliers-la-mairie-et-le-directeur-de-la-socri-qui-ouvre-les-galeries-lafayette","status":"publish","type":"post","link":"https:\/\/www.europesays.com\/fr\/344146\/","title":{"rendered":"Travaux aux halles\u00a0: une r\u00e9union pour sortir de l\u2019impasse ce mardi avec les \u00e9taliers, la mairie et le directeur de la Socri qui ouvre les Galeries Lafayette\u00a0?"},"content":{"rendered":"<p>\n                                                                Alors que les Galeries Lafayette vont ouvrir en octobre \u00e0 la Coupole, deux \u00e9taliers des halles, impact\u00e9s par la mise en place des escalators, n\u2019ont toujours pas rouvert.\n                            <\/p>\n<p>Une r\u00e9union pour sortir de l\u2019impasse\u00a0? Alors que la communication semble difficile entre les \u00e9taliers en col\u00e8re, la mairie et la Socri, une r\u00e9union est organis\u00e9e ce mardi 26\u00a0ao\u00fbt en mairie, dans le bureau de Christophe Pio, l\u2019\u00e9lu en charge des halles, avec les deux \u00e9taliers toujours ferm\u00e9s, David Bruguier et Laurent Ass\u00e9nat, et Pierre-Antoine Desplan, le directeur g\u00e9n\u00e9ral de Socri Limited. \u00ab\u00a0Une r\u00e9union pr\u00e9vue depuis longtemps\u00a0\u00bb, assure Christophe Pio pour d\u00e9montrer qu\u2019elle n\u2019est pas organis\u00e9e sous la pression.<\/p>\n<p>\u00ab\u00a0On ne peut pas rouvrir\u00a0\u00bb<\/p>\n<p>Impact\u00e9s par la pose de deux escalators, les deux \u00e9taliers qui n\u2019ont toujours pas pu rouvrir leur commerce depuis mars dernier, arrivent \u00e0 cette rencontre remont\u00e9s comme des coucous avec une liste de griefs longue comme le bras. \u00ab\u00a0Nous ne pourrons pas rouvrir tant que nous ne serons pas assur\u00e9s. Et nous ne serons pas assur\u00e9s tant que nous n\u2019aurons pas des documents sur la conformit\u00e9 s\u00e9curit\u00e9 de l\u2019escalator, la s\u00e9curit\u00e9 incendie, le contr\u00f4le hygi\u00e8ne\u2026 Tout le monde se renvoie la balle, c\u2019est le serpent qui se mord la queue\u00a0\u00bb, se d\u00e9sole David Bruguier.<\/p>\n<p>Ce mardi, tout le monde sera autour de la m\u00eame table. L\u2019occasion de mettre tous les probl\u00e8mes sur la table\u00a0pour trouver une issue rapide\u00a0?<\/p>\n","protected":false},"excerpt":{"rendered":"Alors que les Galeries Lafayette vont ouvrir en octobre \u00e0 la Coupole, deux \u00e9taliers des halles, impact\u00e9s par&hellip;\n","protected":false},"author":2,"featured_media":344147,"comment_status":"","ping_status":"","sticky":false,"template":"","format":"standard","meta":{"footnotes":""},"categories":[9599],"tags":[1111,11,1777,674,1011,27,2208,12,2680,25],"class_list":{"0":"post-344146","1":"post","2":"type-post","3":"status-publish","4":"format-standard","5":"has-post-thumbnail","7":"category-montpellier","8":"tag-actu","9":"tag-actualites","10":"tag-eu","11":"tag-europe","12":"tag-fr","13":"tag-france","14":"tag-montpellier","15":"tag-news","16":"tag-occitanie","17":"tag-republique-francaise"},"share_on_mastodon":{"url":"https:\/\/pubeurope.com\/@fr\/115092593369760590","error":""},"_links":{"self":[{"href":"https:\/\/www.europesays.com\/fr\/wp-json\/wp\/v2\/posts\/344146","targetHints":{"allow":["GET"]}}],"collection":[{"href":"https:\/\/www.europesays.com\/fr\/wp-json\/wp\/v2\/posts"}],"about":[{"href":"https:\/\/www.europesays.com\/fr\/wp-json\/wp\/v2\/types\/post"}],"author":[{"embeddable":true,"href":"https:\/\/www.europesays.com\/fr\/wp-json\/wp\/v2\/users\/2"}],"replies":[{"embeddable":true,"href":"https:\/\/www.europesays.com\/fr\/wp-json\/wp\/v2\/comments?post=344146"}],"version-history":[{"count":0,"href":"https:\/\/www.europesays.com\/fr\/wp-json\/wp\/v2\/posts\/344146\/revisions"}],"wp:featuredmedia":[{"embeddable":true,"href":"https:\/\/www.europesays.com\/fr\/wp-json\/wp\/v2\/media\/344147"}],"wp:attachment":[{"href":"https:\/\/www.europesays.com\/fr\/wp-json\/wp\/v2\/media?parent=344146"}],"wp:term":[{"taxonomy":"category","embeddable":true,"href":"https:\/\/www.europesays.com\/fr\/wp-json\/wp\/v2\/categories?post=344146"},{"taxonomy":"post_tag","embeddable":true,"href":"https:\/\/www.europesays.com\/fr\/wp-json\/wp\/v2\/tags?post=344146"}],"curies":[{"name":"wp","href":"https:\/\/api.w.org\/{rel}","templated":true}]}}