{"id":344148,"date":"2025-08-26T01:59:16","date_gmt":"2025-08-26T01:59:16","guid":{"rendered":"https:\/\/www.europesays.com\/fr\/344148\/"},"modified":"2025-08-26T01:59:16","modified_gmt":"2025-08-26T01:59:16","slug":"etre-seins-nus-bien-plus-questhetique-cest-une-revendication-le-topless-fait-de-la-resistance-sur-les-plages-pres-de-montpellier","status":"publish","type":"post","link":"https:\/\/www.europesays.com\/fr\/344148\/","title":{"rendered":"\u00ab\u00a0\u00catre seins nus, bien plus qu\u2019esth\u00e9tique, c\u2019est une revendication\u00a0\u00bb\u00a0: le topless fait de la r\u00e9sistance sur les plages pr\u00e8s de Montpellier"},"content":{"rendered":"<p>\n                                                                \u00c0 Carnon, sur la plage du Petit Travers, le temps se lit autant dans le sable que dans les habitudes des baigneuses. Autrefois largement pratiqu\u00e9 et symbole de libert\u00e9, le topless se fait aujourd\u2019hui rare. Trois g\u00e9n\u00e9rations racontent leur regard sur une tendance pass\u00e9e, qui n\u2019a pourtant pas totalement disparu des plages.\n                            <\/p>\n<p>Quand on vient depuis longtemps sur la plage du <a href=\"https:\/\/www.midilibre.fr\/herault\/carnon\/\" target=\"_blank\" rel=\"nofollow noopener\">Petit Travers (Carnon),<\/a> on remarque vite que le d\u00e9cor a chang\u00e9. Une partie du\u00a0parking est devenue payante et\u00a0une piste cyclable a fleuri. Mais une autre \u00e9volution se lit dans le sable\u00a0: <a href=\"https:\/\/www.midilibre.fr\/2019\/08\/05\/pudeur-peur-des-regards-le-topless-nest-plus-tendance,8346981.php\" target=\"_blank\" rel=\"nofollow noopener\">le topless, autrefois roi, a presque disparu.<\/a><\/p>\n<p>Une revendication<\/p>\n<p>Cathy, fid\u00e8le du lieu depuis quarante-cinq ans, d\u00e9plie toujours sa serviette au m\u00eame endroit, entour\u00e9e de ses amies. Ce petit groupe de femmes est un t\u00e9moin pr\u00e9cieux d\u2019une pratique n\u00e9e de la lib\u00e9ration sexuelle et de mai\u00a01968\u00a0: \u00ab\u00a0On voit de moins en moins de femmes seins nus, c\u2019est flagrant. Nous, on continue, parce que \u00e7a fait partie de notre histoire\u00a0\u00bb, souffle-t-elle.\u00a0\u00c0 l\u2019\u00e9poque, cette mode qui consiste \u00e0\u00a0bronzer ou se baigner seins nus\u00a0s\u2019\u00e9tait impos\u00e9e en Europe de l\u2019Ouest dans le contexte des grandes transformations sociales des ann\u00e9es 1960-1970. Pour Cathy et ses amies, ce geste reste aujourd\u2019hui une mani\u00e8re d\u2019affirmer la libert\u00e9 du corps f\u00e9minin.<\/p>\n<p>Leur d\u00e9marche d\u00e9passe alors la simple question du bronzage. Ici, tomber le haut reste un acte militant.\u00a0\u00ab\u00a0C\u2019est bien plus qu\u2019esth\u00e9tique, c\u2019est plus une revendication\u00a0\u00bb, insiste Cathy. Marie, 66 ans, se souvient\u00a0: \u00ab\u00a0En 1976, quand j\u2019avais 18 ans, tout le monde enlevait le haut. C\u2019\u00e9tait la lib\u00e9ration du corps de la femme. Mais attention, ce n\u2019\u00e9tait pas toujours accept\u00e9\u2026 Un jour, des voisines de serviette nous ont insult\u00e9es parce qu\u2019elles craignaient que leurs maris nous regardent.\u00a0\u00bb<\/p>\n<p>\u00a0<\/p>\n<p>    3 questions au docteur William Jacot sur le lien entre topless et cancer du sein.<\/p>\n<p>La pratique du topless peut-elle entra\u00eener des cancers du sein\u00a0?<\/p>\n<p>Pour le moment, il n\u2019y a pas de lien entre l\u2019exposition au soleil et le cancer du sein, qui se d\u00e9veloppe au niveau de la glande mammaire. Les principaux facteurs de risque restent familiaux, hormonaux ou encore l\u2019\u00e2ge. Donc, que l\u2019on soit topless ou non, la peau de la poitrine demeure particuli\u00e8rement fragile et sensible aux agressions des UV.<\/p>\n<p>Quels sont les dangers li\u00e9s \u00e0 l\u2019exposition de la poitrine au soleil\u00a0?<\/p>\n<p>L\u2019exposition au soleil peut acc\u00e9l\u00e9rer le vieillissement de la peau. Mais le danger principal reste le cancer de la peau. Que ce soit sur les jambes ou sur la poitrine, le risque est le m\u00eame. Le bronzage n\u2019apporte aucun b\u00e9n\u00e9fice pour la sant\u00e9\u00a0: il s\u2019agit d\u2019une r\u00e9action de la peau face \u00e0 l\u2019agression des UV. Cette protection naturelle est imparfaite et peut endommager l\u2019ADN des cellules, favorisant \u00e0 long terme l\u2019apparition de cancers de la peau.<\/p>\n<p>Quelles sont les recommandations pour bronzer en toute s\u00e9curit\u00e9, avec ou sans maillot\u00a0?<\/p>\n<p>Il est conseill\u00e9 de ne pas s\u2019exposer au soleil entre 12\u00a0h et 16\u00a0h. L\u2019application d\u2019une cr\u00e8me solaire SPF 50 +\u00a0est indispensable, \u00e0 renouveler toutes les deux heures et apr\u00e8s chaque baignade.<\/p>\n<p>\u00ab\u00a0Jamais je ne le ferais seule\u00a0\u00bb<\/p>\n<p data-end=\"2098\" data-start=\"1627\">Julie, une quarantaine d\u2019ann\u00e9es, est la fille de Marie. Elle perp\u00e9tue l\u2019habitude, mais avec prudence. \u00ab\u00a0Je le fais parce que je me sens en s\u00e9curit\u00e9 dans ce petit groupe. Ici, je suis \u00e0 l\u2019aise. Mais je remets le haut d\u00e8s que je me l\u00e8ve ou que je vais dans l\u2019eau. Je ne pourrais pas le faire seule.\u00a0\u00bb <a href=\"https:\/\/www.midilibre.fr\/2019\/07\/24\/les-francaises-de-plus-en-plus-reticentes-a-pratiquer-le-topless,8329319.php\" target=\"_blank\" rel=\"nofollow noopener\">Pour elle, le topless n\u2019est plus une \u00e9vidence mais un moment partag\u00e9, entre femmes de confiance.<\/a> Un peu plus loin, Ambre, 22 ans, s\u2019installe avec sa m\u00e8re et ses copines. Quand on \u00e9voque le topless, les jeunes se rappellent\u00a0: \u00ab\u00a0C\u2019\u00e9tait la mode \u00e0 ton \u00e9poque, maman\u00a0!\u00a0\u00bb\u00a0Ambre admet\u00a0: \u00ab\u00a0Ce n\u2019est plus vraiment dans les m\u0153urs aujourd\u2019hui.\u00a0\u00bb<\/p>\n<p data-end=\"2378\" data-start=\"2173\">Pour cette g\u00e9n\u00e9ration, la raison est simple. \u00ab\u00a0La poitrine est de plus en plus sexualis\u00e9e. On n\u2019a pas envie d\u2019\u00eatre regard\u00e9es comme des objets. Et quand on a une forte poitrine, c\u2019est encore pire\u00a0\u00bb, explique Sacha. \u00ab\u00a0On va quand m\u00eame oser mettre des bikinis, mais pas les seins nus\u00a0\u00bb, t\u00e9moigne Ambre. Les chiffres, eux, confirment le d\u00e9clin. <a href=\"https:\/\/www.ifop.com\/wp-content\/uploads\/2021\/08\/PPT_Ifop_Topless.pdf\" target=\"_blank\" rel=\"nofollow noopener\">Selon une \u00e9tude Ifop de 2021, seules 16\u00a0% des Fran\u00e7aises de moins de 50 ans pratiquent encore le topless, contre 43\u00a0% en 1984.<\/a> La pratique du topless appartient aux souvenirs, bien qu\u2019un petit groupe d\u2019irr\u00e9sistible r\u00e9siste encore.<\/p>\n<p>Le r\u00e8gne du bronzage<\/p>\n<p data-end=\"426\" data-start=\"100\">Aujourd\u2019hui, les femmes continuent de venir \u00e0 la plage en arborant leurs plus beaux maillots de bain. Mais pour Jessica, hors de question de tomber le haut\u00a0: l\u2019essentiel, c\u2019est le teint. \u00ab\u00a0J\u2019aime bien bronzer, \u00e7a \u00e9vite d\u2019avoir une t\u00eate de cadavre. Mais je garde le maillot. Enfin\u2026 je descends juste les bretelles pour ne pas avoir de marques.\u00a0\u00bb\u00a0Elle avoue\u00a0:<a href=\"https:\/\/www.midilibre.fr\/2025\/07\/29\/la-creme-solaire-empeche-t-elle-vraiment-de-bronzer-la-reponse-dun-dermatologue-12825986.php\" target=\"_blank\" rel=\"nofollow noopener\"> \u00ab\u00a0Je\u00a0mets de la cr\u00e8me sur le visage et les \u00e9paules, mais ailleurs j\u2019\u00e9vite pour bronzer plus vite.\u00a0\u00bb <\/a>Alors on garde le haut, on ajuste, on bronze.<\/p>\n<p data-end=\"919\" data-start=\"428\">Pour la jeune g\u00e9n\u00e9ration,<a href=\"https:\/\/www.midilibre.fr\/2025\/07\/31\/pour-quelques-secondes-de-buzz-pourquoi-la-tendance-du-sun-tattoo-pourquoi-est-elle-si-dangereuse-12853912.php\" target=\"_blank\" rel=\"nofollow noopener\"> le geste n\u2019a plus rien de militant, il est esth\u00e9tique<\/a>. \u00ab\u00a0Sur une plage r\u00e9serv\u00e9e aux femmes, je pourrais peut-\u00eatre le faire. C\u2019est pratique pour \u00e9viter les traces du maillot\u00a0\u00bb, reconna\u00eet Jessica. La jeune femme, s\u2019y est d\u00e9j\u00e0\u00a0risqu\u00e9e une fois, \u00ab\u00a0en bateau, entre copines. Parce qu\u2019au fond, on a toute la m\u00eame chose sous le bikini. Mais sur une plage publique, jamais\u00a0!\u00a0\u00bb<\/p>\n<p data-end=\"2762\" data-start=\"2346\">Et demain\u00a0? Peut-\u00eatre que le topless reviendra, comme un vieux tube de l\u2019\u00e9t\u00e9 que l\u2019on red\u00e9couvre avec tendresse. Il survit, discret, tapi dans les plis des serviettes. Mais il a perdu sa charge r\u00e9volutionnaire. En attendant, au Petit Travers,<strong> <\/strong>Cathy et ses amies, continuent de brandir leur maillot\u00a0comme un \u00e9tendard.\u00a0Symbole d\u2019une \u00e9poque r\u00e9volue, mais aussi d\u2019une libert\u00e9 qu\u2019elles refusent d\u2019abandonner.<\/p>\n<p>    \u00ab\u00a0Sun-tattoo\u00a0\u00bb, \u00ab\u00a0burn-line\u00a0\u00bb et \u00ab\u00a0tan-lines\u00a0\u00bb\u00a0: pourquoi ces pratiques sont dangereuses\u00a0?<\/p>\n<p>Sur TikTok et Instagram, les hashtags #burnlines, #tantok ou encore #suntattoo cumulent des millions de vues autour d\u2019une tendance estivale pr\u00e9occupante. Le principe\u00a0: obtenir des marques de bronzage tr\u00e8s contrast\u00e9es, parfois jusqu\u2019\u00e0 la br\u00fblure, ou dessiner des motifs avec de la cr\u00e8me solaire pour cr\u00e9er un \u00ab\u00a0tatouage\u00a0\u00bb\u00a0\u00e9ph\u00e9m\u00e8re. Pour y parvenir, certains internautes n\u2019h\u00e9sitent pas \u00e0 s\u2019exposer\u00a0aux heures les plus chaudes de la journ\u00e9e.<\/p>\n<p>Une pratique jug\u00e9e extr\u00eamement dangereuse par les dermatologues, mais aussi par le ministre de la Sant\u00e9 Yannick Neuder, qui a mis en garde\u00a0: \u00ab\u00a0Votre peau, c\u2019est votre vie. Vous n\u2019en avez qu\u2019une, ne la sacrifiez pas pour 30 secondes de buzz.\u00a0\u00bb\u00a0Le rappel est d\u2019autant plus n\u00e9cessaire que, chaque ann\u00e9e en France, 141\u00a0200 \u00e0 243\u00a0500 cancers de la peau sont diagnostiqu\u00e9s,<a href=\"https:\/\/www.santepubliquefrance.fr\/maladies-et-traumatismes\/cancers\/cancers-de-la-peau\" target=\"_blank\" rel=\"nofollow noopener\"> dont 112\u00a0960 \u00e0 194\u00a0800 directement li\u00e9s \u00e0 une surexposition aux UV<\/a>, selon Sant\u00e9 publique France.<\/p>\n<p>\u00a0<\/p>\n","protected":false},"excerpt":{"rendered":"\u00c0 Carnon, sur la plage du Petit Travers, le temps se lit autant dans le sable que dans&hellip;\n","protected":false},"author":2,"featured_media":344149,"comment_status":"","ping_status":"","sticky":false,"template":"","format":"standard","meta":{"footnotes":""},"categories":[9599],"tags":[1111,11,1777,674,1011,27,2208,12,2680,25],"class_list":{"0":"post-344148","1":"post","2":"type-post","3":"status-publish","4":"format-standard","5":"has-post-thumbnail","7":"category-montpellier","8":"tag-actu","9":"tag-actualites","10":"tag-eu","11":"tag-europe","12":"tag-fr","13":"tag-france","14":"tag-montpellier","15":"tag-news","16":"tag-occitanie","17":"tag-republique-francaise"},"share_on_mastodon":{"url":"https:\/\/pubeurope.com\/@fr\/115092597163019519","error":""},"_links":{"self":[{"href":"https:\/\/www.europesays.com\/fr\/wp-json\/wp\/v2\/posts\/344148","targetHints":{"allow":["GET"]}}],"collection":[{"href":"https:\/\/www.europesays.com\/fr\/wp-json\/wp\/v2\/posts"}],"about":[{"href":"https:\/\/www.europesays.com\/fr\/wp-json\/wp\/v2\/types\/post"}],"author":[{"embeddable":true,"href":"https:\/\/www.europesays.com\/fr\/wp-json\/wp\/v2\/users\/2"}],"replies":[{"embeddable":true,"href":"https:\/\/www.europesays.com\/fr\/wp-json\/wp\/v2\/comments?post=344148"}],"version-history":[{"count":0,"href":"https:\/\/www.europesays.com\/fr\/wp-json\/wp\/v2\/posts\/344148\/revisions"}],"wp:featuredmedia":[{"embeddable":true,"href":"https:\/\/www.europesays.com\/fr\/wp-json\/wp\/v2\/media\/344149"}],"wp:attachment":[{"href":"https:\/\/www.europesays.com\/fr\/wp-json\/wp\/v2\/media?parent=344148"}],"wp:term":[{"taxonomy":"category","embeddable":true,"href":"https:\/\/www.europesays.com\/fr\/wp-json\/wp\/v2\/categories?post=344148"},{"taxonomy":"post_tag","embeddable":true,"href":"https:\/\/www.europesays.com\/fr\/wp-json\/wp\/v2\/tags?post=344148"}],"curies":[{"name":"wp","href":"https:\/\/api.w.org\/{rel}","templated":true}]}}