{"id":344150,"date":"2025-08-26T02:03:21","date_gmt":"2025-08-26T02:03:21","guid":{"rendered":"https:\/\/www.europesays.com\/fr\/344150\/"},"modified":"2025-08-26T02:03:21","modified_gmt":"2025-08-26T02:03:21","slug":"deux-hommes-blesses-auraient-ete-sequestres-pres-de-grenoble","status":"publish","type":"post","link":"https:\/\/www.europesays.com\/fr\/344150\/","title":{"rendered":"Deux hommes bless\u00e9s auraient \u00e9t\u00e9 s\u00e9questr\u00e9s pr\u00e8s de Grenoble"},"content":{"rendered":"<p>Dans la nuit du samedi 23 au dimanche 24 ao\u00fbt 2025, aux alen\u00adtours d\u2019une heure du matin, deux jeunes hommes \u00e2g\u00e9s de 19 ans ont \u00e9t\u00e9 d\u00e9cou\u00adverts bles\u00ads\u00e9s par des <a href=\"https:\/\/www.placegrenet.fr\/?s=couteau\" target=\"_blank\" rel=\"noopener\">coups de cou\u00adteau<\/a> sur la voie publique, \u00e0 Saint-Martin\u2011d\u2019H\u00e8res, plus pr\u00e9\u00adci\u00ads\u00e9\u00adment au coin des rues Normandie-Niemen et Jacques-Brel. Avant d\u2019\u00eatre pris en charge par les secours, ils ont affirm\u00e9 avoir \u00e9t\u00e9 s\u00e9ques\u00adtr\u00e9s plu\u00adsieurs heures dans un appar\u00adte\u00adment, sans tou\u00adte\u00adfois en pr\u00e9\u00adci\u00adser la loca\u00adli\u00adsa\u00adtion exacte ni les auteurs pr\u00e9\u00adsu\u00adm\u00e9s des faits, selon des infor\u00adma\u00adtions recueillies par le <a href=\"https:\/\/c.ledauphine.com\/faits-divers-justice\/2025\/08\/24\/isere-saint-martin-d-heres-deux-hommes-pretendant-avoir-ete-sequestres-retrouves-blesses-de-coups-de-couteau\" target=\"_blank\" rel=\"noopener\">Dauphin\u00e9 lib\u00e9r\u00e9<\/a>.<\/p>\n<p><a href=\"https:\/\/www.europesays.com\/fr\/wp-content\/uploads\/2025\/08\/anglenormandie-niemen-rue-jacques-brel-smh.jpg\"><img fetchpriority=\"high\" decoding=\"async\" aria-describedby=\"caption-attachment-658178\" class=\"wp-image-658178 size-full\" src=\"data:image\/svg+xml,%3Csvg%20xmlns=\" http:=\"\" alt=\"Les lieux o\u00f9 les deux jeunes hommes ont \u00e9t\u00e9 d\u00e9couverts apr\u00e8s avoir \u00e9t\u00e9 s\u00e9questr\u00e9s. \u00a9 Google Maps\" width=\"1500\" height=\"1015\" data-lazy- data-lazy- data-lazy-src=\"https:\/\/www.europesays.com\/fr\/wp-content\/uploads\/2025\/08\/anglenormandie-niemen-rue-jacques-brel-smh.jpg\"\/><\/a><\/p>\n<p id=\"caption-attachment-658178\" class=\"wp-caption-text\">Les lieux o\u00f9 les deux jeunes hommes ont \u00e9t\u00e9 d\u00e9cou\u00adverts apr\u00e8s avoir \u00e9t\u00e9 s\u00e9ques\u00adtr\u00e9s. \u00a9 Google Maps<\/p>\n<p>D\u00e8s leur arri\u00adv\u00e9e, les sapeurs-pom\u00adpiers et une \u00e9quipe du Samu 38 ont assur\u00e9 les pre\u00admiers soins. L\u2019un des deux bles\u00ads\u00e9s \u00e9tait en urgence rela\u00adtive en rai\u00adson de bles\u00adsures jug\u00e9es assez l\u00e9g\u00e8res, tan\u00addis qu\u2019une \u00e9quipe du Samu a pris en charge en urgence abso\u00adlue l\u2019autre indi\u00advidu, plus gra\u00adve\u00adment tou\u00adch\u00e9, mais sans pro\u00adnos\u00adtic vital engag\u00e9.<\/p>\n<p>Transport\u00e9s au CHU Grenoble Alpes, les deux jeunes hommes, connus des ser\u00advices de police, n\u2019ont pas sou\u00adhait\u00e9 coop\u00e9\u00adrer avec les enqu\u00ea\u00adteurs. Ils ont refus\u00e9 d\u2019\u00eatre enten\u00addus et sont res\u00adt\u00e9s muets sur les cir\u00adcons\u00adtances de la s\u00e9ques\u00adtra\u00adtion ou de l\u2019agression.<\/p>\n<p>Les poli\u00adciers de la Direction inter\u00add\u00e9\u00adpar\u00adte\u00admen\u00adtale de la police natio\u00adnale (<a href=\"https:\/\/www.isere.gouv.fr\/Services-de-l-Etat\/Securite-et-protection-des-personnes\/Direction-interdepartementale-de-la-Police-nationale-DIPN\" target=\"_blank\" rel=\"noopener\">DIPN<\/a>) res\u00adtent mobi\u00adli\u00ads\u00e9s pour lever le voile sur cette affaire. Ils ten\u00adte\u00adront de d\u00e9ter\u00admi\u00adner com\u00adment les deux vic\u00adtimes ont pu se retrou\u00adver \u00e0 cet endroit pr\u00e9\u00adcis \u00e0 une heure tar\u00addive et d\u2019i\u00adden\u00adti\u00adfier les \u00e9ven\u00adtuels auteurs ou motifs de cette bien mys\u00adt\u00e9\u00adrieuse agression.<\/p>\n<p>\u00c0 ce stade, ni la nature exacte de leur lien avec le ou les cou\u00adpables, ni le contexte de leur s\u00e9ques\u00adtra\u00adtion ne sont donc connus. L\u2019absence de t\u00e9moi\u00adgnages ou d\u2019indications pr\u00e9\u00adcises de la part des vic\u00adtimes com\u00adplique d\u2019au\u00adtant plus la pro\u00adgres\u00adsion de l\u2019enqu\u00eate.<\/p>\n","protected":false},"excerpt":{"rendered":"Dans la nuit du samedi 23 au dimanche 24 ao\u00fbt 2025, aux alen\u00adtours d\u2019une heure du matin, deux&hellip;\n","protected":false},"author":2,"featured_media":344151,"comment_status":"","ping_status":"","sticky":false,"template":"","format":"standard","meta":{"footnotes":""},"categories":[9566],"tags":[1111,11,2430,1777,674,1011,27,2731,12,25],"class_list":{"0":"post-344150","1":"post","2":"type-post","3":"status-publish","4":"format-standard","5":"has-post-thumbnail","7":"category-grenoble","8":"tag-actu","9":"tag-actualites","10":"tag-auvergne-rhone-alpes","11":"tag-eu","12":"tag-europe","13":"tag-fr","14":"tag-france","15":"tag-grenoble","16":"tag-news","17":"tag-republique-francaise"},"share_on_mastodon":{"url":"https:\/\/pubeurope.com\/@fr\/115092612876780754","error":""},"_links":{"self":[{"href":"https:\/\/www.europesays.com\/fr\/wp-json\/wp\/v2\/posts\/344150","targetHints":{"allow":["GET"]}}],"collection":[{"href":"https:\/\/www.europesays.com\/fr\/wp-json\/wp\/v2\/posts"}],"about":[{"href":"https:\/\/www.europesays.com\/fr\/wp-json\/wp\/v2\/types\/post"}],"author":[{"embeddable":true,"href":"https:\/\/www.europesays.com\/fr\/wp-json\/wp\/v2\/users\/2"}],"replies":[{"embeddable":true,"href":"https:\/\/www.europesays.com\/fr\/wp-json\/wp\/v2\/comments?post=344150"}],"version-history":[{"count":0,"href":"https:\/\/www.europesays.com\/fr\/wp-json\/wp\/v2\/posts\/344150\/revisions"}],"wp:featuredmedia":[{"embeddable":true,"href":"https:\/\/www.europesays.com\/fr\/wp-json\/wp\/v2\/media\/344151"}],"wp:attachment":[{"href":"https:\/\/www.europesays.com\/fr\/wp-json\/wp\/v2\/media?parent=344150"}],"wp:term":[{"taxonomy":"category","embeddable":true,"href":"https:\/\/www.europesays.com\/fr\/wp-json\/wp\/v2\/categories?post=344150"},{"taxonomy":"post_tag","embeddable":true,"href":"https:\/\/www.europesays.com\/fr\/wp-json\/wp\/v2\/tags?post=344150"}],"curies":[{"name":"wp","href":"https:\/\/api.w.org\/{rel}","templated":true}]}}