{"id":344152,"date":"2025-08-26T02:05:59","date_gmt":"2025-08-26T02:05:59","guid":{"rendered":"https:\/\/www.europesays.com\/fr\/344152\/"},"modified":"2025-08-26T02:05:59","modified_gmt":"2025-08-26T02:05:59","slug":"frustre-par-son-exclusion-christopher-wooh-sest-retrouve-a-lhopital-apres-un-geste-dhumeur","status":"publish","type":"post","link":"https:\/\/www.europesays.com\/fr\/344152\/","title":{"rendered":"frustr\u00e9 par son exclusion, Christopher Wooh s&rsquo;est retrouv\u00e9 \u00e0 l&rsquo;h\u00f4pital apr\u00e8s un geste d&rsquo;humeur"},"content":{"rendered":"<p>Exclu d\u00e8s la 11e minute de jeu lors de la d\u00e9faite du Stade Rennais f\u00e0 Lorient, ce dimanche en Ligue 1 (4-0), Christopher Wooh se serait bless\u00e9 apr\u00e8s un geste d&rsquo;humeur dans les vestiaires. D&rsquo;apr\u00e8s Le Parisien, le d\u00e9fenseur de 23 ans se serait rendu \u00e0 l&rsquo;hopital pour se faire soigner.<\/p>\n<p>Un derby totalement cauchemardesque. le Stade Rennais a v\u00e9cu un apr\u00e8s-midi noir ce dimanche \u00e0 Lorient. R\u00e9duits \u00e0 neuf contre onze apr\u00e8s seulement dix minutes de jeu, les hommes d\u2019Habib Beye ont <a href=\"https:\/\/rmcsport.bfmtv.com\/football\/ligue-1\/direct-lorient-rennes-suivez-le-derby-breton-de-la-2e-journee-de-ligue-1-en-live_LS-202508240107.html\" title=\"DIRECT. Lorient-Rennes: plomb\u00e9 par son indiscipline, Rennes a explos\u00e9 dans le derby breton\" class=\"internal_link\" rel=\"nofollow noopener\" target=\"_blank\">sombr\u00e9 collectivement dans l&rsquo;antre des Merlus lors de la 2e journ\u00e9e de Ligue 1 (4-0)<\/a>. Et Christopher Wooh semble avoir particuli\u00e8rement mal v\u00e9cu cette correction re\u00e7ue au Moustoir.<\/p>\n<p><a href=\"https:\/\/rmcsport.bfmtv.com\/football\/ligue-1\/lorient-rennes-deux-cartons-rouges-en-10-minutes-l-entame-de-match-catastrophique-et-historique-des-rennais_AV-202508240188.html\" title=\"Lorient-Rennes: deux cartons rouges en 10 minutes, l&#039;entame de match catastrophique (et historique) des Rennais\" class=\"internal_link\" rel=\"nofollow noopener\" target=\"_blank\">Exclu d\u00e8s la 11e minute pour un tacle tr\u00e8s dangereux sur<\/a> Aiyegun Tosin, Christopher Wooh aurait totalement perdu ses nerfs en regagnant les vestiaires du Moustoir. Selon Le Parisien, le d\u00e9fenseur central de 23 ans aurait violemment frapp\u00e9 un mur ou une vitrine, se blessant s\u00e9rieusement \u00e0 l\u2019avant-bras. Il aurait \u00e9t\u00e9 pris en charge \u00e0 l\u2019h\u00f4pital avant de rentrer \u00e0 Rennes, afin de stopper le saignement et recevoir des points de suture.<\/p>\n<p>Un d\u00e9but de saison compliqu\u00e9 \u00e0 g\u00e9rer pour Habib Beye<\/p>\n<p>Ce coup de sang ne fait qu\u2019aggraver un week-end d\u00e9j\u00e0 tr\u00e8s compliqu\u00e9 pour le Stade rennais. Samedi, <a href=\"https:\/\/rmcsport.bfmtv.com\/football\/ligue-1\/rennes-nouveau-joueur-ecarte-par-beye-al-tamari-absent-du-groupe-pour-le-derby-contre-lorient_AV-202508240181.html\" title=\"Rennes: nouveau joueur \u00e9cart\u00e9 par Beye, Al-Tamari absent du groupe pour le derby contre Lorient\" class=\"internal_link\" rel=\"nofollow noopener\" target=\"_blank\">Musa Al-Tamari a \u00e9t\u00e9 sanctionn\u00e9 par son entra\u00eeneur<\/a> Habib Beye pour un retard lors de la mise au vert de l&rsquo;\u00e9quipe. La veille, c\u2019est un jeune joueur du centre de formation qui faisait parler de lui, arr\u00eat\u00e9 <a href=\"https:\/\/rmcsport.bfmtv.com\/societe\/ligue-1-un-jeune-du-pole-espoirs-du-stade-rennais-en-garde-a-vue-pour-possession-de-cocaine_AV-202508220560.html\" title=\"Ligue 1: un jeune du p\u00f4le espoirs du Stade Rennais en garde \u00e0 vue pour possession de coca\u00efne\" class=\"internal_link\" rel=\"nofollow noopener\" target=\"_blank\">en possession de coca\u00efne<\/a>.<\/p>\n<p>Entre suspensions, <a href=\"https:\/\/rmcsport.bfmtv.com\/football\/transferts\/video-mercato-1708_VN-202508170135.html\" title=\"Geubbels, Kalimuendo, Ederson... les infos mercato du dimanche 17 ao\u00fbt \u00e0 12h00\" class=\"internal_link\" rel=\"nofollow noopener\" target=\"_blank\">d\u00e9parts<\/a> et d\u00e9sormais blessures, Habib Beye va devoir improviser pour composer son \u00e9quipe dans les semaines \u00e0 venir. Et surtout, g\u00e9rer la col\u00e8re des supporters, qui risquent d&rsquo;\u00eatre remont\u00e9s apr\u00e8s l&rsquo;humiliation subie lors de ce derby \u00e0 Lorient.<\/p>\n","protected":false},"excerpt":{"rendered":"Exclu d\u00e8s la 11e minute de jeu lors de la d\u00e9faite du Stade Rennais f\u00e0 Lorient, ce dimanche&hellip;\n","protected":false},"author":2,"featured_media":344153,"comment_status":"","ping_status":"","sticky":false,"template":"","format":"standard","meta":{"footnotes":""},"categories":[2821],"tags":[1111,11,829,1777,674,1011,27,12,584,25],"class_list":{"0":"post-344152","1":"post","2":"type-post","3":"status-publish","4":"format-standard","5":"has-post-thumbnail","7":"category-rennes","8":"tag-actu","9":"tag-actualites","10":"tag-bretagne","11":"tag-eu","12":"tag-europe","13":"tag-fr","14":"tag-france","15":"tag-news","16":"tag-rennes","17":"tag-republique-francaise"},"share_on_mastodon":{"url":"https:\/\/pubeurope.com\/@fr\/115092624710704309","error":""},"_links":{"self":[{"href":"https:\/\/www.europesays.com\/fr\/wp-json\/wp\/v2\/posts\/344152","targetHints":{"allow":["GET"]}}],"collection":[{"href":"https:\/\/www.europesays.com\/fr\/wp-json\/wp\/v2\/posts"}],"about":[{"href":"https:\/\/www.europesays.com\/fr\/wp-json\/wp\/v2\/types\/post"}],"author":[{"embeddable":true,"href":"https:\/\/www.europesays.com\/fr\/wp-json\/wp\/v2\/users\/2"}],"replies":[{"embeddable":true,"href":"https:\/\/www.europesays.com\/fr\/wp-json\/wp\/v2\/comments?post=344152"}],"version-history":[{"count":0,"href":"https:\/\/www.europesays.com\/fr\/wp-json\/wp\/v2\/posts\/344152\/revisions"}],"wp:featuredmedia":[{"embeddable":true,"href":"https:\/\/www.europesays.com\/fr\/wp-json\/wp\/v2\/media\/344153"}],"wp:attachment":[{"href":"https:\/\/www.europesays.com\/fr\/wp-json\/wp\/v2\/media?parent=344152"}],"wp:term":[{"taxonomy":"category","embeddable":true,"href":"https:\/\/www.europesays.com\/fr\/wp-json\/wp\/v2\/categories?post=344152"},{"taxonomy":"post_tag","embeddable":true,"href":"https:\/\/www.europesays.com\/fr\/wp-json\/wp\/v2\/tags?post=344152"}],"curies":[{"name":"wp","href":"https:\/\/api.w.org\/{rel}","templated":true}]}}