{"id":344154,"date":"2025-08-26T02:07:16","date_gmt":"2025-08-26T02:07:16","guid":{"rendered":"https:\/\/www.europesays.com\/fr\/344154\/"},"modified":"2025-08-26T02:07:16","modified_gmt":"2025-08-26T02:07:16","slug":"la-spa-de-strasbourg-derangee-par-un-bruit-strident-provenant-dikea","status":"publish","type":"post","link":"https:\/\/www.europesays.com\/fr\/344154\/","title":{"rendered":"la SPA de Strasbourg d\u00e9rang\u00e9e par un \u00ab\u00a0bruit strident\u00a0\u00bb provenant\u00a0d&rsquo;IKEA"},"content":{"rendered":"<p>            Par<br \/>\n        <strong><br \/>\n            <a href=\"https:\/\/actu.fr\/auteur\/ivan-capecchi\" title=\"Consulter tous les articles de Ivan CAPECCHI\" rel=\"nofollow noopener\" target=\"_blank\">Ivan CAPECCHI<\/a><br \/>\n        <\/strong><\/p>\n<p>        Publi\u00e9 le<\/p>\n<p>            25 ao\u00fbt 2025 \u00e0 17h50        <\/p>\n<p>La <strong>SPA de Strasbourg<\/strong> d\u00e9nonce un \u00ab\u2009<strong>sifflement strident<\/strong>\u2009\u00bb provenant du <strong>magasin IKEA attenant<\/strong>. Le <strong>bruit<\/strong>, entendu notamment le <strong>dimanche<\/strong> et le <strong>mercredi<\/strong>, stresse les <a href=\"https:\/\/actu.fr\/tag\/animaux\" rel=\"nofollow noopener\" target=\"_blank\">animaux<\/a>. L\u2019enseigne assure chercher une <strong>solution<\/strong>.<\/p>\n<p>Un \u00ab\u2009bruit horrible g\u00e9n\u00e9r\u00e9 par IKEA\u2009\u00bb\u2026<\/p>\n<p class=\" wall-content\">\u00abBonjour, savez-vous si une solution est pr\u00e9vue pour le <strong>bruit horrible g\u00e9n\u00e9r\u00e9 par IKEA<\/strong>\u2009?\u2009\u00bb, s\u2019interrogeait, vendredi dernier, une membre du groupe Facebook d\u00e9di\u00e9 aux <a href=\"https:\/\/actu.fr\/grand-est\/strasbourg_67482\/a-la-spa-de-strasbourg-les-benevoles-ont-cree-un-lieu-pour-rendre-hommage-aux-animaux-decedes_62668554.html\" rel=\"nofollow noopener\" target=\"_blank\">b\u00e9n\u00e9voles de la SPA de Strasbourg<\/a>.<\/p>\n<p class=\" wall-content\">D\u2019apr\u00e8s une <a href=\"https:\/\/actu.fr\/grand-est\/strasbourg_67482\/j-ai-la-boule-au-ventre-a-la-spa-de-strasbourg-les-salaries-denoncent-un-climat-de-peur_62843840.html\" rel=\"nofollow noopener\" target=\"_blank\">salari\u00e9e du refuge<\/a>, que nous avons interrog\u00e9e, ce \u00ab<strong>\u2009sifflement striden<\/strong>t\u2009\u00bb ne date pas d\u2019hier, mais il s\u2019est \u00ab<strong>\u2009accentu\u00e9<\/strong>\u2009\u00bb derni\u00e8rement.<\/p>\n<p class=\" wall-content\">Il aurait lieu notamment \u00ab\u2009le dimanche matin et le mercredi\u2009\u00bb, toujours selon cette salari\u00e9e.<\/p>\n<p>\u2026 qui \u00ab\u2009stresse\u2009\u00bb les chiens et les chats<\/p>\n<p class=\" wall-content\">\u00ab\u2009Les sifflements sont tr\u00e8s g\u00eanants pour nous, <strong>mais aussi pour les chiens<\/strong>\u2009: ils <strong>perturbent leur sommeil<\/strong>, ajoutent une nuisance sonore et les <strong>stressent<\/strong>. Les <strong>chats<\/strong>, eux aussi, ont <strong>besoin de calme<\/strong>, et ce sifflement permanent <strong>les emp\u00eache de se reposer<\/strong>\u2009\u00bb, t\u00e9moigne-t-elle.<\/p>\n<p class=\" wall-content\">En r\u00e9ponse au message post\u00e9 sur le groupe Facebook des b\u00e9n\u00e9voles, une membre du conseil d\u2019administration indique que ce dernier a pris attache aupr\u00e8s d\u2019IKEA afin de trouver des \u00ab\u2009solutions pour r\u00e9duire ces nuisances\u2009\u00bb.<\/p>\n<p>Votre r\u00e9gion, votre actu !<\/p>\n<p>Recevez chaque jour les infos qui comptent pour vous.<\/p>\n<p>\t<a href=\"https:\/\/actu.fr\/newsletter\" class=\"ac-btn ac-btn--corner ac-btn--medium ac-btn--blue800\" rel=\"nofollow noopener\" target=\"_blank\">S&rsquo;incrire<\/a><\/p>\n<blockquote class=\"tiktok-embed\" cite=\"https:\/\/www.tiktok.com\/@lorraine.actu\/video\/7542545279912774934\" data-video-id=\"7542545279912774934\" data-embed-from=\"oembed\" style=\"max-width:605px; min-width:325px;\"><p>\n<a target=\"_blank\" title=\"@lorraine.actu\" href=\"https:\/\/www.tiktok.com\/@lorraine.actu?refer=embed\" rel=\"nofollow noopener\">@lorraine.actu<\/a> <\/p>\n<p>\u00ab\u00a0Bonjour, savez-vous si une solution est pr\u00e9vue pour le bruit horrible g\u00e9n\u00e9r\u00e9 par IKEA ?\u00a0\u00bb, s\u2019interrogeait, vendredi dernier, une membre du groupe Facebook d\u00e9di\u00e9 aux b\u00e9n\u00e9voles de la SPA de Strasbourg.\u00a0 D\u2019apr\u00e8s une salari\u00e9e du refuge, que nous avons interrog\u00e9e, ce \u00ab\u00a0sifflement strident\u00a0\u00bb ne date pas d\u2019hier, mais il s\u2019est \u00ab\u00a0accentu\u00e9\u00a0\u00bb derni\u00e8rement. Il aurait lieu notamment \u00ab\u00a0le dimanche matin et le mercredi\u00a0\u00bb, toujours selon cette salari\u00e9e.\u00a0 \u00ab\u00a0Les sifflements sont tr\u00e8s g\u00eanants pour nous, mais aussi pour les chiens : ils perturbent leur sommeil, ajoutent une nuisance sonore et les stressent. Les chats, eux aussi, ont besoin de calme, et ce sifflement permanent les emp\u00eache de se reposer\u00a0\u00bb, t\u00e9moigne-t-elle. En r\u00e9ponse au message post\u00e9 sur le groupe Facebook des b\u00e9n\u00e9voles, une membre du conseil d\u2019administration indique que ce dernier a pris attache aupr\u00e8s d\u2019IKEA afin de trouver des \u00ab\u00a0solutions pour r\u00e9duire ces nuisances\u00a0\u00bb. Nous avons \u00e9galement contact\u00e9 IKEA, qui confirme avoir \u00e9t\u00e9 contact\u00e9 par la SPA de Strasbourg. L\u2019enseigne ajoute : \u00ab\u00a0Nos \u00e9quipes techniques enqu\u00eatent activement sur cette question. Cependant, la source pr\u00e9cise du bruit n\u2019a pas encore \u00e9t\u00e9 identifi\u00e9e\u00a0\u00bb. \u00ab\u00a0Nous nous excusons sinc\u00e8rement pour la g\u00eane occasionn\u00e9e et assurons que la direction du magasin est mobilis\u00e9e pour r\u00e9soudre cette situation dans les plus brefs d\u00e9lais\u00a0\u00bb, poursuit IKEA. <a title=\"chiens\" target=\"_blank\" href=\"https:\/\/www.tiktok.com\/tag\/chiens?refer=embed\" rel=\"nofollow noopener\">#chiens<\/a> <a title=\"chats\" target=\"_blank\" href=\"https:\/\/www.tiktok.com\/tag\/chats?refer=embed\" rel=\"nofollow noopener\">#chats<\/a> <a title=\"ikea\" target=\"_blank\" href=\"https:\/\/www.tiktok.com\/tag\/ikea?refer=embed\" rel=\"nofollow noopener\">#ikea<\/a><\/p>\n<p> <a target=\"_blank\" title=\"\u266c son original - Lorraine Actu\" href=\"https:\/\/www.tiktok.com\/music\/son-original-7542545283859630870?refer=embed\" rel=\"nofollow noopener\">\u266c son original \u2013 Lorraine Actu<\/a> <\/p>\n<\/blockquote>\n<p>IKEA affirme chercher une solution<\/p>\n<p class=\" wall-content\">Nous avons \u00e9galement contact\u00e9 IKEA, qui confirme avoir \u00e9t\u00e9 contact\u00e9 par la SPA de Strasbourg.<\/p>\n<p class=\" wall-content\">L\u2019enseigne ajoute\u2009: \u00ab<strong>\u2009Nos \u00e9quipes techniques enqu\u00eatent activement sur cette question<\/strong>. Cependant, <strong>la source pr\u00e9cise du bruit n\u2019a pas encore \u00e9t\u00e9 identifi\u00e9e<\/strong>\u2009\u00bb.<\/p>\n<p class=\" wall-content\">\u00ab<strong>\u2009Nous nous excusons sinc\u00e8rement pour la g\u00eane occasionn\u00e9e<\/strong> et assurons que la direction du magasin est <strong>mobilis\u00e9e pour r\u00e9soudre cette situation dans les plus brefs d\u00e9lais<\/strong>\u2009\u00bb, poursuit IKEA.<\/p>\n<p class=\" wall-content\">Personnalisez votre actualit\u00e9 en ajoutant vos villes et m\u00e9dias en favori avec <a href=\"https:\/\/moncompte.actu.fr\" title=\"D\u00e9couvez Mon Actu\" rel=\"nofollow noopener\" data-trk=\"{&quot;cta&quot;:{&quot;action&quot;:&quot;https:\\\/\\\/moncompte.actu.fr&quot;,&quot;category&quot;:&quot;mon compte&quot;,&quot;from&quot;:&quot;article footer&quot;,&quot;name&quot;:&quot;Mon actu&quot;,&quot;type&quot;:&quot;cta&quot;}}\" target=\"_blank\">Mon Actu<\/a>.<\/p>\n<p>                    <script async src=\"\/\/www.tiktok.com\/embed.js\"><\/script><\/p>\n","protected":false},"excerpt":{"rendered":"Par Ivan CAPECCHI Publi\u00e9 le 25 ao\u00fbt 2025 \u00e0 17h50 La SPA de Strasbourg d\u00e9nonce un \u00ab\u2009sifflement strident\u2009\u00bb&hellip;\n","protected":false},"author":2,"featured_media":344155,"comment_status":"","ping_status":"","sticky":false,"template":"","format":"standard","meta":{"footnotes":""},"categories":[2820],"tags":[1111,11,1867,4850,1777,674,1011,27,775,714,12,25,104,640],"class_list":{"0":"post-344154","1":"post","2":"type-post","3":"status-publish","4":"format-standard","5":"has-post-thumbnail","7":"category-strasbourg","8":"tag-actu","9":"tag-actualites","10":"tag-animaux","11":"tag-chien","12":"tag-eu","13":"tag-europe","14":"tag-fr","15":"tag-france","16":"tag-grand-est","17":"tag-ikea","18":"tag-news","19":"tag-republique-francaise","20":"tag-societe","21":"tag-strasbourg"},"share_on_mastodon":{"url":"https:\/\/pubeurope.com\/@fr\/115092628637134445","error":""},"_links":{"self":[{"href":"https:\/\/www.europesays.com\/fr\/wp-json\/wp\/v2\/posts\/344154","targetHints":{"allow":["GET"]}}],"collection":[{"href":"https:\/\/www.europesays.com\/fr\/wp-json\/wp\/v2\/posts"}],"about":[{"href":"https:\/\/www.europesays.com\/fr\/wp-json\/wp\/v2\/types\/post"}],"author":[{"embeddable":true,"href":"https:\/\/www.europesays.com\/fr\/wp-json\/wp\/v2\/users\/2"}],"replies":[{"embeddable":true,"href":"https:\/\/www.europesays.com\/fr\/wp-json\/wp\/v2\/comments?post=344154"}],"version-history":[{"count":0,"href":"https:\/\/www.europesays.com\/fr\/wp-json\/wp\/v2\/posts\/344154\/revisions"}],"wp:featuredmedia":[{"embeddable":true,"href":"https:\/\/www.europesays.com\/fr\/wp-json\/wp\/v2\/media\/344155"}],"wp:attachment":[{"href":"https:\/\/www.europesays.com\/fr\/wp-json\/wp\/v2\/media?parent=344154"}],"wp:term":[{"taxonomy":"category","embeddable":true,"href":"https:\/\/www.europesays.com\/fr\/wp-json\/wp\/v2\/categories?post=344154"},{"taxonomy":"post_tag","embeddable":true,"href":"https:\/\/www.europesays.com\/fr\/wp-json\/wp\/v2\/tags?post=344154"}],"curies":[{"name":"wp","href":"https:\/\/api.w.org\/{rel}","templated":true}]}}