{"id":344156,"date":"2025-08-26T02:08:22","date_gmt":"2025-08-26T02:08:22","guid":{"rendered":"https:\/\/www.europesays.com\/fr\/344156\/"},"modified":"2025-08-26T02:08:22","modified_gmt":"2025-08-26T02:08:22","slug":"dilane-bakwa-en-passe-de-quitter-le-rc-strasbourg-une-enorme-offre-est-tombee","status":"publish","type":"post","link":"https:\/\/www.europesays.com\/fr\/344156\/","title":{"rendered":"Dilane Bakwa en passe de quitter le RC Strasbourg ? Une \u00e9norme offre est tomb\u00e9e !"},"content":{"rendered":"<p>\t\t\t\t\t Arriv\u00e9 de Bordeaux \u00e0 l\u2019\u00e9t\u00e9 2023 contre 10 M\u20ac, Dilane Bakwa s\u2019est rapidement impos\u00e9 comme l\u2019une des principales armes offensives du Racing. Auteur d\u2019une derni\u00e8re saison solide (6 buts, 9 passes d\u00e9cisives en Ligue 1), l\u2019international Espoirs est devenu indispensable dans l\u2019effectif de Liam Rosenior. Prolong\u00e9 jusqu\u2019en 2027, Bakwa a vu sa valeur grimper gr\u00e2ce \u00e0 ses performances, attisant la convoitise de plusieurs clubs anglais, notamment Nottingham Forest, tr\u00e8s insistant depuis juillet. <\/p>\n<p>Soutenu par le consortium BlueCo (\u00e9galement propri\u00e9taire de Chelsea), Strasbourg entend profiter de sa puissance financi\u00e8re pour ne pas brader son joyau, tout en restant ouvert \u00e0 un d\u00e9part si le montant demand\u00e9 est align\u00e9. \u00ab\u00a0Strasbourg compte conserver Dilane sauf en cas d\u2019offre atteignant 35 millions d\u2019euros\u00a0\u00bb, explique ainsi L\u2019\u00c9quipe, r\u00e9sumant la position ferme des Alsaciens.\n\t\t\t\t <\/p>\n","protected":false},"excerpt":{"rendered":"Arriv\u00e9 de Bordeaux \u00e0 l\u2019\u00e9t\u00e9 2023 contre 10 M\u20ac, Dilane Bakwa s\u2019est rapidement impos\u00e9 comme l\u2019une des principales&hellip;\n","protected":false},"author":2,"featured_media":344157,"comment_status":"","ping_status":"","sticky":false,"template":"","format":"standard","meta":{"footnotes":""},"categories":[2820],"tags":[1111,11,1777,674,1011,27,775,12,25,640],"class_list":{"0":"post-344156","1":"post","2":"type-post","3":"status-publish","4":"format-standard","5":"has-post-thumbnail","7":"category-strasbourg","8":"tag-actu","9":"tag-actualites","10":"tag-eu","11":"tag-europe","12":"tag-fr","13":"tag-france","14":"tag-grand-est","15":"tag-news","16":"tag-republique-francaise","17":"tag-strasbourg"},"share_on_mastodon":{"url":"https:\/\/pubeurope.com\/@fr\/115092632748209142","error":""},"_links":{"self":[{"href":"https:\/\/www.europesays.com\/fr\/wp-json\/wp\/v2\/posts\/344156","targetHints":{"allow":["GET"]}}],"collection":[{"href":"https:\/\/www.europesays.com\/fr\/wp-json\/wp\/v2\/posts"}],"about":[{"href":"https:\/\/www.europesays.com\/fr\/wp-json\/wp\/v2\/types\/post"}],"author":[{"embeddable":true,"href":"https:\/\/www.europesays.com\/fr\/wp-json\/wp\/v2\/users\/2"}],"replies":[{"embeddable":true,"href":"https:\/\/www.europesays.com\/fr\/wp-json\/wp\/v2\/comments?post=344156"}],"version-history":[{"count":0,"href":"https:\/\/www.europesays.com\/fr\/wp-json\/wp\/v2\/posts\/344156\/revisions"}],"wp:featuredmedia":[{"embeddable":true,"href":"https:\/\/www.europesays.com\/fr\/wp-json\/wp\/v2\/media\/344157"}],"wp:attachment":[{"href":"https:\/\/www.europesays.com\/fr\/wp-json\/wp\/v2\/media?parent=344156"}],"wp:term":[{"taxonomy":"category","embeddable":true,"href":"https:\/\/www.europesays.com\/fr\/wp-json\/wp\/v2\/categories?post=344156"},{"taxonomy":"post_tag","embeddable":true,"href":"https:\/\/www.europesays.com\/fr\/wp-json\/wp\/v2\/tags?post=344156"}],"curies":[{"name":"wp","href":"https:\/\/api.w.org\/{rel}","templated":true}]}}