{"id":344161,"date":"2025-08-26T02:12:37","date_gmt":"2025-08-26T02:12:37","guid":{"rendered":"https:\/\/www.europesays.com\/fr\/344161\/"},"modified":"2025-08-26T02:12:37","modified_gmt":"2025-08-26T02:12:37","slug":"nantes-une-femme-se-jette-du-pont-de-chevire-devant-sa-mere-linfo-re","status":"publish","type":"post","link":"https:\/\/www.europesays.com\/fr\/344161\/","title":{"rendered":"Nantes : une femme se jette du pont de Chevir\u00e9 devant sa m\u00e8re &#8211; LINFO.re"},"content":{"rendered":"<p>\u00c0 Nantes, une femme a mis fin \u00e0 ses jours dimanche 24 aout en se jetant du pont de Chevir\u00e9, d\u2019une hauteur de plus de cinquante m\u00e8tres.<\/p>\n<p>\t\t\t\t\t\t<strong>Un geste dramatique sur le pont de Chevir\u00e9<\/strong><\/p>\n<p>Dimanche apr\u00e8s-midi, aux environs de 16 heures, le trafic \u00e9tait particuli\u00e8rement dense sur le <strong>pont de Chevir\u00e9<\/strong> \u00e0 <strong>Nantes<\/strong>. C\u2019est dans ce contexte qu\u2019un v\u00e9hicule s\u2019est immobilis\u00e9, avant qu\u2019une femme d\u2019une soixantaine d\u2019ann\u00e9es en descende et se jette dans la Loire depuis l\u2019ouvrage, haut de plus de cinquante m\u00e8tres. Rapidement alert\u00e9s, treize sapeurs-pompiers et cinq engins ont \u00e9t\u00e9 d\u00e9ploy\u00e9s sur place pour lancer les recherches. Malgr\u00e9 les moyens engag\u00e9s, les op\u00e9rations men\u00e9es dans le fleuve n\u2019ont donn\u00e9 aucun r\u00e9sultat et, \u00e0 la tomb\u00e9e de la nuit, la victime n\u2019avait toujours pas \u00e9t\u00e9 localis\u00e9e.<\/p>\n<p>&gt; \u00c0 lire aussi\u00a0: <a href=\"https:\/\/www.linfo.re\/france\/faits-divers\/nantes-une-vague-d-agressions-homophobes-inquiete-les-autorites\" target=\"_blank\" rel=\"nofollow noopener\"><strong>Nantes\u00a0: une vague d\u2019agressions homophobes inqui\u00e8te les autorit\u00e9s<\/strong><\/a><\/p>\n<p><strong>Un drame sous les yeux de sa m\u00e8re<\/strong><\/p>\n<p>Selon les premi\u00e8res informations, la femme n\u2019\u00e9tait pas seule au moment des faits. Sa m\u00e8re, rest\u00e9e \u00e0 bord du v\u00e9hicule, a assist\u00e9 \u00e0 la sc\u00e8ne sans pouvoir intervenir. Ce nouveau drame s\u2019ajoute \u00e0 une s\u00e9rie d\u2019\u00e9v\u00e9nements similaires sur le <strong>pont de Chevir\u00e9<\/strong>, tristement marqu\u00e9 ces derniers mois par plusieurs gestes d\u00e9sesp\u00e9r\u00e9s.<\/p>\n<p>&gt; Toute l\u2019<a href=\"https:\/\/www.linfo.re\/france\" target=\"_blank\" rel=\"nofollow noopener\"><strong>actualit\u00e9 en France sur LINFO.re<\/strong><\/a><\/p>\n<p>Sources\u00a0: 20 Minutes, Presse Oc\u00e9an<\/p>\n","protected":false},"excerpt":{"rendered":"\u00c0 Nantes, une femme a mis fin \u00e0 ses jours dimanche 24 aout en se jetant du pont&hellip;\n","protected":false},"author":2,"featured_media":344162,"comment_status":"","ping_status":"","sticky":false,"template":"","format":"standard","meta":{"footnotes":""},"categories":[2818],"tags":[1111,47,11,1777,674,118,1011,27,1922,766,12,2636,25],"class_list":{"0":"post-344161","1":"post","2":"type-post","3":"status-publish","4":"format-standard","5":"has-post-thumbnail","7":"category-nantes","8":"tag-actu","9":"tag-actualite","10":"tag-actualites","11":"tag-eu","12":"tag-europe","13":"tag-faits-divers","14":"tag-fr","15":"tag-france","16":"tag-info","17":"tag-nantes","18":"tag-news","19":"tag-pays-de-la-loire","20":"tag-republique-francaise"},"share_on_mastodon":{"url":"https:\/\/pubeurope.com\/@fr\/115092648369074241","error":""},"_links":{"self":[{"href":"https:\/\/www.europesays.com\/fr\/wp-json\/wp\/v2\/posts\/344161","targetHints":{"allow":["GET"]}}],"collection":[{"href":"https:\/\/www.europesays.com\/fr\/wp-json\/wp\/v2\/posts"}],"about":[{"href":"https:\/\/www.europesays.com\/fr\/wp-json\/wp\/v2\/types\/post"}],"author":[{"embeddable":true,"href":"https:\/\/www.europesays.com\/fr\/wp-json\/wp\/v2\/users\/2"}],"replies":[{"embeddable":true,"href":"https:\/\/www.europesays.com\/fr\/wp-json\/wp\/v2\/comments?post=344161"}],"version-history":[{"count":0,"href":"https:\/\/www.europesays.com\/fr\/wp-json\/wp\/v2\/posts\/344161\/revisions"}],"wp:featuredmedia":[{"embeddable":true,"href":"https:\/\/www.europesays.com\/fr\/wp-json\/wp\/v2\/media\/344162"}],"wp:attachment":[{"href":"https:\/\/www.europesays.com\/fr\/wp-json\/wp\/v2\/media?parent=344161"}],"wp:term":[{"taxonomy":"category","embeddable":true,"href":"https:\/\/www.europesays.com\/fr\/wp-json\/wp\/v2\/categories?post=344161"},{"taxonomy":"post_tag","embeddable":true,"href":"https:\/\/www.europesays.com\/fr\/wp-json\/wp\/v2\/tags?post=344161"}],"curies":[{"name":"wp","href":"https:\/\/api.w.org\/{rel}","templated":true}]}}