{"id":344169,"date":"2025-08-26T02:16:28","date_gmt":"2025-08-26T02:16:28","guid":{"rendered":"https:\/\/www.europesays.com\/fr\/344169\/"},"modified":"2025-08-26T02:16:28","modified_gmt":"2025-08-26T02:16:28","slug":"lens-se-relance-au-havre-toulouse-enchaine-face-a-brest-emegha-porte-strasbourg","status":"publish","type":"post","link":"https:\/\/www.europesays.com\/fr\/344169\/","title":{"rendered":"Lens se relance au Havre, Toulouse encha\u00eene face \u00e0 Brest, Emegha porte Strasbourg"},"content":{"rendered":"<p>La 2e journ\u00e9e de <a href=\"https:\/\/www.footmercato.net\/france\/ligue-1\/\" rel=\"nofollow noopener\" target=\"_blank\">Ligue 1<\/a> se poursuivait ce dimanche avec le traditionnel multiplex et trois rencontres programm\u00e9es \u00e0 17h15. D\u00e9fait par l\u2019AS Monaco le week-end dernier, le Havre recevait le RC <a href=\"https:\/\/www.footmercato.net\/club\/racing-club-de-lens\/\" rel=\"nofollow noopener\" target=\"_blank\">Lens<\/a>, en qu\u00eate de rachat apr\u00e8s le revers conc\u00e9d\u00e9 face \u00e0 l\u2019OL. Organis\u00e9s en 4-2-3-1 avec Samatta en pointe et Seko positionn\u00e9 en sentinelle, les Havrais ne tardaient pas \u00e0 s\u2019illustrer mais Soumar\u00e9 voyait sa t\u00eate repouss\u00e9e par Risser (3e). Align\u00e9s en 3-4-3 avec Thauvin, Sa\u00efd et le jeune Fofana en attaque, les Lensois r\u00e9agissaient dans la foul\u00e9e. Lanc\u00e9 par Thauvin, Udol voyait son centre d\u00e9vi\u00e9 par la main de Sangante et Guillaume Paradis accordait un penalty aux Sang et Or. Sans trembler, Sa\u00efd transformait la sentence et ouvrait le score (0-1, 9e). <\/p>\n<p>            La suite apr\u00e8s cette publicit\u00e9<\/p>\n<p>        Lens retrouve le sourire \u00e0 Oc\u00e9ane<\/p>\n<p>Puni sur la premi\u00e8re offensive lensoise, le HAC tentait de r\u00e9agir. Trouv\u00e9 par Kechta, Samatta armait une lourde frappe \u00e0 ras de terre mais Risser brillait encore (12e). Encore pr\u00e9sent pour repousser la tentative de Fod\u00e9 Doucour\u00e9, le portier lensois pr\u00e9servait l\u2019avantage des siens (14e). Toujours aussi tranchant, le club normand poursuivait son entreprise mais Kechta, lanc\u00e9 par Doucour\u00e9, \u00e9tait encore repris par Gradit (23e). Malgr\u00e9 de nombreuses situations en fin de premi\u00e8re p\u00e9riode (33e, 38e), les Ciel et Marine craquaient \u00e0 nouveau sur l\u2019une des rares offensives lensoises. Envoy\u00e9 en profondeur par Thomasson, Sa\u00efd temporisait avant de d\u00e9caler Fofana qui trompait Diaw d\u2019une frappe crois\u00e9e chirurgicale (0-2, 40e). <\/p>\n<p>Douch\u00e9 sur chaque attaque du RCL, le HAC \u00e9tait finalement r\u00e9compens\u00e9 de sa domination globale juste avant la pause. Sur un ballon repouss\u00e9 par la d\u00e9fense art\u00e9sienne, Doucour\u00e9, tr\u00e8s en vue, d\u00e9clenchait une sublime reprise de vol\u00e9e qui trompait Risser (1-2, 45+3e). Au retour des vestiaires, les Normands poussaient pour \u00e9galiser mais butaient sur un bloc lensois solidaire et plus juste techniquement. Si Tour\u00e9, Namli puis Mambimbi faisaient leur apparition apr\u00e8s l\u2019heure de jeu, les Hacmens ne parvenaient finalement jamais \u00e0 faire leur retard malgr\u00e9 une derni\u00e8re situation litigieuse entre Mambimbi et Sarr dans la surface lensoise. Une d\u00e9faite frustrante (1-2) au regard de la prestation collective des hommes de Didier Digard.<\/p>\n<p>            La suite apr\u00e8s cette publicit\u00e9<\/p>\n<p>        Magri porte Toulouse, Emegha lib\u00e8re Strasbourg<\/p>\n<p>Dans les autres rencontres de l\u2019apr\u00e8s-midi, <a href=\"https:\/\/www.footmercato.net\/club\/rc-strasbourg-alsace\/\" rel=\"nofollow noopener\" target=\"_blank\">Strasbourg<\/a>, tombeur de Metz lors de la premi\u00e8re journ\u00e9e, d\u00e9fiait le FC <a href=\"https:\/\/www.footmercato.net\/club\/fc-nantes\/\" rel=\"nofollow noopener\" target=\"_blank\">Nantes<\/a>, battu par le PSG le week-end dernier. Dominateur au cours du premier acte, le RCSA ne parvenait toutefois pas \u00e0 trouver la faille et \u00e9tait m\u00eame tout proche de c\u00e9der juste avant la pause. Sur un ballon d\u00e9gag\u00e9 plein axe, Benhattan d\u00e9calait Guirassy mais ce dernier voyait sa frappe crois\u00e9e d\u00e9tourn\u00e9e par la jambe droite de Johnsson (45e). En seconde p\u00e9riode, Emegha faisait son apparition et Strasbourg maintenait la pression. Si Paez et Lemar\u00e9chal s\u2019illustraient tour \u00e0 tour (64e), c\u2019est finalement Emegha qui lib\u00e9rait les siens. Coupable d\u2019un \u00e9norme rat\u00e9 en envoyant le ballon au-dessus du but malgr\u00e9 une position id\u00e9ale (80e), le buteur strasbourgeois se rattrapait sur l\u2019action suivante en pla\u00e7ant une t\u00eate d\u00e9crois\u00e9e dans le petit filet oppos\u00e9 (1-0, 81e). Score final : 1-0. <\/p>\n<p>Enfin, <a href=\"https:\/\/www.footmercato.net\/club\/tfc\/\" rel=\"nofollow noopener\" target=\"_blank\">Toulouse<\/a> et <a href=\"https:\/\/www.footmercato.net\/club\/stade-brestois-29\/\" rel=\"nofollow noopener\" target=\"_blank\">Brest<\/a> se d\u00e9fiaient au Stadium. Si le SB29 prenait rapidement le contr\u00f4le des op\u00e9rations et se signalait par l\u2019interm\u00e9diaire de Bald\u00e9 (11e, 16e), les Violets s\u2019enhardissaient et frappaient \u00e0 leur tour. Sur un centre de Gboho, Donnum pla\u00e7ait une puissante t\u00eate qui trouvait la barre de Majecki (45+2e). Au retour des vestiaires, Magri lib\u00e9rait finalement le TFC sur une belle frappe du droit (1-0, 53e) avant de faire le break en solitaire (2-0, 65e). Suffisant pour confirmer le bon d\u00e9but de saison des hommes de Carles Martinez Novell, d\u00e9j\u00e0 tombeurs de l\u2019OGC Nice la semaine pass\u00e9e. Au <a href=\"https:\/\/www.footmercato.net\/france\/ligue-1\/classement\" rel=\"nofollow noopener\" target=\"_blank\">classement<\/a>, le RC Lens remonte au 9e rang. Toulouse et Strasbourg sont respectivement 2e et 4e alors que le HAC pointe \u00e0 la 16e place, juste derri\u00e8re Brest.<\/p>\n<p>            La suite apr\u00e8s cette publicit\u00e9<\/p>\n<p>        Tous les r\u00e9sultats de 17h15<\/p>\n<p>Le Havre 1-2 <strong>Lens<\/strong> : Doucour\u00e9 (45+3e) \/ Sa\u00efd (9e, sp) et Fofana (40e)<\/p>\n<p><strong>Strasbourg<\/strong> 1-0 Nantes : Emegha (81e)<\/p>\n<p><strong>Toulouse<\/strong> 2-0 Brest : Magri (53e, 65e)<\/p>\n<p>\n    Pub. le 24\/08\/2025 19:16<br \/>\n            &#8211; MAJ le 25\/08\/2025 13:40\n    <\/p>\n","protected":false},"excerpt":{"rendered":"La 2e journ\u00e9e de Ligue 1 se poursuivait ce dimanche avec le traditionnel multiplex et trois rencontres programm\u00e9es&hellip;\n","protected":false},"author":2,"featured_media":344170,"comment_status":"","ping_status":"","sticky":false,"template":"","format":"standard","meta":{"footnotes":""},"categories":[2816],"tags":[1111,11,1777,674,1011,27,12,2680,25,2312],"class_list":{"0":"post-344169","1":"post","2":"type-post","3":"status-publish","4":"format-standard","5":"has-post-thumbnail","7":"category-toulouse","8":"tag-actu","9":"tag-actualites","10":"tag-eu","11":"tag-europe","12":"tag-fr","13":"tag-france","14":"tag-news","15":"tag-occitanie","16":"tag-republique-francaise","17":"tag-toulouse"},"share_on_mastodon":{"url":"https:\/\/pubeurope.com\/@fr\/115092664166667360","error":""},"_links":{"self":[{"href":"https:\/\/www.europesays.com\/fr\/wp-json\/wp\/v2\/posts\/344169","targetHints":{"allow":["GET"]}}],"collection":[{"href":"https:\/\/www.europesays.com\/fr\/wp-json\/wp\/v2\/posts"}],"about":[{"href":"https:\/\/www.europesays.com\/fr\/wp-json\/wp\/v2\/types\/post"}],"author":[{"embeddable":true,"href":"https:\/\/www.europesays.com\/fr\/wp-json\/wp\/v2\/users\/2"}],"replies":[{"embeddable":true,"href":"https:\/\/www.europesays.com\/fr\/wp-json\/wp\/v2\/comments?post=344169"}],"version-history":[{"count":0,"href":"https:\/\/www.europesays.com\/fr\/wp-json\/wp\/v2\/posts\/344169\/revisions"}],"wp:featuredmedia":[{"embeddable":true,"href":"https:\/\/www.europesays.com\/fr\/wp-json\/wp\/v2\/media\/344170"}],"wp:attachment":[{"href":"https:\/\/www.europesays.com\/fr\/wp-json\/wp\/v2\/media?parent=344169"}],"wp:term":[{"taxonomy":"category","embeddable":true,"href":"https:\/\/www.europesays.com\/fr\/wp-json\/wp\/v2\/categories?post=344169"},{"taxonomy":"post_tag","embeddable":true,"href":"https:\/\/www.europesays.com\/fr\/wp-json\/wp\/v2\/tags?post=344169"}],"curies":[{"name":"wp","href":"https:\/\/api.w.org\/{rel}","templated":true}]}}