{"id":344177,"date":"2025-08-26T02:20:14","date_gmt":"2025-08-26T02:20:14","guid":{"rendered":"https:\/\/www.europesays.com\/fr\/344177\/"},"modified":"2025-08-26T02:20:14","modified_gmt":"2025-08-26T02:20:14","slug":"marseille-marseille-concerts-alexandre-kantorow-en-recital-exceptionnel","status":"publish","type":"post","link":"https:\/\/www.europesays.com\/fr\/344177\/","title":{"rendered":"MARSEILLE : Marseille Concerts &#8211; Alexandre KANTOROW en r\u00e9cital exceptionnel"},"content":{"rendered":"<p><strong>Alexandre Kantorow, pianiste de renomm\u00e9e internationale, se produira \u00e0 Marseille le 16 f\u00e9vrier 2025.<\/strong><\/p>\n<p>Retrouvailles avec le public mais aussi avec\u00a0<strong>des artistes form\u00e9s ici, r\u00e9v\u00e9l\u00e9s ici, et aujourd\u2019hui c\u00e9l\u00e9br\u00e9s partout qui reviennent jouer \u00e0\u00a0Marseille\u00a0avec bonheur.<\/strong><\/p>\n<p style=\"font-weight: 400\"><strong>Une\u00a0saison\u00a0ancr\u00e9e sur le territoire, tourn\u00e9e vers l\u2019excellence :<\/strong><\/p>\n<p style=\"font-weight: 400\">\u2013 Le clarinettiste\u00a0<strong>Pierre G\u00e9nisson<\/strong>, enfant du pays, revient en duo avec David Kadouch au Pharo (20 septembre) avec Schumann, Brahms et Saint-Sa\u00ebns.<br \/>\u2013 Le contre-t\u00e9nor\u00a0<strong>R\u00e9my Br\u00e8s-Feuillet<\/strong>, ancien \u00e9l\u00e8ve du Conservatoire Pierre-Barbizet, interpr\u00e8te un bouleversant\u00a0Stabat Mater\u00a0avec\u00a0son\u00a0Ensemble\u00a0La\u00a0Palatine (14 octobre).<br \/>\u2013 Le\u00a0<strong>Quatuor Agate<\/strong>, dont deux membres sont issus de l\u2019\u00e9cole marseillaise, se produit au Pharo le 7 f\u00e9vrier.<br \/>\u2013\u00a0<strong>Salom\u00e9 Gasselin<\/strong>, Victoire de\u00a0la\u00a0R\u00e9v\u00e9lation 2024 et cr\u00e9atrice de\u00a0la\u00a0classe de viole au conservatoire de\u00a0Marseille\u00a0(21 mars).<br \/>\u2013\u00a0La\u00a0<strong>Compagnie Nine Spirit<\/strong>, fond\u00e9e par Rapha\u00ebl Imbert, f\u00eate ses 25 ans \u00e0\u00a0La\u00a0Cri\u00e9e avec une grande soir\u00e9e\u00a0Shake the Spirits\u00a0m\u00ealant jazz, baroque et cr\u00e9ations (18 mai).<\/p>\n<p style=\"font-weight: 400\"><strong>Et bien s\u00fbr, des stars au sommet de leur art, complices de longue date ou invit\u00e9es exceptionnelles :<\/strong><\/p>\n<p style=\"font-weight: 400\">\u2013\u00a0<strong>Khatia Buniatishvili<\/strong>,\u00a0la\u00a0pianiste ph\u00e9nom\u00e8ne, en r\u00e9cital \u00e0 l\u2019Op\u00e9ra (5 novembre), pour un rendez-vous rare et pr\u00e9cieux.\u00a0Sa premi\u00e8re \u00e0\u00a0Marseille<br \/>\u2013\u00a0<strong>Natalie Dessay et Laurent Naouri<\/strong>, entour\u00e9s de leurs enfants, c\u00e9l\u00e8brent\u00a0la\u00a0com\u00e9die musicale am\u00e9ricaine dans\u00a0Family Business\u00a0\u00e0 l\u2019Od\u00e9on (28 janvier).<br \/>\u2013\u00a0<strong>Alexandre Kantorow<\/strong>, pianiste star que\u00a0Marseille Concerts\u00a0suit depuis ses d\u00e9buts. Il revient \u00e0\u00a0La\u00a0Cri\u00e9e (16 f\u00e9vrier) avec un r\u00e9cital exceptionnel,\u00a0un concert hommage aux liens tiss\u00e9s avec\u00a0l\u2019association\u00a0depuis ses jeunes ann\u00e9es\u00a0en\u00a0pr\u00e9lude aux 40 ans de\u00a0Marseille Concerts.<\/p>\n<p>Les artistes invit\u00e9s partagent tous une m\u00eame envie : faire vibrer Marseille, dans des salles o\u00f9 l\u2019\u00e9motion circule \u00e0 chaque mesure. Et toujours la volont\u00e9 de faire dialoguer les g\u00e9n\u00e9rations, les styles et les lieux, avec des concerts \u00e0 l\u2019Op\u00e9ra, \u00e0 La Cri\u00e9e, au Pharo, dans les quartiers, et m\u00eame hors les murs, pour que la musique se partage partout, avec tous.<\/p>\n<p style=\"font-weight: 400\">\u00a0<strong>Feuilletez\u00a0la\u00a0brochure compl\u00e8te en ligne :<br \/><\/strong>\u00a0<a href=\"https:\/\/bit.ly\/MarseilleConcertsSaison25-26\" data-saferedirecturl=\"https:\/\/www.google.com\/url?q=https:\/\/bit.ly\/MarseilleConcertsSaison25-26&amp;source=gmail&amp;ust=1756200318381000&amp;usg=AOvVaw3zdJzVqdO2QARwTlQFnYZO\" rel=\"nofollow noopener\" target=\"_blank\">https:\/\/bit.ly\/MarseilleConcertsSaison25-26<\/a><\/p>\n<p>En pr\u00e9lude aux quarante ans de Marseille Concerts, nous avons la grande joie de vous annoncer un r\u00e9cital exceptionnel du pianiste Alexandre Kantorow que notre association suit depuis ses d\u00e9buts. C\u2019\u00e9tait \u00e0 la Folle Journ\u00e9e de Nantes, il avait tout juste seize ans et n\u2019a pas tard\u00e9 \u00e0 venir nous voir. Apr\u00e8s la mort de Robert Fouchet, Alexandre et son p\u00e8re, le violoniste Jean-Jacques Kantorow, \u00e9taient sur la sc\u00e8ne du th\u00e9\u00e2tre de la Cri\u00e9e pour lui dire un dernier adieu avec les sonates de Franck et Brahms.<\/p>\n<p>Depuis qu\u2019il a remport\u00e9 le premier prix et la m\u00e9daille d\u2019or du Concours international Tcha\u00efkovski de Moscou, Alexandre Kantorow est une star internationale. Nous aurons la chance de l\u2019entendre dans la derni\u00e8re sonate de Beethoven qui atteint une dimension cosmique. Un concert \u00e0 marquer d\u2019une pierre blanche.<\/p>\n<p><strong>PROGRAMME<\/strong><br \/>\u2013 BACH \u2013 LISZT : Weinen, Klagen, Sorgen, Zagen S. 180<br \/>\u2013 MEDTNER : Sonate op. 5<br \/>\u2013 CHOPIN<br \/>\u2013 SCRIABINE : Sonate n\u00b010<br \/>\u2013 BEETHOVEN : Sonate pour piano n\u00b032 op. 111<br \/>\u2013 Pr\u00e9lude op. 45<\/p>\n<p><strong>Tarifs : 6 \u00e0 38 euros<\/strong><\/p>\n<p><strong>Source : La saison 2025\u20132026 de Marseille Concerts sera celle des retrouvailles.<\/strong><\/p>\n","protected":false},"excerpt":{"rendered":"Alexandre Kantorow, pianiste de renomm\u00e9e internationale, se produira \u00e0 Marseille le 16 f\u00e9vrier 2025. Retrouvailles avec le public&hellip;\n","protected":false},"author":2,"featured_media":344178,"comment_status":"","ping_status":"","sticky":false,"template":"","format":"standard","meta":{"footnotes":""},"categories":[2814],"tags":[1111,11,1777,674,1011,27,884,12,882,25],"class_list":{"0":"post-344177","1":"post","2":"type-post","3":"status-publish","4":"format-standard","5":"has-post-thumbnail","7":"category-marseille","8":"tag-actu","9":"tag-actualites","10":"tag-eu","11":"tag-europe","12":"tag-fr","13":"tag-france","14":"tag-marseille","15":"tag-news","16":"tag-provence-alpes-cote-dazur","17":"tag-republique-francaise"},"share_on_mastodon":{"url":"https:\/\/pubeurope.com\/@fr\/115092679960417685","error":""},"_links":{"self":[{"href":"https:\/\/www.europesays.com\/fr\/wp-json\/wp\/v2\/posts\/344177","targetHints":{"allow":["GET"]}}],"collection":[{"href":"https:\/\/www.europesays.com\/fr\/wp-json\/wp\/v2\/posts"}],"about":[{"href":"https:\/\/www.europesays.com\/fr\/wp-json\/wp\/v2\/types\/post"}],"author":[{"embeddable":true,"href":"https:\/\/www.europesays.com\/fr\/wp-json\/wp\/v2\/users\/2"}],"replies":[{"embeddable":true,"href":"https:\/\/www.europesays.com\/fr\/wp-json\/wp\/v2\/comments?post=344177"}],"version-history":[{"count":0,"href":"https:\/\/www.europesays.com\/fr\/wp-json\/wp\/v2\/posts\/344177\/revisions"}],"wp:featuredmedia":[{"embeddable":true,"href":"https:\/\/www.europesays.com\/fr\/wp-json\/wp\/v2\/media\/344178"}],"wp:attachment":[{"href":"https:\/\/www.europesays.com\/fr\/wp-json\/wp\/v2\/media?parent=344177"}],"wp:term":[{"taxonomy":"category","embeddable":true,"href":"https:\/\/www.europesays.com\/fr\/wp-json\/wp\/v2\/categories?post=344177"},{"taxonomy":"post_tag","embeddable":true,"href":"https:\/\/www.europesays.com\/fr\/wp-json\/wp\/v2\/tags?post=344177"}],"curies":[{"name":"wp","href":"https:\/\/api.w.org\/{rel}","templated":true}]}}