{"id":344190,"date":"2025-08-26T02:29:16","date_gmt":"2025-08-26T02:29:16","guid":{"rendered":"https:\/\/www.europesays.com\/fr\/344190\/"},"modified":"2025-08-26T02:29:16","modified_gmt":"2025-08-26T02:29:16","slug":"francais-detenu-en-russie-langoisse-des-parents-de-laurent-vinatier-journal-de-20-heures","status":"publish","type":"post","link":"https:\/\/www.europesays.com\/fr\/344190\/","title":{"rendered":"Fran\u00e7ais d\u00e9tenu en Russie : l&rsquo;angoisse des parents de Laurent Vinatier &#8211; Journal de 20 heures"},"content":{"rendered":"<p id=\"descriptionPanel\" class=\"text-secondary mr-2 line-clamp-2 pr-2.5 overflow-visible\">Le chercheur fran\u00e7ais Laurent Vinatier, d\u00e9tenu en Russie depuis juin 2024, a comparu ce lundi 25 ao\u00fbt \u00e0 huis clos devant un tribunal de Moscou. Il est accus\u00e9 d\u2019espionnage et risque une peine de 20 ans de prison. Il se dit otage du pouvoir russe. Quand ses parents seront-ils fix\u00e9s sur son sort ? Une \u00e9ni\u00e8me audience, mais il n\u2019y a toujours pas de r\u00e9ponse. Leur espoir repose sur une pression politique ou une hypoth\u00e9tique am\u00e9lioration des relations franco-russes. <\/p>\n<p>TF1 | Reportage F. DE JUVIGNY, C. NIEULAC<\/p>\n<p>Afficher la version longue du r\u00e9sum\u00e9<a class=\"shrink-0\" href=\"https:\/\/www.tf1.fr\/tf1\/jt-20h\" target=\"_blank\" rel=\"noopener\"><img decoding=\"async\" src=\"https:\/\/www.europesays.com\/fr\/wp-content\/uploads\/2025\/07\/flux-program-card-portrait-1-jt20h-btcb-f6f521-de0119-4109ab-0@1x.jpg\" width=\"138\" height=\"184\" alt=\"\" loading=\"eager\" fetchpriority=\"auto\" class=\"rounded-3px aspect-[3\/4] h-24 w-auto\" aria-hidden=\"true\"\/><\/a><\/p>\n","protected":false},"excerpt":{"rendered":"Le chercheur fran\u00e7ais Laurent Vinatier, d\u00e9tenu en Russie depuis juin 2024, a comparu ce lundi 25 ao\u00fbt \u00e0&hellip;\n","protected":false},"author":2,"featured_media":344191,"comment_status":"","ping_status":"","sticky":false,"template":"","format":"standard","meta":{"footnotes":""},"categories":[1591],"tags":[11,3483,3697,41323,41321,1887,3699,3698,41324,41329,41333,41322,41330,41334,41327,41326,12,1885,1886,132,41331,41332,3701,41328,3700,41325],"class_list":{"0":"post-344190","1":"post","2":"type-post","3":"status-publish","4":"format-standard","5":"has-post-thumbnail","7":"category-russie","8":"tag-actualites","9":"tag-extrait","10":"tag-extrait-journal-de-20-heures","11":"tag-extrait-journal-de-20-heures-tf1","12":"tag-extrait-tf1","13":"tag-federation-de-russie","14":"tag-journal-de-20-heures","15":"tag-journal-de-20-heures-extrait","16":"tag-journal-de-20-heures-extrait-tf1","17":"tag-journal-de-20-heures-streaming","18":"tag-journal-de-20-heures-streaming-gratuit","19":"tag-journal-de-20-heures-tf1","20":"tag-journal-de-20-heures-tf1-streaming","21":"tag-journal-de-20-heures-tf1-streaming-gratuit","22":"tag-journal-de-20-heures-tf1-video","23":"tag-journal-de-20-heures-video","24":"tag-news","25":"tag-russia","26":"tag-russian-federation","27":"tag-russie","28":"tag-streaming-gratuit-journal-de-20-heures","29":"tag-streaming-gratuit-journal-de-20-heures-tf1","30":"tag-streaming-journal-de-20-heures","31":"tag-streaming-journal-de-20-heures-tf1","32":"tag-video-journal-de-20-heures","33":"tag-video-journal-de-20-heures-tf1"},"share_on_mastodon":{"url":"","error":"Validation failed: Text character limit of 500 exceeded"},"_links":{"self":[{"href":"https:\/\/www.europesays.com\/fr\/wp-json\/wp\/v2\/posts\/344190","targetHints":{"allow":["GET"]}}],"collection":[{"href":"https:\/\/www.europesays.com\/fr\/wp-json\/wp\/v2\/posts"}],"about":[{"href":"https:\/\/www.europesays.com\/fr\/wp-json\/wp\/v2\/types\/post"}],"author":[{"embeddable":true,"href":"https:\/\/www.europesays.com\/fr\/wp-json\/wp\/v2\/users\/2"}],"replies":[{"embeddable":true,"href":"https:\/\/www.europesays.com\/fr\/wp-json\/wp\/v2\/comments?post=344190"}],"version-history":[{"count":0,"href":"https:\/\/www.europesays.com\/fr\/wp-json\/wp\/v2\/posts\/344190\/revisions"}],"wp:featuredmedia":[{"embeddable":true,"href":"https:\/\/www.europesays.com\/fr\/wp-json\/wp\/v2\/media\/344191"}],"wp:attachment":[{"href":"https:\/\/www.europesays.com\/fr\/wp-json\/wp\/v2\/media?parent=344190"}],"wp:term":[{"taxonomy":"category","embeddable":true,"href":"https:\/\/www.europesays.com\/fr\/wp-json\/wp\/v2\/categories?post=344190"},{"taxonomy":"post_tag","embeddable":true,"href":"https:\/\/www.europesays.com\/fr\/wp-json\/wp\/v2\/tags?post=344190"}],"curies":[{"name":"wp","href":"https:\/\/api.w.org\/{rel}","templated":true}]}}