{"id":344195,"date":"2025-08-26T02:32:09","date_gmt":"2025-08-26T02:32:09","guid":{"rendered":"https:\/\/www.europesays.com\/fr\/344195\/"},"modified":"2025-08-26T02:32:09","modified_gmt":"2025-08-26T02:32:09","slug":"royaume-uni-le-gouvernement-starmer-veut-supprimer-les-peines-de-prison-pour-des-milliers-de-delinquants","status":"publish","type":"post","link":"https:\/\/www.europesays.com\/fr\/344195\/","title":{"rendered":"Royaume-Uni. Le gouvernement Starmer veut supprimer les peines de prison pour des milliers de d\u00e9linquants"},"content":{"rendered":"<p style=\"text-align: justify;\">La Grande-Bretagne s\u2019appr\u00eate \u00e0 vivre un tournant judiciaire majeur. Le gouvernement travailliste de Keir Starmer pr\u00e9sentera dans les prochaines semaines un\u00a0<strong>projet de loi sur les peines de prison<\/strong>\u00a0qui pourrait permettre \u00e0 des milliers de d\u00e9linquants d\u2019\u00e9viter la case prison. Objectif affich\u00e9 : d\u00e9sengorger un syst\u00e8me carc\u00e9ral \u00e0 bout de souffle.<\/p>\n<p>Des peines de moins d\u2019un an remplac\u00e9es par des sanctions alternatives<\/p>\n<p style=\"text-align: justify;\"><a href=\"https:\/\/www.theguardian.com\/society\/2025\/aug\/24\/labour-abolish-most-short-prison-sentences-england-wales\" target=\"_blank\" rel=\"noopener\">Selon\u00a0The Guardian<\/a>, la future loi proposerait que\u00a0<strong>les condamnations allant jusqu\u2019\u00e0 douze mois de prison soient remplac\u00e9es par des peines dites \u00ab communautaires \u00bb<\/strong>. En clair, de nombreux d\u00e9linquants \u2013 qu\u2019il s\u2019agisse de petits trafiquants de drogue, de voleurs ou m\u00eame d\u2019auteurs d\u2019agressions sexuelles mineures \u2013 ne seraient plus incarc\u00e9r\u00e9s.<\/p>\n<p style=\"text-align: justify;\">Les juges, d\u00e9j\u00e0 critiqu\u00e9s pour leur indulgence, pourraient privil\u00e9gier des restrictions comme l\u2019interdiction de fr\u00e9quenter les pubs ou les stades, ou encore le port d\u2019un bracelet \u00e9lectronique.<\/p>\n<p style=\"text-align: justify;\">Le gouvernement justifie sa r\u00e9forme par\u00a0<strong>l\u2019\u00e9tat critique du parc carc\u00e9ral britannique<\/strong>. Dans une d\u00e9claration officielle, Downing Street reconna\u00eet avoir h\u00e9rit\u00e9 d\u2019un syst\u00e8me \u00ab au bord de l\u2019effondrement \u00bb, avec une p\u00e9nurie de cellules qui menace d\u2019interrompre les proc\u00e8s et d\u2019emp\u00eacher les arrestations.<\/p>\n<p style=\"text-align: justify;\">Keir Starmer annonce la cr\u00e9ation de\u00a0<strong>14 000 nouvelles places de prison<\/strong>, dont 2 500 d\u00e9j\u00e0 livr\u00e9es, mais reconna\u00eet que \u00ab construire ne suffira pas \u00bb. Le projet pr\u00e9voit aussi une clause dite de \u00ab bonne conduite \u00bb, qui permettrait \u00e0 certains d\u00e9tenus d\u2019\u00eatre lib\u00e9r\u00e9s apr\u00e8s avoir purg\u00e9 seulement un tiers de leur peine. Les terroristes et les criminels consid\u00e9r\u00e9s comme les plus dangereux seraient exclus de cette mesure.<\/p>\n<p>Les critiques : impunit\u00e9 et laxisme<\/p>\n<p style=\"text-align: justify;\">Cette orientation suscite d\u00e9j\u00e0 des critiques virulentes. Pour beaucoup, il s\u2019agit d\u2019un signal d\u00e9sastreux envoy\u00e9 aux d\u00e9linquants :\u00a0<strong>l\u2019assurance de retrouver la rue presque aussit\u00f4t arr\u00eat\u00e9s<\/strong>. Une perspective jug\u00e9e d\u2019autant plus inqui\u00e9tante que la criminalit\u00e9 violente, en particulier les agressions au couteau, ne cesse d\u2019augmenter dans les grandes villes britanniques. La r\u00e9pression visant les opposants politiques est, par ailleurs, impitoyable.<\/p>\n<p style=\"text-align: justify;\">Face \u00e0 cette strat\u00e9gie jug\u00e9e laxiste,\u00a0<strong>Nigel Farage et son parti Reform UK pr\u00f4nent une ligne diam\u00e9tralement oppos\u00e9e<\/strong>. L\u2019ancien patron du Brexit a promis une politique de \u00ab tol\u00e9rance z\u00e9ro \u00bb, inspir\u00e9e par l\u2019exemple new-yorkais de Rudy Giuliani dans les ann\u00e9es 1990.<\/p>\n<p style=\"text-align: justify;\">Farage propose notamment :<\/p>\n<ul style=\"text-align: justify;\">\n<li>la\u00a0<strong>poursuite syst\u00e9matique de tous les d\u00e9lits<\/strong>, m\u00eame mineurs ;<\/li>\n<li>le renforcement des contr\u00f4les de police par des op\u00e9rations de type\u00a0stop and search\u00a0;<\/li>\n<li>la construction de prisons sur des bases militaires pour isoler imm\u00e9diatement les d\u00e9linquants ;<\/li>\n<li>et, pour r\u00e9duire les co\u00fbts, la possibilit\u00e9 de conclure des accords avec des pays comme\u00a0<strong>El Salvador ou l\u2019Estonie<\/strong>, o\u00f9 l\u2019incarc\u00e9ration est moins ch\u00e8re.<\/li>\n<\/ul>\n<p style=\"text-align: justify;\">Le contraste entre les deux visions est flagrant : d\u2019un c\u00f4t\u00e9, un gouvernement travailliste misant sur la r\u00e9duction des peines de prison et les sanctions alternatives pour r\u00e9pondre \u00e0 la crise carc\u00e9rale ; de l\u2019autre, une droite populiste qui entend\u00a0<strong>durcir le ton et faire de la r\u00e9pression un outil de reconqu\u00eate s\u00e9curitaire<\/strong>.<\/p>\n<p style=\"text-align: justify;\">Ce d\u00e9bat illustre une fracture profonde au Royaume-Uni : faut-il assouplir la justice au risque de l\u2019impunit\u00e9, ou au contraire l\u2019alourdir au prix de moyens financiers consid\u00e9rables ?<\/p>\n<p style=\"text-align: justify;\">Cr\u00e9dit photo : DR<br \/>[cc]\u00a0<a href=\"http:\/\/breizh-info.com\/\" target=\"_blank\" rel=\"noopener\">Breizh-info.com<\/a>, 2025, d\u00e9p\u00eaches libres de copie et de diffusion sous r\u00e9serve de mention et de lien vers la source d\u2019origine<\/p>\n","protected":false},"excerpt":{"rendered":"La Grande-Bretagne s\u2019appr\u00eate \u00e0 vivre un tournant judiciaire majeur. Le gouvernement travailliste de Keir Starmer pr\u00e9sentera dans les&hellip;\n","protected":false},"author":2,"featured_media":344196,"comment_status":"","ping_status":"","sticky":false,"template":"","format":"standard","meta":{"footnotes":""},"categories":[1588],"tags":[11,2950,1777,674,12,806,473,1853,1851,1850,1852],"class_list":{"0":"post-344195","1":"post","2":"type-post","3":"status-publish","4":"format-standard","5":"has-post-thumbnail","7":"category-royaume-uni","8":"tag-actualites","9":"tag-delinquance","10":"tag-eu","11":"tag-europe","12":"tag-news","13":"tag-prison","14":"tag-royaume-uni","15":"tag-royaume-uni-de-grande-bretagne-et-dirlande-du-nord","16":"tag-uk","17":"tag-united-kingdom","18":"tag-united-kingdom-of-great-britain-and-northern-ireland"},"share_on_mastodon":{"url":"https:\/\/pubeurope.com\/@fr\/115092727160419344","error":""},"_links":{"self":[{"href":"https:\/\/www.europesays.com\/fr\/wp-json\/wp\/v2\/posts\/344195","targetHints":{"allow":["GET"]}}],"collection":[{"href":"https:\/\/www.europesays.com\/fr\/wp-json\/wp\/v2\/posts"}],"about":[{"href":"https:\/\/www.europesays.com\/fr\/wp-json\/wp\/v2\/types\/post"}],"author":[{"embeddable":true,"href":"https:\/\/www.europesays.com\/fr\/wp-json\/wp\/v2\/users\/2"}],"replies":[{"embeddable":true,"href":"https:\/\/www.europesays.com\/fr\/wp-json\/wp\/v2\/comments?post=344195"}],"version-history":[{"count":0,"href":"https:\/\/www.europesays.com\/fr\/wp-json\/wp\/v2\/posts\/344195\/revisions"}],"wp:featuredmedia":[{"embeddable":true,"href":"https:\/\/www.europesays.com\/fr\/wp-json\/wp\/v2\/media\/344196"}],"wp:attachment":[{"href":"https:\/\/www.europesays.com\/fr\/wp-json\/wp\/v2\/media?parent=344195"}],"wp:term":[{"taxonomy":"category","embeddable":true,"href":"https:\/\/www.europesays.com\/fr\/wp-json\/wp\/v2\/categories?post=344195"},{"taxonomy":"post_tag","embeddable":true,"href":"https:\/\/www.europesays.com\/fr\/wp-json\/wp\/v2\/tags?post=344195"}],"curies":[{"name":"wp","href":"https:\/\/api.w.org\/{rel}","templated":true}]}}