{"id":344197,"date":"2025-08-26T02:33:26","date_gmt":"2025-08-26T02:33:26","guid":{"rendered":"https:\/\/www.europesays.com\/fr\/344197\/"},"modified":"2025-08-26T02:33:26","modified_gmt":"2025-08-26T02:33:26","slug":"emmanuel-macron-recevra-friedrich-merz-a-bregancon-avant-le-conseil-des-ministres-franco-allemand","status":"publish","type":"post","link":"https:\/\/www.europesays.com\/fr\/344197\/","title":{"rendered":"Emmanuel Macron recevra Friedrich Merz \u00e0 Br\u00e9gan\u00e7on avant le conseil des ministres franco-allemand"},"content":{"rendered":"<p>Emmanuel Macron recevra jeudi 28\u00a0ao\u00fbt \u00e0 d\u00eener <a target=\"_self\" href=\"https:\/\/www.lanouvellerepublique.fr\/a-la-une\/homme-du-passe-jet-prive-et-tabou-brise-qui-est-friedrich-merz-le-futur-chancelier-de-l-allemagne-1740381199\" rel=\"nofollow noopener\">Friedrich Merz<\/a> au fort de Br\u00e9gan\u00e7on, sa r\u00e9sidence d\u2019\u00e9t\u00e9, \u00e0 la veille d\u2019un conseil des ministres franco-allemand au cours duquel les deux pays semblent devoir temporiser sur un projet d\u2019avion europ\u00e9en du futur au c\u0153ur de divergences persistantes.<\/p>\n<p><a target=\"_self\" href=\"https:\/\/www.lanouvellerepublique.fr\/a-la-une\/rencontre-entre-macron-et-merz-le-duo-s-affiche-uni-mais-ne-s-accorde-pas-sur-l-avion-de-combat-du-futur-1753352547\" rel=\"nofollow noopener\">L\u2019invitation du chancelier allemand par le pr\u00e9sident fran\u00e7ais<\/a> dans cette r\u00e9sidence officielle sur la M\u00e9diterran\u00e9e, qui sera l\u2019occasion d\u2019une \u00ab\u00a0discussion en t\u00eate-\u00e0-t\u00eate\u00a0\u00bb, est une \u00ab\u00a0marque d\u2019attention particuli\u00e8re\u00a0\u00bb et m\u00eame un \u00ab\u00a0honneur\u00a0\u00bb, a dit lundi l\u2019\u00c9lys\u00e9e \u00e0 des journalistes. C\u2019est la troisi\u00e8me fois seulement qu\u2019un chef du gouvernement allemand s\u2019y rend, apr\u00e8s Helmut Kohl invit\u00e9 par Fran\u00e7ois Mitterrand et Angela Merkel par Emmanuel Macron.<\/p>\n<p>Ils \u00e9voqueront les grands sujets diplomatiques du moment, qu\u2019il s\u2019agisse des garanties de s\u00e9curit\u00e9 \u00e0 fournir \u00e0 l\u2019Ukraine dans le cadre d\u2019un \u00e9ventuel accord de paix avec la Russie, du nucl\u00e9aire iranien ou de Gaza. La pr\u00e9sidence fran\u00e7aise a salu\u00e9 lundi sur ces dossiers \u00ab\u00a0la clart\u00e9 et le courage des positions prises par le chancelier\u00a0\u00bb allemand, et \u00ab\u00a0la parfaite co\u00efncidence de nos ambitions et de nos vues\u00a0\u00bb. Et ce en d\u00e9pit d\u2019interrogations sur le niveau de participation de l\u2019Allemagne \u00e0 ces garanties \u00e0 fournir \u00e0 Kiev, et d\u2019une ligne divergente quant \u00e0 <a target=\"_self\" href=\"https:\/\/www.lanouvellerepublique.fr\/a-la-une\/la-france-va-reconnaitre-l-etat-de-palestine-en-septembre-annonce-emmanuel-macron-1753385282\" rel=\"nofollow noopener\">un \u00c9tat de Palestine, que Paris s\u2019appr\u00eate \u00e0 reconna\u00eetre<\/a> mais pas Berlin.<\/p>\n<p>Trois sessions de discussion \u00e0 Toulon<\/p>\n<p>Vendredi, les deux dirigeants se retrouveront avec plusieurs membres de leurs gouvernements \u00e0 Toulon, ville portuaire voisine, pour le premier conseil des ministres franco-allemand depuis l\u2019arriv\u00e9e au pouvoir d\u00e9but mai du conservateur Friedrich Merz \u00e0 Berlin, \u00e0 la t\u00eate d\u2019une coalition avec les sociaux-d\u00e9mocrates. Cette r\u00e9union se d\u00e9composera toute la journ\u00e9e en trois sessions, sur la comp\u00e9titivit\u00e9 europ\u00e9enne d\u2019abord, puis \u00e0 l\u2019heure du d\u00e9jeuner sur la volont\u00e9 de \u00ab\u00a0faire converger\u00a0\u00bb les r\u00e9formes \u00e9conomiques et sociales des deux pays, et enfin en format plus restreint sur les sujets de s\u00e9curit\u00e9 et de d\u00e9fense.<\/p>\n<p>Fin juillet, Emmanuel Macron et Friedrich Merz avaient charg\u00e9 leurs ministres de la D\u00e9fense d\u2019\u00e9valuer avant fin ao\u00fbt les blocages autour de l\u2019avion de combat du futur (Scaf), un projet phare pour la d\u00e9fense europ\u00e9enne, dont le d\u00e9veloppement patine notamment au niveau industriel. Ce sujet sera \u00e9voqu\u00e9 vendredi mais \u00ab\u00a0tout ne sera pas trait\u00e9 en d\u00e9tail au niveau des leaders\u00a0\u00bb, a temporis\u00e9 l\u2019\u00c9lys\u00e9e. \u00ab\u00a0Les difficult\u00e9s passag\u00e8res doivent \u00eatre trait\u00e9es\u00a0\u00bb car \u00ab\u00a0il n\u2019y a pas de plan B\u00a0\u00bb, s\u2019est born\u00e9 \u00e0 dire la pr\u00e9sidence fran\u00e7aise.<\/p>\n","protected":false},"excerpt":{"rendered":"Emmanuel Macron recevra jeudi 28\u00a0ao\u00fbt \u00e0 d\u00eener Friedrich Merz au fort de Br\u00e9gan\u00e7on, sa r\u00e9sidence d\u2019\u00e9t\u00e9, \u00e0 la&hellip;\n","protected":false},"author":2,"featured_media":344198,"comment_status":"","ping_status":"","sticky":false,"template":"","format":"standard","meta":{"footnotes":""},"categories":[1587],"tags":[328,11,672,1804,1805,1803,1073,1777,674,27,329,1801,12,1802],"class_list":{"0":"post-344197","1":"post","2":"type-post","3":"status-publish","4":"format-standard","5":"has-post-thumbnail","7":"category-allemagne","8":"tag-a-la-une","9":"tag-actualites","10":"tag-allemagne","11":"tag-bundesrepublik-deutschland","12":"tag-de","13":"tag-deutschland","14":"tag-emmanuel-macron","15":"tag-eu","16":"tag-europe","17":"tag-france","18":"tag-france-monde","19":"tag-germany","20":"tag-news","21":"tag-republique-federale-dallemagne"},"share_on_mastodon":{"url":"https:\/\/pubeurope.com\/@fr\/115092731034996448","error":""},"_links":{"self":[{"href":"https:\/\/www.europesays.com\/fr\/wp-json\/wp\/v2\/posts\/344197","targetHints":{"allow":["GET"]}}],"collection":[{"href":"https:\/\/www.europesays.com\/fr\/wp-json\/wp\/v2\/posts"}],"about":[{"href":"https:\/\/www.europesays.com\/fr\/wp-json\/wp\/v2\/types\/post"}],"author":[{"embeddable":true,"href":"https:\/\/www.europesays.com\/fr\/wp-json\/wp\/v2\/users\/2"}],"replies":[{"embeddable":true,"href":"https:\/\/www.europesays.com\/fr\/wp-json\/wp\/v2\/comments?post=344197"}],"version-history":[{"count":0,"href":"https:\/\/www.europesays.com\/fr\/wp-json\/wp\/v2\/posts\/344197\/revisions"}],"wp:featuredmedia":[{"embeddable":true,"href":"https:\/\/www.europesays.com\/fr\/wp-json\/wp\/v2\/media\/344198"}],"wp:attachment":[{"href":"https:\/\/www.europesays.com\/fr\/wp-json\/wp\/v2\/media?parent=344197"}],"wp:term":[{"taxonomy":"category","embeddable":true,"href":"https:\/\/www.europesays.com\/fr\/wp-json\/wp\/v2\/categories?post=344197"},{"taxonomy":"post_tag","embeddable":true,"href":"https:\/\/www.europesays.com\/fr\/wp-json\/wp\/v2\/tags?post=344197"}],"curies":[{"name":"wp","href":"https:\/\/api.w.org\/{rel}","templated":true}]}}