{"id":344199,"date":"2025-08-26T02:34:16","date_gmt":"2025-08-26T02:34:16","guid":{"rendered":"https:\/\/www.europesays.com\/fr\/344199\/"},"modified":"2025-08-26T02:34:16","modified_gmt":"2025-08-26T02:34:16","slug":"leurope-ouvre-en-baisse-apres-le-discours-de-powell-a-jackson-hole-25-08-2025-a-0923","status":"publish","type":"post","link":"https:\/\/www.europesays.com\/fr\/344199\/","title":{"rendered":"L&rsquo;Europe ouvre en baisse apr\u00e8s le discours de Powell \u00e0 Jackson Hole &#8211; 25\/08\/2025 \u00e0 09:23"},"content":{"rendered":"<p>        <img fetchpriority=\"high\" decoding=\"async\" src=\"https:\/\/www.europesays.com\/fr\/wp-content\/uploads\/2025\/08\/6ac72d79ad73f02134d2d504d056ff5a-760x375.jpg\" alt=\"Le graphique de l'indice allemand des prix des actions DAX est photographi\u00e9 \u00e0 la bourse de Francfort\" loading=\"eager\" width=\"760\" height=\"375\" style=\"max-width: 100%!important; height: auto;\"\/><\/p>\n<p class=\"c-image-news__legend\">Le graphique de l&rsquo;indice allemand des prix des actions DAX est photographi\u00e9 \u00e0 la bourse de Francfort<\/p>\n<p>\n Les principales Bourses europ\u00e9ennes reprennent leur souffle et sont en baisse en d\u00e9but de s\u00e9ance lundi, apr\u00e8s le discours du pr\u00e9sident de la R\u00e9serve f\u00e9d\u00e9rale am\u00e9ricaine (Fed), \u00e0 Jackson Hole, qui a aid\u00e9 \u00e0 renforcer les anticipations d&rsquo;une baisse des taux en septembre aux Etats-Unis.\n<\/p>\n<p>\n \u00c0 Paris, le CAC 40 perd 0,41% \u00e0 7.937,34 points vers 07h03 GMT et \u00e0 Francfort, le Dax recule de 0,53%. La Bourse de Londres est ferm\u00e9e aujourd&rsquo;hui en raison d&rsquo;un jour f\u00e9ri\u00e9.\n<\/p>\n<p>\n L&rsquo;indice EuroStoxx 50 est en baisse de 0,38%, le FTSEurofirst 300 recule de 0,31% et le Stoxx 600 abandonne 0,27%.\n<\/p>\n<p>\n Vendredi, le pr\u00e9sident de la Fed, Jerome Powell, a \u00e9voqu\u00e9 une possible baisse des taux lors de la r\u00e9union de la banque centrale de septembre, sans avoir pris d&rsquo;engagement ferme, reconnaissant les risques croissants pour le march\u00e9 du travail tout en affirmant que la possibilit\u00e9 d&rsquo;une inflation plus \u00e9lev\u00e9e persistait.\n<\/p>\n<p>\n Le pr\u00e9sident de la Fed de New York, John Williams, doit s&rsquo;exprimer plus tard dans la journ\u00e9e de lundi, et les investisseurs seront attentifs \u00e0 ses propos pour savoir s&rsquo;il partage la vision de Jerome Powell en mati\u00e8re de politique mon\u00e9taire.\n<\/p>\n<p>\n Aux valeurs, \u00e0 Paris, Valneva, lanterne rouge du SBF 120, abandonne 26,46% apr\u00e8s avoir annonc\u00e9 lundi que l&rsquo;autorit\u00e9 de sant\u00e9 am\u00e9ricaine, la Food and drug administration (FDA), avait suspendu la licence de son vaccin contre le chikungunya IXCHIQ aux Etats-Unis, apr\u00e8s de nouveaux cas d\u2019effets ind\u00e9sirables graves.\n<\/p>\n<p>\n Ailleurs en Europe, JDE Peet&rsquo;s prend 17,78% apr\u00e8s que Keurig Dr Pepper a annonc\u00e9 l&rsquo;acquisition du groupe n\u00e9erlandais pour 15,7 milliards d&rsquo;euros.\n<\/p>\n<p>\n Orsted abandonne 18,22% apr\u00e8s avoir re\u00e7u l&rsquo;ordre de l&rsquo;administration Trump de mettre fin \u00e0 la construction tr\u00e8s avanc\u00e9e d&rsquo;un projet \u00e9olien offshore pr\u00e8s de Rhode Island, une d\u00e9cision qui risque d&rsquo;aggraver les difficult\u00e9s financi\u00e8res de l&rsquo;entreprise.\n<\/p>\n<p>\n (R\u00e9dig\u00e9 par Mara V\u00eelcu, \u00e9dit\u00e9 par Blandine H\u00e9nault)<\/p>\n","protected":false},"excerpt":{"rendered":"Le graphique de l&rsquo;indice allemand des prix des actions DAX est photographi\u00e9 \u00e0 la bourse de Francfort Les&hellip;\n","protected":false},"author":2,"featured_media":344200,"comment_status":"","ping_status":"","sticky":false,"template":"","format":"standard","meta":{"footnotes":""},"categories":[1586],"tags":[400,11,398,408,405,1777,674,1011,27,403,402,399,404,12,25,401,406,407],"class_list":{"0":"post-344199","1":"post","2":"type-post","3":"status-publish","4":"format-standard","5":"has-post-thumbnail","7":"category-europe","8":"tag-action-cac-40","9":"tag-actualites","10":"tag-bourse-de-paris","11":"tag-boursorama","12":"tag-cotations","13":"tag-eu","14":"tag-europe","15":"tag-fr","16":"tag-france","17":"tag-indices-devises","18":"tag-investir","19":"tag-investissement","20":"tag-marche-boursier","21":"tag-news","22":"tag-republique-francaise","23":"tag-sicav","24":"tag-trackers","25":"tag-warrants"},"share_on_mastodon":{"url":"https:\/\/pubeurope.com\/@fr\/115092735430793039","error":""},"_links":{"self":[{"href":"https:\/\/www.europesays.com\/fr\/wp-json\/wp\/v2\/posts\/344199","targetHints":{"allow":["GET"]}}],"collection":[{"href":"https:\/\/www.europesays.com\/fr\/wp-json\/wp\/v2\/posts"}],"about":[{"href":"https:\/\/www.europesays.com\/fr\/wp-json\/wp\/v2\/types\/post"}],"author":[{"embeddable":true,"href":"https:\/\/www.europesays.com\/fr\/wp-json\/wp\/v2\/users\/2"}],"replies":[{"embeddable":true,"href":"https:\/\/www.europesays.com\/fr\/wp-json\/wp\/v2\/comments?post=344199"}],"version-history":[{"count":0,"href":"https:\/\/www.europesays.com\/fr\/wp-json\/wp\/v2\/posts\/344199\/revisions"}],"wp:featuredmedia":[{"embeddable":true,"href":"https:\/\/www.europesays.com\/fr\/wp-json\/wp\/v2\/media\/344200"}],"wp:attachment":[{"href":"https:\/\/www.europesays.com\/fr\/wp-json\/wp\/v2\/media?parent=344199"}],"wp:term":[{"taxonomy":"category","embeddable":true,"href":"https:\/\/www.europesays.com\/fr\/wp-json\/wp\/v2\/categories?post=344199"},{"taxonomy":"post_tag","embeddable":true,"href":"https:\/\/www.europesays.com\/fr\/wp-json\/wp\/v2\/tags?post=344199"}],"curies":[{"name":"wp","href":"https:\/\/api.w.org\/{rel}","templated":true}]}}