{"id":344209,"date":"2025-08-26T02:42:10","date_gmt":"2025-08-26T02:42:10","guid":{"rendered":"https:\/\/www.europesays.com\/fr\/344209\/"},"modified":"2025-08-26T02:42:10","modified_gmt":"2025-08-26T02:42:10","slug":"xv-de-france-cest-termine-la-decision-radicale-dantoine-dupont","status":"publish","type":"post","link":"https:\/\/www.europesays.com\/fr\/344209\/","title":{"rendered":"XV de France : C\u2019est termin\u00e9, la d\u00e9cision radicale d\u2019Antoine Dupont !"},"content":{"rendered":"<p>                    Arthur Montagne<br \/>\n                        &#8211;<\/p>\n<p>Journaliste<\/p>\n<p>Affam\u00e9 de sport, il a grandi au son des moteurs de Formule 1 et des exploits de Ronaldinho. Aujourd\u2019hui, diplom\u00e9 d&rsquo;un Master de journalisme de sport, il ne rate plus un Grand Prix de F1 ni un match du PSG, ses deux passions et sp\u00e9cialit\u00e9s<\/p>\n<p class=\"heading\">Pr\u00e9sent avec le Stade Toulousain lors du stage en Bretagne, Antoine Dupont refuse toutefois de prendre le moindre risque quant \u00e0 son retour \u00e0 la comp\u00e9tition. Le capitaine du XV de France a d&rsquo;ores d\u00e9j\u00e0 d\u00e9cid\u00e9 de ne pas prendre part \u00e0 la tourn\u00e9e d&rsquo;automne. On ne reverra donc plus Antoine Dupont avec le maillot des Bleus cette ann\u00e9e.<\/p>\n<p>Gravement bless\u00e9 lors du choc en Irlande durant le dernier <strong>Tournoi des VI Nations<\/strong>, <a href=\"https:\/\/le10sport.com\/rugby\/antoine-dupont-blesse-son-escapade-qui-fait-parler-755575\" rel=\"nofollow noopener\" target=\"_blank\">Antoine Dupont<\/a> a \u00e9t\u00e9 victime d&rsquo;une rupture des ligaments crois\u00e9s du genou droit. Une blessure qui a priv\u00e9 le capitaine du <strong>XV de France<\/strong> de la fin de saison en club, mais \u00e9galement de la tourn\u00e9e estivale des Bleus en <strong>Nouvelle-Z\u00e9lande<\/strong>. En pleine r\u00e9\u00e9ducation, <strong>Antoine Dupont<\/strong> refuse d&rsquo;ailleurs de br\u00fbler les \u00e9tapes.<\/p>\n<p>                                            Pas de tourn\u00e9e d&rsquo;automne pour Dupont<\/p>\n<p>Cela n&rsquo;a pas emp\u00each\u00e9 le demi-de-m\u00eal\u00e9e de se joindre \u00e0 ses co\u00e9quipiers du <strong>Stade Toulousain<\/strong> durant le stage de pr\u00e9paration en Bretagne. Pr\u00e9sent \u00e0 l&rsquo;entra\u00eenement, <strong>Antoine Dupont<\/strong> n&rsquo;a toutefois pas forc\u00e9 et refuse de pr\u00e9cipiter son retour comme l&rsquo;explique le Midi-Olympique. Le capitaine du <strong>XV de France<\/strong> ne change pas ses plans et mise sur un retour en douceur au mois de novembre, ce qui va le priver de la tourn\u00e9e d&rsquo;automne avec le Bleus qui affronteront en novembre l&rsquo;Afrique du Sud le 8, les Fidji le 15 et l&rsquo;Australie le 22.<\/p>\n<p>                                            Un retour en novembre ?<\/p>\n<p>D&rsquo;ailleurs, il y a quelques semaines, <strong>Antoine Dupont<\/strong> d\u00e9voilait ses plans pour son grands retours. \u00ab On en sera alors \u00e0 huit mois depuis ma blessure au genou droit. Je me dis que c&rsquo;est d\u00e9j\u00e0 un d\u00e9lai raisonnable. J&rsquo;esp\u00e8re que tout se passera bien d&rsquo;ici l\u00e0 \u00bb, confiait-il dans les colonnes de L&rsquo;EQUIPE, avant d&rsquo;expliquer qu&rsquo;il ne prendrait surement pas le risque de participer \u00e0 la tourn\u00e9e d&rsquo;automne du <strong>XV de France<\/strong> : \u00ab Je ne suis pas s\u00fbr que ce serait tr\u00e8s intelligent de se presser, m\u00eame si c&rsquo;est toujours dur de manquer des rendez-vous internationaux. Il me reste encore quelques ann\u00e9es de carri\u00e8re, et des genoux, je n&rsquo;en ai que deux, dont un (le droit) qui est d\u00e9j\u00e0 bien ab\u00eem\u00e9 (c&rsquo;est sa deuxi\u00e8me blessure de ce type \u00e0 la m\u00eame articulation). Il faut donc que j&rsquo;en prenne soin. \u00bb Pour revoir <strong>Antoine Dupont<\/strong> en Bleus, il faudra donc attendre 2026.<\/p>\n","protected":false},"excerpt":{"rendered":"Arthur Montagne &#8211; Journaliste Affam\u00e9 de sport, il a grandi au son des moteurs de Formule 1 et&hellip;\n","protected":false},"author":2,"featured_media":344210,"comment_status":"","ping_status":"","sticky":false,"template":"","format":"standard","meta":{"footnotes":""},"categories":[1416],"tags":[1011,27,479,1468,60],"class_list":{"0":"post-344209","1":"post","2":"type-post","3":"status-publish","4":"format-standard","5":"has-post-thumbnail","7":"category-rugby","8":"tag-fr","9":"tag-france","10":"tag-rugby","11":"tag-rugby-football","12":"tag-sports"},"share_on_mastodon":{"url":"https:\/\/pubeurope.com\/@fr\/115092766344185923","error":""},"_links":{"self":[{"href":"https:\/\/www.europesays.com\/fr\/wp-json\/wp\/v2\/posts\/344209","targetHints":{"allow":["GET"]}}],"collection":[{"href":"https:\/\/www.europesays.com\/fr\/wp-json\/wp\/v2\/posts"}],"about":[{"href":"https:\/\/www.europesays.com\/fr\/wp-json\/wp\/v2\/types\/post"}],"author":[{"embeddable":true,"href":"https:\/\/www.europesays.com\/fr\/wp-json\/wp\/v2\/users\/2"}],"replies":[{"embeddable":true,"href":"https:\/\/www.europesays.com\/fr\/wp-json\/wp\/v2\/comments?post=344209"}],"version-history":[{"count":0,"href":"https:\/\/www.europesays.com\/fr\/wp-json\/wp\/v2\/posts\/344209\/revisions"}],"wp:featuredmedia":[{"embeddable":true,"href":"https:\/\/www.europesays.com\/fr\/wp-json\/wp\/v2\/media\/344210"}],"wp:attachment":[{"href":"https:\/\/www.europesays.com\/fr\/wp-json\/wp\/v2\/media?parent=344209"}],"wp:term":[{"taxonomy":"category","embeddable":true,"href":"https:\/\/www.europesays.com\/fr\/wp-json\/wp\/v2\/categories?post=344209"},{"taxonomy":"post_tag","embeddable":true,"href":"https:\/\/www.europesays.com\/fr\/wp-json\/wp\/v2\/tags?post=344209"}],"curies":[{"name":"wp","href":"https:\/\/api.w.org\/{rel}","templated":true}]}}