{"id":344211,"date":"2025-08-26T02:43:16","date_gmt":"2025-08-26T02:43:16","guid":{"rendered":"https:\/\/www.europesays.com\/fr\/344211\/"},"modified":"2025-08-26T02:43:16","modified_gmt":"2025-08-26T02:43:16","slug":"caroline-garcia-fait-ses-adieux-au-tennis-apres-sa-defaite-a-lus-open","status":"publish","type":"post","link":"https:\/\/www.europesays.com\/fr\/344211\/","title":{"rendered":"Caroline Garcia fait ses adieux au tennis apr\u00e8s sa d\u00e9faite \u00e0 l\u2019US Open"},"content":{"rendered":"<p>                          <img loading=\"lazy\" decoding=\"async\" src=\"https:\/\/www.europesays.com\/fr\/wp-content\/uploads\/2025\/08\/e2ee026_ftp-import-images-1-2ljebhqicq4x-5713919-01-06.jpg\" alt=\"Caroline Garcia, lors du dernier match de sa carri\u00e8re, le 25\u00a0ao\u00fbt\u00a02025, \u00e0 l\u2019US Open contre Kamilla Rakhimova, \u00e0\u00a0New York.\"   width=\"664\" height=\"443\"\/>    Caroline Garcia, lors du dernier match de sa carri\u00e8re, le 25\u00a0ao\u00fbt\u00a02025, \u00e0 l\u2019US Open contre Kamilla Rakhimova, \u00e0\u00a0New York.  MATTHEW STOCKMAN \/ AFP                          <\/p>\n<p class=\"article__paragraph  \">Elle n\u2019aura pas donn\u00e9 raison \u00e0 l\u2019ancien joueur Andy Murray qui voyait en elle, en\u00a02011, une future num\u00e9ro un\u00a0mondiale, alors qu\u2019elle malmenait Maria Sharapova \u00e0 Roland-Garros. Mais Caroline Garcia n\u2019aura pas \u00e0 rougir de sa carri\u00e8re sur laquelle le rideau est tomb\u00e9, lundi 25\u00a0ao\u00fbt, au premier tour de l\u2019US Open de tennis, \u00e0 New York.<\/p>\n<p>                                            Lire aussi |  Article r\u00e9serv\u00e9 \u00e0 nos abonn\u00e9s  <a href=\"https:\/\/www.lemonde.fr\/sport\/article\/2025\/05\/23\/caroline-garcia-annonce-la-fin-de-sa-carriere-mais-disputera-roland-garros_6607900_3242.html\" class=\"js-article-read-also catcher--favoris__link\" data-premium=\"1\" id=\"article-title-3422332\" rel=\"nofollow noopener\" target=\"_blank\">Caroline Garcia annonce la fin de sa carri\u00e8re, mais disputera Roland-Garros<\/a>    <\/p>\n<p>   Lire plus tard  <\/p>\n<p class=\"article__paragraph  \">A 31\u00a0ans, la Fran\u00e7aise, \u00e9limin\u00e9e en trois sets (4-6, 6-4, 3-6) par la Russe Kamilla Rakhimova, quitte \u2013 comme elle l\u2019avait annonc\u00e9 \u2013 le circuit avec onze\u00a0titres en simple, deux sacres en double \u00e0 Roland-Garros (en\u00a02016\u00a0et en\u00a02022\u00a0avec Kristina Mladenovic) et une victoire en Fed Cup avec la France, en\u00a02019.<\/p>\n<p class=\"article__paragraph  \">Pour son dernier tour de piste, la Lyonnaise a offert un beau combat aux spectateurs new-yorkais du court num\u00e9ro\u00a06. Elle s\u2019est accroch\u00e9e et a failli remonter un break de retard dans le set d\u00e9cisif. Mais elle a fini par c\u00e9der face \u00e0 la 65e joueuse mondiale. C\u2019est la m\u00eame Rakhimova que Garcia avait domin\u00e9e au premier tour de son \u00e9pop\u00e9e jusqu\u2019aux demi-finales de l\u2019US Open en\u00a02022, son meilleur r\u00e9sultat en Grand Chelem.<\/p>\n<p>                    \u00ab\u00a0Je suis tr\u00e8s en paix avec ma d\u00e9cision\u00a0\u00bb                    <\/p>\n<p class=\"article__paragraph  \">La balle de match perdue, la Fran\u00e7aise est all\u00e9e s\u2019asseoir sur son banc, les yeux embu\u00e9s de larmes, avant de s\u2019avancer en souriant vers le micro tendu, une fois n\u2019est pas coutume, \u00e0 la perdante du match pour une br\u00e8ve c\u00e9r\u00e9monie d\u2019adieu. \u00ab\u00a0Le tennis m\u2019a tellement apport\u00e9\u00a0\u00bb, a\u00a0d\u00e9clar\u00e9 Caroline Garcia sous le regard bienveillant de son entra\u00eeneur, Bertrand Perret, du pr\u00e9sident de la F\u00e9d\u00e9ration fran\u00e7aise de tennis (FFT), Gilles Moretton, et de son mari Borja Duran, qu\u2019elle a \u00e9pous\u00e9 en juillet. \u00ab\u00a0Je suis tr\u00e8s en paix avec ma d\u00e9cision. Souffrir comme \u00e7a sur le court, je n\u2019en suis plus capable\u00a0\u00bb, a conclu la d\u00e9sormais ex-joueuse.<\/p>\n<p class=\"article__paragraph  \">Apr\u00e8s avoir re\u00e7u des organisateurs de l\u2019US Open un bouquet de fleurs blanches et un cadre \u00e0\u00a0son effigie, Caroline Garcia a travers\u00e9 une derni\u00e8re fois le court en courant bras \u00e9cart\u00e9s, sa c\u00e9l\u00e9bration personnelle baptis\u00e9e \u00ab\u00a0Fly with Caro\u00a0\u00bb. Elle a termin\u00e9 sa course dans les bras de son clan avant de quitter le court pour refermer un chapitre de sa vie. Apr\u00e8s Richard Gasquet, parti \u00e0 la retraite en mai \u00e0 Roland-Garros, le tennis fran\u00e7ais perd une deuxi\u00e8me figure marquante en quelques mois.<\/p>\n<p>                                       Lire aussi |  Article r\u00e9serv\u00e9 \u00e0 nos abonn\u00e9s  <a href=\"https:\/\/www.lemonde.fr\/sport\/article\/2025\/05\/26\/les-destins-croises-richard-gasquet-et-caroline-a-roland-garros_6608675_3242.html\" class=\"js-article-read-also catcher--favoris__link\" data-premium=\"1\" id=\"article-title-3424326\" rel=\"nofollow noopener\" target=\"_blank\">Les destins crois\u00e9s de Richard Gasquet et Caroline Garcia \u00e0 Roland-Garros<\/a>    <\/p>\n<p>   Lire plus tard  <\/p>\n<p class=\"article__paragraph  \">Apr\u00e8s une premi\u00e8re pause loin du circuit, fin 2024, pour se ressourcer mentalement, Caroline Garcia \u00e9tait revenue sur le circuit en d\u00e9but d\u2019ann\u00e9e.<\/p>\n<p class=\"article__paragraph  \">La Fran\u00e7aise, qui a d\u00e9j\u00e0 exprim\u00e9 son envie de fonder une famille, a cultiv\u00e9 une relation ambivalente avec le tennis professionnel. \u00ab\u00a0Depuis mes d\u00e9buts, le tennis a toujours repr\u00e9sent\u00e9 bien plus que des victoires ou des d\u00e9faites\u00a0\u00bb, soulignait-elle, le 23\u00a0mai, quand elle a choisi d\u2019annoncer qu\u2019elle vivait ses \u00ab\u00a0derni\u00e8res semaines\u00a0\u00bb sur le circuit WTA, \u00e0 deux jours du coup d\u2019envoi de son ultime Roland-Garros. \u00ab\u00a0C\u2019\u00e9tait l\u2019amour ou la haine. La joie ou la frustration\u00a0\u00bb, poursuivait celle qui, toute jeune, s\u2019est essay\u00e9e \u00e0 la danse et au basket avant de craquer pour la\u00a0petite balle jaune.<\/p>\n<p>                    Jeu agressif                    <\/p>\n<p class=\"article__paragraph  \">\u00ab\u00a0Il y a quand m\u00eame beaucoup de Fran\u00e7aises qui r\u00eaveraient d\u2019avoir cette carri\u00e8re\u00a0\u00bb, la complimentait, en mai, sa compatriote L\u00e9olia Jeanjean, \u00ab\u00a0tr\u00e8s copine\u00a0\u00bb avec la Lyonnaise du temps o\u00f9 elles jouaient en double chez les juniors. \u00ab\u00a0C\u2019est une immense championne avec une carri\u00e8re incroyable, a applaudi Chlo\u00e9 Paquet, une autre contemporaine.\u00a0Elle a \u00e9t\u00e9 un exemple pour moi.\u00a0\u00bb<\/p>\n<p> Newsletter  <\/p>\n<p> <a href=\"https:\/\/www.lemonde.fr\/newsletters\/sport\/\" class=\"inread__link js-services-inread-link\" target=\"_blank\" rel=\"nofollow noopener\">  <\/p>\n<p>\u00ab Sport \u00bb<\/p>\n<p>Enqu\u00eates, reportages, analyses : l&rsquo;actualit\u00e9 du sport dans votre bo\u00eete e-mail chaque samedi<\/p>\n<p>S&rsquo;inscrire<\/p>\n<p> <\/a>          <\/p>\n<p> Le Monde Guides d\u2019achat  <\/p>\n<p> <a href=\"https:\/\/www.lemonde.fr\/guides-d-achat\/article\/2018\/06\/30\/les-meilleurs-antivols-pour-attacher-son-velo_5323670_5306571.html\" class=\"inread__link js-services-inread-link\" target=\"_blank\" rel=\"nofollow noopener\">  <\/p>\n<p>Cadenas de v\u00e9lo<\/p>\n<p>Les meilleurs cadenas de v\u00e9lo<\/p>\n<p>Lire<\/p>\n<p> <\/a>      <\/p>\n<p> Newsletter  <\/p>\n<p> <a href=\"https:\/\/www.lemonde.fr\/newsletters\/sport\/\" class=\"inread__link js-services-inread-link\" target=\"_blank\" rel=\"nofollow noopener\">  <\/p>\n<p>\u00ab Sport \u00bb<\/p>\n<p>Enqu\u00eates, reportages, analyses : l&rsquo;actualit\u00e9 du sport dans votre bo\u00eete e-mail chaque samedi<\/p>\n<p>S&rsquo;inscrire<\/p>\n<p> <\/a>             <\/p>\n<p class=\"article__paragraph  \">\u00ab\u00a0L\u2019ann\u00e9e derni\u00e8re, j\u2019ai arr\u00eat\u00e9 en pensant que je d\u00e9testais le tennis et que \u00e7a ne m\u2019avait apport\u00e9 que des choses n\u00e9gatives\u00a0\u00bb, confiait Caroline Garcia, vendredi, \u00e0 l\u2019Agence France-Presse. \u00ab\u00a0C\u2019est pour \u00e7a que j\u2019ai voulu revenir pour faire une ann\u00e9e de plus. J\u2019aurais voulu jouer plus, mais le corps n\u2019a pas \u00e9t\u00e9 d\u2019accord\u00a0\u00bb, a-t-elle ajout\u00e9.<\/p>\n<p>                                       Lire le portrait :  <a href=\"https:\/\/www.lemonde.fr\/sport\/article\/2022\/11\/08\/tennis-caroline-garcia-remporte-le-masters-wta-un-sacre-au-gout-de-revanche_6148895_3242.html\" class=\"js-article-read-also catcher--favoris__link\" data-premium=\"\" id=\"article-title-3296885\" rel=\"nofollow noopener\" target=\"_blank\">Caroline Garcia remporte le Masters WTA, un sacre au go\u00fbt de revanche<\/a>    <\/p>\n<p>   Lire plus tard  <\/p>\n<p class=\"article__paragraph  \">Sans jamais les atteindre, la Fran\u00e7aise, avec son jeu agressif et risqu\u00e9, aura n\u00e9anmoins tutoy\u00e9 les sommets en occupant la quatri\u00e8me place mondiale en\u00a02018\u00a0puis en\u00a02022\u00a0apr\u00e8s sa victoire aux prestigieux Masters WTA, sur le sol am\u00e9ricain, au Texas.<\/p>\n<p class=\"article__paragraph  \">\u00ab\u00a0J\u2019ai toujours essay\u00e9 de faire du mieux que je pouvais avec ce que j\u2019avais\u00a0\u00bb, a reconnu Caroline Garcia, en conf\u00e9rence de presse, apr\u00e8s son dernier match, lundi. \u00ab\u00a0\u00c7a a \u00e9t\u00e9 une belle et longue carri\u00e8re\u00a0\u00bb, a admis la Fran\u00e7aise qui souhaite que le public retienne qu\u2019elle a \u00ab\u00a0toujours jou\u00e9 avec passion, avec toutes [s]es \u00e9motions, qu\u2019elles aient \u00e9t\u00e9 bonnes ou mauvaises.\u00a0\u00bb<\/p>\n<p class=\"author__detail\">  Le Monde avec AFP  <\/p>\n<p>                  <a href=\"https:\/\/www.lemonde.fr\/syndication\/\" class=\"reuse__content\" title=\"R\u00e9utiliser ce contenu\" target=\"_blank\" rel=\"nofollow noopener\">R\u00e9utiliser ce contenu<\/a>      <\/p>\n","protected":false},"excerpt":{"rendered":"Caroline Garcia, lors du dernier match de sa carri\u00e8re, le 25\u00a0ao\u00fbt\u00a02025, \u00e0 l\u2019US Open contre Kamilla Rakhimova, \u00e0\u00a0New&hellip;\n","protected":false},"author":2,"featured_media":344212,"comment_status":"","ping_status":"","sticky":false,"template":"","format":"standard","meta":{"footnotes":""},"categories":[1415],"tags":[1011,27,60,1467],"class_list":{"0":"post-344211","1":"post","2":"type-post","3":"status-publish","4":"format-standard","5":"has-post-thumbnail","7":"category-tennis","8":"tag-fr","9":"tag-france","10":"tag-sports","11":"tag-tennis"},"share_on_mastodon":{"url":"https:\/\/pubeurope.com\/@fr\/115092770186889558","error":""},"_links":{"self":[{"href":"https:\/\/www.europesays.com\/fr\/wp-json\/wp\/v2\/posts\/344211","targetHints":{"allow":["GET"]}}],"collection":[{"href":"https:\/\/www.europesays.com\/fr\/wp-json\/wp\/v2\/posts"}],"about":[{"href":"https:\/\/www.europesays.com\/fr\/wp-json\/wp\/v2\/types\/post"}],"author":[{"embeddable":true,"href":"https:\/\/www.europesays.com\/fr\/wp-json\/wp\/v2\/users\/2"}],"replies":[{"embeddable":true,"href":"https:\/\/www.europesays.com\/fr\/wp-json\/wp\/v2\/comments?post=344211"}],"version-history":[{"count":0,"href":"https:\/\/www.europesays.com\/fr\/wp-json\/wp\/v2\/posts\/344211\/revisions"}],"wp:featuredmedia":[{"embeddable":true,"href":"https:\/\/www.europesays.com\/fr\/wp-json\/wp\/v2\/media\/344212"}],"wp:attachment":[{"href":"https:\/\/www.europesays.com\/fr\/wp-json\/wp\/v2\/media?parent=344211"}],"wp:term":[{"taxonomy":"category","embeddable":true,"href":"https:\/\/www.europesays.com\/fr\/wp-json\/wp\/v2\/categories?post=344211"},{"taxonomy":"post_tag","embeddable":true,"href":"https:\/\/www.europesays.com\/fr\/wp-json\/wp\/v2\/tags?post=344211"}],"curies":[{"name":"wp","href":"https:\/\/api.w.org\/{rel}","templated":true}]}}