{"id":344213,"date":"2025-08-26T02:45:19","date_gmt":"2025-08-26T02:45:19","guid":{"rendered":"https:\/\/www.europesays.com\/fr\/344213\/"},"modified":"2025-08-26T02:45:19","modified_gmt":"2025-08-26T02:45:19","slug":"marc-marquez-marque-les-esprits-en-remportant-le-premier-grand-prix-de-motogp-de-la-saison","status":"publish","type":"post","link":"https:\/\/www.europesays.com\/fr\/344213\/","title":{"rendered":"Marc Marquez marque les esprits en remportant le premier Grand Prix de MotoGP de la saison"},"content":{"rendered":"<p>                          <img loading=\"lazy\" decoding=\"async\" src=\"https:\/\/www.europesays.com\/fr\/wp-content\/uploads\/2025\/08\/fbdcb7c_ftp-import-images-1-8fxys10jpqx5-5194045-01-06.jpg\" alt=\"Le pilote espagnol de Ducati Marc Marquez m\u00e8ne le peloton lors du Grand Prix de Tha\u00eflande de MotoGP sur le circuit international de Buriram, le 2\u00a0mars\u00a02025.\"   width=\"664\" height=\"443\"\/>    Le pilote espagnol de Ducati Marc Marquez m\u00e8ne le peloton lors du Grand Prix de Tha\u00eflande de MotoGP sur le circuit international de Buriram, le 2\u00a0mars\u00a02025.  LILLIAN SUWANRUMPHA \/ AFP                          <\/p>\n<p class=\"article__paragraph  \">C\u2019est un week-end parfait pour Marc Marquez et le signe qu\u2019avec la meilleure moto du plateau, l\u2019octuple champion du monde (dont six fois dans la cat\u00e9gorie reine) demeure un redoutable pilote. Au guidon de sa Ducati, l\u2019\u00e9quipe italienne qu\u2019il a rejoint cette saison, l\u2019Espagnol de 32\u00a0ans a remport\u00e9 le premier Grand Prix de MotoGP de la saison, dimanche 2\u00a0mars, sur le circuit de Burinam en Tha\u00eflande et rappel\u00e9 qu\u2019il sera l\u2019un des deux grands favoris au titre, avec son co\u00e9quipier et concurrent, Francesco Bagnaia, qui a termin\u00e9 3\u1d49. Alex Marquez compl\u00e8te le podium avec la 2\u1d49\u00a0place.<\/p>\n<p class=\"article__paragraph  \">Samedi, Marc Marquez avait d\u00e9croch\u00e9 la pole position, puis domin\u00e9 facilement la course sprint. Au lendemain de cette premi\u00e8re journ\u00e9e id\u00e9ale, l\u2019Espagnol n\u2019a pas trembl\u00e9, de nouveau, mais a v\u00e9cu un Grand Prix moins lin\u00e9aire. Au 7\u1d49\u00a0tour, il a sciemment c\u00e9d\u00e9 sa place de leader \u00e0 son fr\u00e8re, Alex Marquez, pour faire remonter la pression de ses pneus, au risque de se voir infliger une p\u00e9nalit\u00e9 de seize secondes.<\/p>\n<p class=\"article__paragraph  \">Deuxi\u00e8me pendant une bonne partie de l\u2019\u00e9preuve, en gestion, Marc Marquez a finalement repris la t\u00eate \u00e0 quatre tours de la fin pour s\u2019envoler et remporter sa 63\u1d49\u00a0victoire en MotoGP. \u00ab\u00a0Marc a jou\u00e9 avec nous pendant toute la course\u00a0\u00bb, a reconnu Francesco Bagnaia, champion du monde en\u00a02022 et en\u00a02023, qui devra lutter tout au long de la saison pour mater son nouveau co\u00e9quipier afin de remporter un troisi\u00e8me sacre.<\/p>\n<p>                    Marc Marquez veut \u00e9galer Valentino Rossi                    <\/p>\n<p class=\"article__paragraph  \">En l\u2019absence de Jorge Martin, tenant du titre, bless\u00e9 et absent lors des premi\u00e8res semaines de comp\u00e9tition, Marc Marquez frappe un grand coup et assume son ambition de d\u00e9crocher une neuvi\u00e8me couronne mondiale, pour \u00e9galer l\u2019Italien Valentino Rossi. \u00ab\u00a0Hier, j\u2019\u00e9tais content. Aujourd\u2019hui, je suis super content. C\u2019est un r\u00eave. Je commence ma collaboration avec Ducati de la meilleure des mani\u00e8res. C\u2019est incroyable\u00a0\u00bb, savourait-il apr\u00e8s l\u2019arriv\u00e9e.<\/p>\n<p>                                       Lire aussi |  Article r\u00e9serv\u00e9 \u00e0 nos abonn\u00e9s  <a href=\"https:\/\/www.lemonde.fr\/sport\/article\/2025\/02\/28\/vers-un-duel-100-ducati-pour-le-titre-de-champion-du-monde-des-pilotes-en-motogp_6568704_3242.html\" class=\"js-article-read-also catcher--favoris__link\" data-premium=\"1\" id=\"article-title-3407765\" target=\"_blank\" rel=\"noopener\">MotoGP\u00a0: vers un duel 100\u00a0% Ducati pour le titre de champion du monde des pilotes<\/a>    <\/p>\n<p>   Lire plus tard  <\/p>\n<p class=\"article__paragraph  \">Six ans apr\u00e8s son dernier sacre, Marc Marquez esp\u00e8re mettre d\u00e9finitivement derri\u00e8re lui les nombreux p\u00e9pins physiques qui l\u2019ont longtemps frein\u00e9 ces derni\u00e8res saisons. Entre 2020 et 2023, l\u2019Espagnol a subi plusieurs op\u00e9rations qui l\u2019ont emp\u00each\u00e9 d\u2019effectuer des saisons compl\u00e8tes. Avec Ducati, il peut de nouveau r\u00eaver de titre. Mais \u00ab\u00a0le championnat est long\u00a0\u00bb, comme l\u2019a rappel\u00e9 Francesco Bagnaia samedi, puisqu\u2019il y aura encore vingt et un Grands Prix \u00e0 disputer.<\/p>\n<p class=\"article__paragraph  \">Du c\u00f4t\u00e9 des Fran\u00e7ais, la bonne surprise est venue de Johann Zarco, qui a franchi la ligne \u00e0 Burinam en 7\u1d49\u00a0position. Le doyen de la MotoGP, 34\u00a0ans, n\u2019avait jamais termin\u00e9 au-dessus de la 8\u1d49\u00a0place la saison derni\u00e8re. Apr\u00e8s avoir termin\u00e9 7e du sprint samedi, Fabio Quartararo, champion du monde en\u00a02021, a achev\u00e9 ce premier Grand Prix de la saison 2025\u00a0\u00e0 une d\u00e9cevante 15\u1d49\u00a0place.<\/p>\n<p class=\"article__author-container\"> <a class=\"article__author-link\" href=\"https:\/\/www.lemonde.fr\/signataires\/service-sports\/\" target=\"_blank\" rel=\"noopener\"> Service Sports<\/a>  <\/p>\n<p>                  <a href=\"https:\/\/www.lemonde.fr\/syndication\/\" class=\"reuse__content\" title=\"R\u00e9utiliser ce contenu\" target=\"_blank\" rel=\"noopener\">R\u00e9utiliser ce contenu<\/a>      <\/p>\n","protected":false},"excerpt":{"rendered":"Le pilote espagnol de Ducati Marc Marquez m\u00e8ne le peloton lors du Grand Prix de Tha\u00eflande de MotoGP&hellip;\n","protected":false},"author":2,"featured_media":344214,"comment_status":"","ping_status":"","sticky":false,"template":"","format":"standard","meta":{"footnotes":""},"categories":[1413],"tags":[1011,27,1457,1456,60],"class_list":{"0":"post-344213","1":"post","2":"type-post","3":"status-publish","4":"format-standard","5":"has-post-thumbnail","7":"category-moto","8":"tag-fr","9":"tag-france","10":"tag-moto","11":"tag-motocycle","12":"tag-sports"},"share_on_mastodon":{"url":"https:\/\/pubeurope.com\/@fr\/115092778128580195","error":""},"_links":{"self":[{"href":"https:\/\/www.europesays.com\/fr\/wp-json\/wp\/v2\/posts\/344213","targetHints":{"allow":["GET"]}}],"collection":[{"href":"https:\/\/www.europesays.com\/fr\/wp-json\/wp\/v2\/posts"}],"about":[{"href":"https:\/\/www.europesays.com\/fr\/wp-json\/wp\/v2\/types\/post"}],"author":[{"embeddable":true,"href":"https:\/\/www.europesays.com\/fr\/wp-json\/wp\/v2\/users\/2"}],"replies":[{"embeddable":true,"href":"https:\/\/www.europesays.com\/fr\/wp-json\/wp\/v2\/comments?post=344213"}],"version-history":[{"count":0,"href":"https:\/\/www.europesays.com\/fr\/wp-json\/wp\/v2\/posts\/344213\/revisions"}],"wp:featuredmedia":[{"embeddable":true,"href":"https:\/\/www.europesays.com\/fr\/wp-json\/wp\/v2\/media\/344214"}],"wp:attachment":[{"href":"https:\/\/www.europesays.com\/fr\/wp-json\/wp\/v2\/media?parent=344213"}],"wp:term":[{"taxonomy":"category","embeddable":true,"href":"https:\/\/www.europesays.com\/fr\/wp-json\/wp\/v2\/categories?post=344213"},{"taxonomy":"post_tag","embeddable":true,"href":"https:\/\/www.europesays.com\/fr\/wp-json\/wp\/v2\/tags?post=344213"}],"curies":[{"name":"wp","href":"https:\/\/api.w.org\/{rel}","templated":true}]}}